{"id":15266,"date":"2016-01-29T19:49:49","date_gmt":"2016-01-29T19:49:49","guid":{"rendered":"http:\/\/www.agriatv.hu\/?p=15266"},"modified":"2016-01-29T19:49:49","modified_gmt":"2016-01-29T19:49:49","slug":"belefulladt-a-gabonaba-a-munkas","status":"publish","type":"post","link":"https:\/\/www.agriatv.hu\/?p=15266","title":{"rendered":"Belefulladt a gabon\u00e1ba a munk\u00e1s"},"content":{"rendered":"<p style=\"text-align: justify;\"><a href=\"https:\/\/www.agriatv.hu\/wp-content\/uploads\/2016\/01\/480837.720x405.jpg\" rel=\"attachment wp-att-15267\"><img loading=\"lazy\" decoding=\"async\" class=\"alignleft wp-image-15267\" src=\"https:\/\/www.agriatv.hu\/wp-content\/uploads\/2016\/01\/480837.720x405-300x169.jpg\" alt=\"480837.720x405\" width=\"163\" height=\"92\" srcset=\"https:\/\/www.agriatv.hu\/wp-content\/uploads\/2016\/01\/480837.720x405-300x169.jpg 300w, https:\/\/www.agriatv.hu\/wp-content\/uploads\/2016\/01\/480837.720x405.jpg 720w\" sizes=\"auto, (max-width: 163px) 100vw, 163px\" \/><\/a>Meghalt egy munk\u00e1s, miut\u00e1n beleesett a gabonat\u00e1rol\u00f3ba Erd\u0151telken egy mez\u0151gazdas\u00e1gi telephelyen. Koll\u00e9g\u00e1i vett\u00e9k \u00e9szre, hogy a f\u00e9rfi r\u00e9g\u00f3ta nem t\u00e9rt vissza a pihen\u0151j\u00e9b\u0151l, ez\u00e9rt keresni kezdt\u00e9k. A t\u0171zolt\u00f3k t\u00f6bb \u00f3r\u00e1n \u00e1t dolgoztak, mire leengedt\u00e9k a 4000 m\u00e1zs\u00e1nyi gabon\u00e1t, ott tal\u00e1lt\u00e1k meg a 61 \u00e9ves f\u00e9rfi holttest\u00e9t.<\/p>\n<p><a class=\"embedly-card\" href=\"http:\/\/tenyek.hu\/neoplayer\/tv2\/embed\/201344_belefulladt-a-gabonaba-a-munkas.html\/760\">T\u00c9NYEK \/ Belefulladt a gabon\u00e1ba a munk\u00e1s \/ tenyek.hu<\/a><br \/>\n<script src=\"\/\/cdn.embedly.com\/widgets\/platform.js\" async=\"\" charset=\"UTF-8\"><\/script><\/p>\n","protected":false},"excerpt":{"rendered":"<p>Meghalt egy munk\u00e1s, miut\u00e1n beleesett a gabonat\u00e1rol\u00f3ba Erd\u0151telken egy mez\u0151gazdas\u00e1gi telephelyen. Koll\u00e9g\u00e1i vett\u00e9k \u00e9szre, hogy a f\u00e9rfi r\u00e9g\u00f3ta nem t\u00e9rt vissza a pihen\u0151j\u00e9b\u0151l, ez\u00e9rt keresni kezdt\u00e9k. A t\u0171zolt\u00f3k t\u00f6bb \u00f3r\u00e1n \u00e1t dolgoztak, mire leengedt\u00e9k a 4000 m\u00e1zs\u00e1nyi gabon\u00e1t, ott tal\u00e1lt\u00e1k meg a 61 \u00e9ves f\u00e9rfi holttest\u00e9t.<br \/>\nT\u00c9NYEK \/ Belefulladt a gabon\u00e1ba a munk\u00e1s \/ tenyek.hu<\/p>\n","protected":false},"author":4,"featured_media":0,"comment_status":"closed","ping_status":"closed","sticky":false,"template":"","format":"standard","meta":{"footnotes":""},"categories":[5],"tags":[1729,2061,771],"class_list":["post-15266","post","type-post","status-publish","format-standard","hentry","category-kek-hirek","tag-erdotelek","tag-gabona","tag-halal"],"_links":{"self":[{"href":"https:\/\/www.agriatv.hu\/index.php?rest_route=\/wp\/v2\/posts\/15266","targetHints":{"allow":["GET"]}}],"collection":[{"href":"https:\/\/www.agriatv.hu\/index.php?rest_route=\/wp\/v2\/posts"}],"about":[{"href":"https:\/\/www.agriatv.hu\/index.php?rest_route=\/wp\/v2\/types\/post"}],"author":[{"embeddable":true,"href":"https:\/\/www.agriatv.hu\/index.php?rest_route=\/wp\/v2\/users\/4"}],"replies":[{"embeddable":true,"href":"https:\/\/www.agriatv.hu\/index.php?rest_route=%2Fwp%2Fv2%2Fcomments&post=15266"}],"version-history":[{"count":1,"href":"https:\/\/www.agriatv.hu\/index.php?rest_route=\/wp\/v2\/posts\/15266\/revisions"}],"predecessor-version":[{"id":15268,"href":"https:\/\/www.agriatv.hu\/index.php?rest_route=\/wp\/v2\/posts\/15266\/revisions\/15268"}],"wp:attachment":[{"href":"https:\/\/www.agriatv.hu\/index.php?rest_route=%2Fwp%2Fv2%2Fmedia&parent=15266"}],"wp:term":[{"taxonomy":"category","embeddable":true,"href":"https:\/\/www.agriatv.hu\/index.php?rest_route=%2Fwp%2Fv2%2Fcategories&post=15266"},{"taxonomy":"post_tag","embeddable":true,"href":"https:\/\/www.agriatv.hu\/index.php?rest_route=%2Fwp%2Fv2%2Ftags&post=15266"}],"curies":[{"name":"wp","href":"https:\/\/api.w.org\/{rel}","templated":true}]}}