{"id":15282,"date":"2016-02-03T19:25:39","date_gmt":"2016-02-03T19:25:39","guid":{"rendered":"http:\/\/www.agriatv.hu\/?p=15282"},"modified":"2016-02-03T19:25:39","modified_gmt":"2016-02-03T19:25:39","slug":"kitort-a-jarvany-influenza-miatt-zartak-be-az-iskolat","status":"publish","type":"post","link":"https:\/\/www.agriatv.hu\/?p=15282","title":{"rendered":"Kit\u00f6rt a j\u00e1rv\u00e1ny: influenza miatt z\u00e1rt\u00e1k be az iskol\u00e1t"},"content":{"rendered":"<p style=\"text-align: justify;\"><a href=\"https:\/\/www.agriatv.hu\/wp-content\/uploads\/2016\/02\/481419.720x405.jpg\" rel=\"attachment wp-att-15283\"><img loading=\"lazy\" decoding=\"async\" class=\"alignleft wp-image-15283\" src=\"https:\/\/www.agriatv.hu\/wp-content\/uploads\/2016\/02\/481419.720x405-300x169.jpg\" alt=\"481419.720x405\" width=\"178\" height=\"100\" srcset=\"https:\/\/www.agriatv.hu\/wp-content\/uploads\/2016\/02\/481419.720x405-300x169.jpg 300w, https:\/\/www.agriatv.hu\/wp-content\/uploads\/2016\/02\/481419.720x405.jpg 720w\" sizes=\"auto, (max-width: 178px) 100vw, 178px\" \/><\/a>Kit\u00f6rt az influenzaj\u00e1rv\u00e1ny. Egy h\u00e9t alatt majdnem h\u00faszezren mentek orvoshoz a betegs\u00e9g t\u00fcneteivel, ez hetven sz\u00e1zal\u00e9kkal t\u00f6bb, mint egy h\u00e9ttel kor\u00e1bban. A Heves megyei Verpel\u00e9ten h\u00e9tf\u0151ig rendk\u00edv\u00fcli tan\u00edt\u00e1si sz\u00fcnetet rendeltek el, mert a gyerekek t\u00f6bb mint fele \u00e1gynak esett.<\/p>\n<p><a class=\"embedly-card\" href=\"http:\/\/tenyek.hu\/neoplayer\/tv2\/embed\/201912_kitort-a-jarvany-influenza-miatt-zartak-be-az-iskolat.html\/760\">T\u00c9NYEK \/ Kit\u00f6rt a j\u00e1rv\u00e1ny: influenza miatt z\u00e1rt\u00e1k be az iskol\u00e1t \/ tenyek.hu<\/a><br \/>\n<script src=\"\/\/cdn.embedly.com\/widgets\/platform.js\" async=\"\" charset=\"UTF-8\"><\/script><\/p>\n","protected":false},"excerpt":{"rendered":"<p>Kit\u00f6rt az influenzaj\u00e1rv\u00e1ny. Egy h\u00e9t alatt majdnem h\u00faszezren mentek orvoshoz a betegs\u00e9g t\u00fcneteivel, ez hetven sz\u00e1zal\u00e9kkal t\u00f6bb, mint egy h\u00e9ttel kor\u00e1bban. A Heves megyei Verpel\u00e9ten h\u00e9tf\u0151ig rendk\u00edv\u00fcli tan\u00edt\u00e1si sz\u00fcnetet rendeltek el, mert a gyerekek t\u00f6bb mint fele \u00e1gynak esett.<br \/>\nT\u00c9NYEK \/ Kit\u00f6rt a j\u00e1rv\u00e1ny: influenza miatt z\u00e1rt\u00e1k be az iskol\u00e1t \/ tenyek.hu<\/p>\n","protected":false},"author":4,"featured_media":0,"comment_status":"closed","ping_status":"closed","sticky":false,"template":"","format":"standard","meta":{"footnotes":""},"categories":[19],"tags":[1932,133,2364,781],"class_list":["post-15282","post","type-post","status-publish","format-standard","hentry","category-egeszseg","tag-influenza","tag-iskola","tag-jarvany","tag-verpelet"],"_links":{"self":[{"href":"https:\/\/www.agriatv.hu\/index.php?rest_route=\/wp\/v2\/posts\/15282","targetHints":{"allow":["GET"]}}],"collection":[{"href":"https:\/\/www.agriatv.hu\/index.php?rest_route=\/wp\/v2\/posts"}],"about":[{"href":"https:\/\/www.agriatv.hu\/index.php?rest_route=\/wp\/v2\/types\/post"}],"author":[{"embeddable":true,"href":"https:\/\/www.agriatv.hu\/index.php?rest_route=\/wp\/v2\/users\/4"}],"replies":[{"embeddable":true,"href":"https:\/\/www.agriatv.hu\/index.php?rest_route=%2Fwp%2Fv2%2Fcomments&post=15282"}],"version-history":[{"count":2,"href":"https:\/\/www.agriatv.hu\/index.php?rest_route=\/wp\/v2\/posts\/15282\/revisions"}],"predecessor-version":[{"id":15285,"href":"https:\/\/www.agriatv.hu\/index.php?rest_route=\/wp\/v2\/posts\/15282\/revisions\/15285"}],"wp:attachment":[{"href":"https:\/\/www.agriatv.hu\/index.php?rest_route=%2Fwp%2Fv2%2Fmedia&parent=15282"}],"wp:term":[{"taxonomy":"category","embeddable":true,"href":"https:\/\/www.agriatv.hu\/index.php?rest_route=%2Fwp%2Fv2%2Fcategories&post=15282"},{"taxonomy":"post_tag","embeddable":true,"href":"https:\/\/www.agriatv.hu\/index.php?rest_route=%2Fwp%2Fv2%2Ftags&post=15282"}],"curies":[{"name":"wp","href":"https:\/\/api.w.org\/{rel}","templated":true}]}}