{"id":15286,"date":"2016-02-04T16:45:03","date_gmt":"2016-02-04T16:45:03","guid":{"rendered":"http:\/\/www.agriatv.hu\/?p=15286"},"modified":"2016-02-04T16:45:03","modified_gmt":"2016-02-04T16:45:03","slug":"visszakaptak-autoikat","status":"publish","type":"post","link":"https:\/\/www.agriatv.hu\/?p=15286","title":{"rendered":"Visszakapt\u00e1k aut\u00f3ikat"},"content":{"rendered":"<div class=\"field field-name-field-lead field-type-text-long field-label-hidden\">\n<div class=\"field-items\">\n<div class=\"field-item even\" style=\"text-align: justify;\"><strong><a href=\"https:\/\/www.agriatv.hu\/wp-content\/uploads\/2016\/02\/160204osztrak_kocsik.Still002.jpg\" rel=\"attachment wp-att-15287\"><img loading=\"lazy\" decoding=\"async\" class=\"alignleft  wp-image-15287\" src=\"https:\/\/www.agriatv.hu\/wp-content\/uploads\/2016\/02\/160204osztrak_kocsik.Still002-300x240.jpg\" alt=\"160204osztrak_kocsik.Still002\" width=\"183\" height=\"146\" srcset=\"https:\/\/www.agriatv.hu\/wp-content\/uploads\/2016\/02\/160204osztrak_kocsik.Still002-300x240.jpg 300w, https:\/\/www.agriatv.hu\/wp-content\/uploads\/2016\/02\/160204osztrak_kocsik.Still002-100x80.jpg 100w, https:\/\/www.agriatv.hu\/wp-content\/uploads\/2016\/02\/160204osztrak_kocsik.Still002.jpg 720w\" sizes=\"auto, (max-width: 183px) 100vw, 183px\" \/><\/a>Osztr\u00e1k s\u00e9rtettek vihett\u00e9k haza az ellopott, majd az osztr\u00e1k-magyar rend\u0151ri egy\u00fcttm\u0171k\u00f6d\u00e9snek k\u00f6sz\u00f6nhet\u0151en megtal\u00e1lt j\u00e1rm\u0171veiket.<\/strong> A g\u00e9pkocsikat 2016. febru\u00e1r 4-\u00e9n Egerben, a Heves Megyei Rend\u0151r-f\u0151kapit\u00e1nys\u00e1g nyomoz\u00f3it\u00f3l kapt\u00e1k vissza.<\/div>\n<\/div>\n<\/div>\n<div class=\"field field-name-field-szovegtorzs field-type-text-long field-label-hidden\">\n<div class=\"field-items\">\n<div class=\"field-item even\">\n<p style=\"text-align: justify;\">Ahogy arr\u00f3l kor\u00e1bban m\u00e1r h\u00edrt adtunk, a Heves megyei nyomoz\u00f3k 2015. november 25-\u00e9n a hajnali \u00f3r\u00e1kban Budapest XII. ker\u00fclet\u00e9ben ellen\u0151riztek egy osztr\u00e1k forgalmi rendsz\u00e1mmal ell\u00e1tott BMW t\u00edpus\u00fa, valamint egy magyar hat\u00f3s\u00e1gi jelz\u00e9ssel ell\u00e1tott Fiat t\u00edpus\u00fa szem\u00e9lyg\u00e9pkocsit, illetve igazoltatt\u00e1k azok vezet\u0151it. Az int\u00e9zked\u00e9skor a rend\u0151r\u00f6k meg\u00e1llap\u00edtott\u00e1k, hogy a BMW t\u00edpus\u00fa j\u00e1rm\u0171 lop\u00e1s b\u0171ncselekm\u00e9ny miatt k\u00f6r\u00f6z\u00e9s alatt \u00e1ll, valamint annak utaster\u00e9ben g\u00e9pkocsik felt\u00f6r\u00e9s\u00e9re alkalmas eszk\u00f6z\u00f6ket is tal\u00e1ltak.<\/p>\n<p style=\"text-align: justify;\">A rend\u0151r\u00f6k\u00a0R. Jen\u0151 40 \u00e9ves \u00e9s Sz. J\u00f3zsef 43 \u00e9ves budapesti lakosokat elfogt\u00e1k \u00e9s el\u0151\u00e1ll\u00edtott\u00e1k a Heves Megyei Rend\u0151r-f\u0151kapit\u00e1nys\u00e1gra, ahol gyan\u00fas\u00edtottk\u00e9nt hallgatt\u00e1k ki \u0151ket. A nyomoz\u00f3k lefoglalt\u00e1k a j\u00e1rm\u0171veket, valamint a k\u00e9t f\u00e9rfin\u00e9l tartott h\u00e1zkutat\u00e1skor egy\u00e9b, j\u00e1rm\u0171vek felt\u00f6r\u00e9s\u00e9hez haszn\u00e1lt eszk\u00f6z\u00f6ket, illetve feltehet\u0151leg lopott j\u00e1rm\u0171vekb\u0151l eltulajdon\u00edtott haszn\u00e1lati t\u00e1rgyakat is tal\u00e1ltak.<\/p>\n<p style=\"text-align: justify;\">A Heves Megyei Rend\u0151r-f\u0151kapit\u00e1nys\u00e1g B\u0171n\u00fcgyi Oszt\u00e1lya a k\u00e9t \u0151rizetbe vett f\u00e9rfi ellen lop\u00e1s b\u0171ntett elk\u00f6vet\u00e9s\u00e9nek gyan\u00faja miatt ind\u00edtott elj\u00e1r\u00e1st \u00e9s kezdem\u00e9nyezte el\u0151zetes letart\u00f3ztat\u00e1suk elrendel\u00e9s\u00e9t, melyet a b\u00edr\u00f3s\u00e1g elrendelt.<\/p>\n<p style=\"text-align: justify;\">Tov\u00e1bb\u00e1, az elj\u00e1r\u00e1sban azonos\u00edtottak egy 38 \u00e9ves j\u00e1sz\u00e1roksz\u00e1ll\u00e1si f\u00e9rfit is, aki megalapozottan gyan\u00fas\u00edthat\u00f3 azzal, hogy a k\u00e9t budapesti f\u00e9rfi \u00e1ltal kor\u00e1bban eltulajdon\u00edtott j\u00e1rm\u0171veket \u00e1tvette, majd azok \u00e9rt\u00e9kes\u00edt\u00e9s\u00e9ben, azonos\u00edt\u00f3 jel\u00fck meghamis\u00edt\u00e1s\u00e1ban r\u00e9szt vett.<\/p>\n<p style=\"text-align: justify;\">Az egyenruh\u00e1sok K. Kriszti\u00e1n lak\u00e1s\u00e1n tartott h\u00e1zkutat\u00e1skor lefoglaltak kett\u0151, Ausztri\u00e1b\u00f3l eltulajdon\u00edtott, hamis alv\u00e1zsz\u00e1mmal rendelkez\u0151,\u00a0k\u00f6r\u00f6z\u00e9s alatt \u00e1ll\u00f3 Audi \u00e9s Volkswagen t\u00edpus\u00fa szem\u00e9lyg\u00e9pkocsit.\u00a0Tov\u00e1bb\u00e1, t\u00f6bb k\u00fcl\u00f6nb\u00f6z\u0151 j\u00e1rm\u0171alkatr\u00e9szt is, melyek vizsg\u00e1lata folyamatban van.<\/p>\n<p style=\"text-align: justify;\">A j\u00e1sz\u00e1roksz\u00e1ll\u00e1si f\u00e9rfival szemben k\u00e9t rendbeli orgazdas\u00e1g \u00e9s k\u00e9t rendbeli egyedi azonos\u00edt\u00f3 jellel vissza\u00e9l\u00e9s b\u0171ntett elk\u00f6vet\u00e9s\u00e9nek megalapozott gyan\u00faja miatt &#8211; \u0151rizetbe v\u00e9tele mellett &#8211; rendelt el nyomoz\u00e1st a Heves Megyei Rend\u0151r-f\u0151kapit\u00e1nys\u00e1g, tov\u00e1bb\u00e1 a b\u00edr\u00f3s\u00e1g lakhelyelhagy\u00e1si tilalm\u00e1r\u00f3l d\u00f6nt\u00f6tt.<\/p>\n<p style=\"text-align: justify;\">A lefoglalt g\u00e9pj\u00e1rm\u0171veket a Heves Megyei Rend\u0151r-f\u0151kapit\u00e1nys\u00e1g munkat\u00e1rsai 2016. febru\u00e1r 4-\u00e9n \u00e1tadt\u00e1k a s\u00e9rtettek k\u00e9pvisel\u0151inek.<\/p>\n<p style=\"text-align: justify;\">Az Als\u00f3-Ausztriai Tartom\u00e1nyi B\u0171n\u00fcgyi Rend\u0151rs\u00e9g nyomoz\u00f3i az \u00e1tad\u00e1st k\u00f6vet\u0151en a nemzetk\u00f6zi egy\u00fcttm\u0171k\u00f6d\u00e9s r\u00e9szek\u00e9nt k\u00f6z\u00f6s egyeztet\u00e9st tartottak a Heves Megyei Rend\u0151r-f\u0151kapit\u00e1nys\u00e1g nyomoz\u00f3ival az elj\u00e1r\u00e1s tov\u00e1bbi r\u00e9szleteir\u0151l.\n<div class=\"youtube-embed ye-container\" itemprop=\"video\" itemscope itemtype=\"https:\/\/schema.org\/VideoObject\">\n\t<meta itemprop=\"url\" content=\"https:\/\/www.youtube.com\/v\/3WnZNdKV33w\" \/>\n\t<meta itemprop=\"name\" content=\"Visszakapt\u00e1k aut\u00f3ikat\" \/>\n\t<meta itemprop=\"description\" content=\"Visszakapt\u00e1k aut\u00f3ikat\" \/>\n\t<meta itemprop=\"uploadDate\" content=\"2016-02-04T16:45:03+00:00\" \/>\n\t<meta itemprop=\"thumbnailUrl\" content=\"https:\/\/i.ytimg.com\/vi\/3WnZNdKV33w\/default.jpg\" \/>\n\t<meta itemprop=\"embedUrl\" content=\"https:\/\/www.youtube.com\/embed\/3WnZNdKV33w\" \/>\n\t<meta itemprop=\"height\" content=\"1080\" \/>\n\t<meta itemprop=\"width\" content=\"1920\" \/>\n\t<iframe loading=\"lazy\" style=\"border: 0;\" class=\"youtube-player\" width=\"1920\" height=\"1080\" src=\"https:\/\/www.youtube.com\/embed\/3WnZNdKV33w?modestbranding=1&fs=0&rel=0\"><\/iframe>\n<\/div>\n<\/p>\n<\/div>\n<\/div>\n<\/div>\n","protected":false},"excerpt":{"rendered":"<p>Osztr\u00e1k s\u00e9rtettek vihett\u00e9k haza az ellopott, majd az osztr\u00e1k-magyar rend\u0151ri egy\u00fcttm\u0171k\u00f6d\u00e9snek k\u00f6sz\u00f6nhet\u0151en megtal\u00e1lt j\u00e1rm\u0171veiket. A g\u00e9pkocsikat 2016. febru\u00e1r 4-\u00e9n Egerben, a Heves Megyei Rend\u0151r-f\u0151kapit\u00e1nys\u00e1g nyomoz\u00f3it\u00f3l kapt\u00e1k vissza.<\/p>\n<p>Ahogy arr\u00f3l kor\u00e1bban m\u00e1r h\u00edrt adtunk, a Heves megyei nyomoz\u00f3k 2015. november 25-\u00e9n a hajnali \u00f3r\u00e1kban Budapest XII. ker\u00fclet\u00e9ben ellen\u0151riztek egy osztr\u00e1k forgalmi rendsz\u00e1mmal ell\u00e1tott BMW t\u00edpus\u00fa, valamint egy [&#8230;]<\/p>\n","protected":false},"author":4,"featured_media":0,"comment_status":"closed","ping_status":"closed","sticky":false,"template":"","format":"standard","meta":{"footnotes":""},"categories":[6,5,7],"tags":[2365,1137,1214,242,747,122],"class_list":["post-15286","post","type-post","status-publish","format-standard","hentry","category-belfold","category-kek-hirek","category-kulfold","tag-ausztria","tag-elfogas","tag-kocsi","tag-lopas","tag-nyomozas","tag-rendorseg"],"_links":{"self":[{"href":"https:\/\/www.agriatv.hu\/index.php?rest_route=\/wp\/v2\/posts\/15286","targetHints":{"allow":["GET"]}}],"collection":[{"href":"https:\/\/www.agriatv.hu\/index.php?rest_route=\/wp\/v2\/posts"}],"about":[{"href":"https:\/\/www.agriatv.hu\/index.php?rest_route=\/wp\/v2\/types\/post"}],"author":[{"embeddable":true,"href":"https:\/\/www.agriatv.hu\/index.php?rest_route=\/wp\/v2\/users\/4"}],"replies":[{"embeddable":true,"href":"https:\/\/www.agriatv.hu\/index.php?rest_route=%2Fwp%2Fv2%2Fcomments&post=15286"}],"version-history":[{"count":1,"href":"https:\/\/www.agriatv.hu\/index.php?rest_route=\/wp\/v2\/posts\/15286\/revisions"}],"predecessor-version":[{"id":15288,"href":"https:\/\/www.agriatv.hu\/index.php?rest_route=\/wp\/v2\/posts\/15286\/revisions\/15288"}],"wp:attachment":[{"href":"https:\/\/www.agriatv.hu\/index.php?rest_route=%2Fwp%2Fv2%2Fmedia&parent=15286"}],"wp:term":[{"taxonomy":"category","embeddable":true,"href":"https:\/\/www.agriatv.hu\/index.php?rest_route=%2Fwp%2Fv2%2Fcategories&post=15286"},{"taxonomy":"post_tag","embeddable":true,"href":"https:\/\/www.agriatv.hu\/index.php?rest_route=%2Fwp%2Fv2%2Ftags&post=15286"}],"curies":[{"name":"wp","href":"https:\/\/api.w.org\/{rel}","templated":true}]}}