{"id":15361,"date":"2016-02-22T18:33:44","date_gmt":"2016-02-22T18:33:44","guid":{"rendered":"http:\/\/www.agriatv.hu\/?p=15361"},"modified":"2016-02-22T18:33:44","modified_gmt":"2016-02-22T18:33:44","slug":"lefujtak-kiraboltak-egy-92-eves-not","status":"publish","type":"post","link":"https:\/\/www.agriatv.hu\/?p=15361","title":{"rendered":"Lef\u00fajtak, kiraboltak egy 92 \u00e9ves n\u0151t"},"content":{"rendered":"<p style=\"text-align: justify;\"><a href=\"https:\/\/www.agriatv.hu\/wp-content\/uploads\/2016\/02\/484217.720x405.jpg\" rel=\"attachment wp-att-15362\"><img loading=\"lazy\" decoding=\"async\" class=\"alignleft wp-image-15362\" src=\"https:\/\/www.agriatv.hu\/wp-content\/uploads\/2016\/02\/484217.720x405-300x169.jpg\" alt=\"484217.720x405\" width=\"183\" height=\"103\" srcset=\"https:\/\/www.agriatv.hu\/wp-content\/uploads\/2016\/02\/484217.720x405-300x169.jpg 300w, https:\/\/www.agriatv.hu\/wp-content\/uploads\/2016\/02\/484217.720x405.jpg 720w\" sizes=\"auto, (max-width: 183px) 100vw, 183px\" \/><\/a>Elk\u00e1b\u00edtott \u00e9s kirabolt egy 92 \u00e9ves n\u0151t h\u00e1rom f\u00e9rfi, k\u00f6zt\u00fck k\u00e9t 13 \u00e9ves fi\u00fa a Heves megyei, Gy\u00f6ngy\u00f6sorosziban. Miut\u00e1n az id\u0151s n\u0151 el\u00e1jult r\u00e1z\u00e1rt\u00e1k a h\u00e1z h\u00e1ts\u00f3 ajtaj\u00e1t \u00e9s a mell\u00e9k\u00e9p\u00fcletben \u00f6sszegy\u0171jt\u00f6ttek mindent amit el akartak vinni. Csakhogy a n\u0151 k\u00f6zben mag\u00e1hoz t\u00e9rt \u00e9s elkergette \u0151ket, ez\u00e9rt a rabl\u00f3k v\u00e9g\u00fcl csak egy balt\u00e1t tudtak elvinni. Valaki, aki l\u00e1tta a rabl\u00e1st h\u00edvta a rend\u0151r\u00f6ket, akik a szomsz\u00e9d utc\u00e1ban elkapt\u00e1k a rabl\u00f3kat.<\/p>\n<p><a class=\"embedly-card\" href=\"http:\/\/tenyek.hu\/neoplayer\/tv2\/embed\/203938_lefujtak-kiraboltak-egy-92-eves-not.html\/760\">T\u00c9NYEK \/ Lef\u00fajtak, kiraboltak egy 92 \u00e9ves n\u0151t \/ tenyek.hu<\/a><br \/>\n<script src=\"\/\/cdn.embedly.com\/widgets\/platform.js\" async=\"\" charset=\"UTF-8\"><\/script><\/p>\n","protected":false},"excerpt":{"rendered":"<p>Elk\u00e1b\u00edtott \u00e9s kirabolt egy 92 \u00e9ves n\u0151t h\u00e1rom f\u00e9rfi, k\u00f6zt\u00fck k\u00e9t 13 \u00e9ves fi\u00fa a Heves megyei, Gy\u00f6ngy\u00f6sorosziban. Miut\u00e1n az id\u0151s n\u0151 el\u00e1jult r\u00e1z\u00e1rt\u00e1k a h\u00e1z h\u00e1ts\u00f3 ajtaj\u00e1t \u00e9s a mell\u00e9k\u00e9p\u00fcletben \u00f6sszegy\u0171jt\u00f6ttek mindent amit el akartak vinni. Csakhogy a n\u0151 k\u00f6zben mag\u00e1hoz t\u00e9rt \u00e9s elkergette \u0151ket, ez\u00e9rt a rabl\u00f3k v\u00e9g\u00fcl csak egy balt\u00e1t tudtak elvinni. [&#8230;]<\/p>\n","protected":false},"author":4,"featured_media":0,"comment_status":"closed","ping_status":"closed","sticky":false,"template":"","format":"standard","meta":{"footnotes":""},"categories":[5],"tags":[1991,1371,692,122],"class_list":["post-15361","post","type-post","status-publish","format-standard","hentry","category-kek-hirek","tag-gyongyosoroszi","tag-idos","tag-rablas","tag-rendorseg"],"_links":{"self":[{"href":"https:\/\/www.agriatv.hu\/index.php?rest_route=\/wp\/v2\/posts\/15361","targetHints":{"allow":["GET"]}}],"collection":[{"href":"https:\/\/www.agriatv.hu\/index.php?rest_route=\/wp\/v2\/posts"}],"about":[{"href":"https:\/\/www.agriatv.hu\/index.php?rest_route=\/wp\/v2\/types\/post"}],"author":[{"embeddable":true,"href":"https:\/\/www.agriatv.hu\/index.php?rest_route=\/wp\/v2\/users\/4"}],"replies":[{"embeddable":true,"href":"https:\/\/www.agriatv.hu\/index.php?rest_route=%2Fwp%2Fv2%2Fcomments&post=15361"}],"version-history":[{"count":1,"href":"https:\/\/www.agriatv.hu\/index.php?rest_route=\/wp\/v2\/posts\/15361\/revisions"}],"predecessor-version":[{"id":15363,"href":"https:\/\/www.agriatv.hu\/index.php?rest_route=\/wp\/v2\/posts\/15361\/revisions\/15363"}],"wp:attachment":[{"href":"https:\/\/www.agriatv.hu\/index.php?rest_route=%2Fwp%2Fv2%2Fmedia&parent=15361"}],"wp:term":[{"taxonomy":"category","embeddable":true,"href":"https:\/\/www.agriatv.hu\/index.php?rest_route=%2Fwp%2Fv2%2Fcategories&post=15361"},{"taxonomy":"post_tag","embeddable":true,"href":"https:\/\/www.agriatv.hu\/index.php?rest_route=%2Fwp%2Fv2%2Ftags&post=15361"}],"curies":[{"name":"wp","href":"https:\/\/api.w.org\/{rel}","templated":true}]}}