{"id":15364,"date":"2016-02-22T21:58:04","date_gmt":"2016-02-22T21:58:04","guid":{"rendered":"http:\/\/www.agriatv.hu\/?p=15364"},"modified":"2016-02-22T21:58:04","modified_gmt":"2016-02-22T21:58:04","slug":"kepviselok-kockas-ingben","status":"publish","type":"post","link":"https:\/\/www.agriatv.hu\/?p=15364","title":{"rendered":"K\u00e9pvisel\u0151k kock\u00e1s ingben"},"content":{"rendered":"<p style=\"text-align: justify;\"><a href=\"https:\/\/www.agriatv.hu\/wp-content\/uploads\/2016\/02\/484229.720x405.jpg\" rel=\"attachment wp-att-15365\"><img loading=\"lazy\" decoding=\"async\" class=\"alignleft wp-image-15365\" src=\"https:\/\/www.agriatv.hu\/wp-content\/uploads\/2016\/02\/484229.720x405-300x169.jpg\" alt=\"484229.720x405\" width=\"184\" height=\"104\" srcset=\"https:\/\/www.agriatv.hu\/wp-content\/uploads\/2016\/02\/484229.720x405-300x169.jpg 300w, https:\/\/www.agriatv.hu\/wp-content\/uploads\/2016\/02\/484229.720x405.jpg 720w\" sizes=\"auto, (max-width: 184px) 100vw, 184px\" \/><\/a>A di\u00e1kok ut\u00e1n a parlamenti k\u00e9pvisel\u0151k is kock\u00e1singbe b\u00fajtak, s\u0151t nem csak ellenz\u00e9ki, de korm\u00e1nyp\u00e1rti politikus is kock\u00e1s ingben jelent meg ma az \u00fcl\u00e9steremben. Az egyik szakszervezet a sztr\u00e1jkmorat\u00f3rium felmond\u00e1s\u00e1t k\u00f6veteli, de azt egyel\u0151re nem tudt\u00e1k megmondani mikor kezden\u00e9nek sztr\u00e1jkba, egyel\u0151re a korm\u00e1ny d\u00f6nt\u00e9seire v\u00e1rnak. A korm\u00e1ny szerint nem lesz b\u00e9remel\u00e9s, az \u00e9rdekk\u00e9pviseletek szerint pedig \u0151k nem is k\u00e9rnek ilyet.<\/p>\n<p><a class=\"embedly-card\" href=\"http:\/\/tenyek.hu\/neoplayer\/tv2\/embed\/203950_kepviselok-kockas-ingben.html\/760\">T\u00c9NYEK \/ K\u00e9pvisel\u0151k kock\u00e1s ingben \/ tenyek.hu<\/a><br \/>\n<script src=\"\/\/cdn.embedly.com\/widgets\/platform.js\" async=\"\" charset=\"UTF-8\"><\/script><\/p>\n","protected":false},"excerpt":{"rendered":"<p>A di\u00e1kok ut\u00e1n a parlamenti k\u00e9pvisel\u0151k is kock\u00e1singbe b\u00fajtak, s\u0151t nem csak ellenz\u00e9ki, de korm\u00e1nyp\u00e1rti politikus is kock\u00e1s ingben jelent meg ma az \u00fcl\u00e9steremben. Az egyik szakszervezet a sztr\u00e1jkmorat\u00f3rium felmond\u00e1s\u00e1t k\u00f6veteli, de azt egyel\u0151re nem tudt\u00e1k megmondani mikor kezden\u00e9nek sztr\u00e1jkba, egyel\u0151re a korm\u00e1ny d\u00f6nt\u00e9seire v\u00e1rnak. A korm\u00e1ny szerint nem lesz b\u00e9remel\u00e9s, az \u00e9rdekk\u00e9pviseletek szerint pedig [&#8230;]<\/p>\n","protected":false},"author":4,"featured_media":0,"comment_status":"closed","ping_status":"closed","sticky":false,"template":"","format":"standard","meta":{"footnotes":""},"categories":[6,9,3],"tags":[2378,1740,2379,422,20,295],"class_list":["post-15364","post","type-post","status-publish","format-standard","hentry","category-belfold","category-oktatas","category-politika","tag-fizetes","tag-klik","tag-kockasing","tag-oktatas-2","tag-pedagogus","tag-politika-2"],"_links":{"self":[{"href":"https:\/\/www.agriatv.hu\/index.php?rest_route=\/wp\/v2\/posts\/15364","targetHints":{"allow":["GET"]}}],"collection":[{"href":"https:\/\/www.agriatv.hu\/index.php?rest_route=\/wp\/v2\/posts"}],"about":[{"href":"https:\/\/www.agriatv.hu\/index.php?rest_route=\/wp\/v2\/types\/post"}],"author":[{"embeddable":true,"href":"https:\/\/www.agriatv.hu\/index.php?rest_route=\/wp\/v2\/users\/4"}],"replies":[{"embeddable":true,"href":"https:\/\/www.agriatv.hu\/index.php?rest_route=%2Fwp%2Fv2%2Fcomments&post=15364"}],"version-history":[{"count":1,"href":"https:\/\/www.agriatv.hu\/index.php?rest_route=\/wp\/v2\/posts\/15364\/revisions"}],"predecessor-version":[{"id":15366,"href":"https:\/\/www.agriatv.hu\/index.php?rest_route=\/wp\/v2\/posts\/15364\/revisions\/15366"}],"wp:attachment":[{"href":"https:\/\/www.agriatv.hu\/index.php?rest_route=%2Fwp%2Fv2%2Fmedia&parent=15364"}],"wp:term":[{"taxonomy":"category","embeddable":true,"href":"https:\/\/www.agriatv.hu\/index.php?rest_route=%2Fwp%2Fv2%2Fcategories&post=15364"},{"taxonomy":"post_tag","embeddable":true,"href":"https:\/\/www.agriatv.hu\/index.php?rest_route=%2Fwp%2Fv2%2Ftags&post=15364"}],"curies":[{"name":"wp","href":"https:\/\/api.w.org\/{rel}","templated":true}]}}