{"id":15374,"date":"2016-02-26T19:26:52","date_gmt":"2016-02-26T19:26:52","guid":{"rendered":"http:\/\/www.agriatv.hu\/?p=15374"},"modified":"2016-02-26T19:26:52","modified_gmt":"2016-02-26T19:26:52","slug":"nem-lehet-simogatni-a-kisoroszlanokat-egy-uj-torveny-miatt","status":"publish","type":"post","link":"https:\/\/www.agriatv.hu\/?p=15374","title":{"rendered":"Nem lehet simogatni a kisoroszl\u00e1nokat egy \u00faj t\u00f6rv\u00e9ny miatt"},"content":{"rendered":"<p style=\"text-align: justify;\"><a href=\"https:\/\/www.agriatv.hu\/wp-content\/uploads\/2016\/02\/485047.720x405.jpg\" rel=\"attachment wp-att-15375\"><img loading=\"lazy\" decoding=\"async\" class=\"alignleft wp-image-15375\" src=\"https:\/\/www.agriatv.hu\/wp-content\/uploads\/2016\/02\/485047.720x405-300x169.jpg\" alt=\"485047.720x405\" width=\"225\" height=\"127\" srcset=\"https:\/\/www.agriatv.hu\/wp-content\/uploads\/2016\/02\/485047.720x405-300x169.jpg 300w, https:\/\/www.agriatv.hu\/wp-content\/uploads\/2016\/02\/485047.720x405.jpg 720w\" sizes=\"auto, (max-width: 225px) 100vw, 225px\" \/><\/a>H\u00e1rom afrikai oroszl\u00e1n sz\u00fcletett a Gy\u00f6ngy\u00f6si \u00c1llatkertben. Az oroszl\u00e1nk\u00f6lyk\u00f6k eg\u00e9szs\u00e9gesek, a l\u00e1togat\u00f3knak azonban m\u00e9g v\u00e1rniuk kell n\u00e9h\u00e1ny napot, hogy megn\u00e9zhess\u00e9k \u0151ket, megsimogatni pedig biztos nem lehet \u0151ket, mert id\u00e9n ezt m\u00e1r egy \u00faj t\u00f6rv\u00e9ny tiltja.<\/p>\n<p><a class=\"embedly-card\" href=\"http:\/\/tenyek.hu\/neoplayer\/tv2\/embed\/204488_nem-lehet-simogatni-a-kisoroszlanokat-egy-uj-torveny-miatt.html\/760\">T\u00c9NYEK \/ Nem lehet simogatni a kisoroszl\u00e1nokat egy \u00faj t\u00f6rv\u00e9ny miatt \/ tenyek.hu<\/a><br \/>\n<script src=\"\/\/cdn.embedly.com\/widgets\/platform.js\" async=\"\" charset=\"UTF-8\"><\/script><\/p>\n","protected":false},"excerpt":{"rendered":"<p>H\u00e1rom afrikai oroszl\u00e1n sz\u00fcletett a Gy\u00f6ngy\u00f6si \u00c1llatkertben. Az oroszl\u00e1nk\u00f6lyk\u00f6k eg\u00e9szs\u00e9gesek, a l\u00e1togat\u00f3knak azonban m\u00e9g v\u00e1rniuk kell n\u00e9h\u00e1ny napot, hogy megn\u00e9zhess\u00e9k \u0151ket, megsimogatni pedig biztos nem lehet \u0151ket, mert id\u00e9n ezt m\u00e1r egy \u00faj t\u00f6rv\u00e9ny tiltja.<br \/>\nT\u00c9NYEK \/ Nem lehet simogatni a kisoroszl\u00e1nokat egy \u00faj t\u00f6rv\u00e9ny miatt \/ tenyek.hu<\/p>\n","protected":false},"author":4,"featured_media":0,"comment_status":"closed","ping_status":"closed","sticky":false,"template":"","format":"standard","meta":{"footnotes":""},"categories":[6,4],"tags":[1225,235,1473],"class_list":["post-15374","post","type-post","status-publish","format-standard","hentry","category-belfold","category-szabadido","tag-allatkert","tag-gyongyos","tag-oroszlan"],"_links":{"self":[{"href":"https:\/\/www.agriatv.hu\/index.php?rest_route=\/wp\/v2\/posts\/15374","targetHints":{"allow":["GET"]}}],"collection":[{"href":"https:\/\/www.agriatv.hu\/index.php?rest_route=\/wp\/v2\/posts"}],"about":[{"href":"https:\/\/www.agriatv.hu\/index.php?rest_route=\/wp\/v2\/types\/post"}],"author":[{"embeddable":true,"href":"https:\/\/www.agriatv.hu\/index.php?rest_route=\/wp\/v2\/users\/4"}],"replies":[{"embeddable":true,"href":"https:\/\/www.agriatv.hu\/index.php?rest_route=%2Fwp%2Fv2%2Fcomments&post=15374"}],"version-history":[{"count":1,"href":"https:\/\/www.agriatv.hu\/index.php?rest_route=\/wp\/v2\/posts\/15374\/revisions"}],"predecessor-version":[{"id":15376,"href":"https:\/\/www.agriatv.hu\/index.php?rest_route=\/wp\/v2\/posts\/15374\/revisions\/15376"}],"wp:attachment":[{"href":"https:\/\/www.agriatv.hu\/index.php?rest_route=%2Fwp%2Fv2%2Fmedia&parent=15374"}],"wp:term":[{"taxonomy":"category","embeddable":true,"href":"https:\/\/www.agriatv.hu\/index.php?rest_route=%2Fwp%2Fv2%2Fcategories&post=15374"},{"taxonomy":"post_tag","embeddable":true,"href":"https:\/\/www.agriatv.hu\/index.php?rest_route=%2Fwp%2Fv2%2Ftags&post=15374"}],"curies":[{"name":"wp","href":"https:\/\/api.w.org\/{rel}","templated":true}]}}