{"id":15377,"date":"2016-02-27T22:46:25","date_gmt":"2016-02-27T22:46:25","guid":{"rendered":"http:\/\/www.agriatv.hu\/?p=15377"},"modified":"2016-02-27T22:55:01","modified_gmt":"2016-02-27T22:55:01","slug":"baleset-tortent-tenken","status":"publish","type":"post","link":"https:\/\/www.agriatv.hu\/?p=15377","title":{"rendered":"Baleset t\u00f6rt\u00e9nt Tenken"},"content":{"rendered":"<p><strong><a href=\"https:\/\/www.agriatv.hu\/wp-content\/uploads\/2016\/02\/160227baleset_tenk.Still001.jpg\" rel=\"attachment wp-att-15379\"><img loading=\"lazy\" decoding=\"async\" class=\"alignleft wp-image-15379\" src=\"https:\/\/www.agriatv.hu\/wp-content\/uploads\/2016\/02\/160227baleset_tenk.Still001-300x240.jpg\" alt=\"160227baleset_tenk.Still001\" width=\"185\" height=\"148\" srcset=\"https:\/\/www.agriatv.hu\/wp-content\/uploads\/2016\/02\/160227baleset_tenk.Still001-300x240.jpg 300w, https:\/\/www.agriatv.hu\/wp-content\/uploads\/2016\/02\/160227baleset_tenk.Still001-100x80.jpg 100w, https:\/\/www.agriatv.hu\/wp-content\/uploads\/2016\/02\/160227baleset_tenk.Still001.jpg 720w\" sizes=\"auto, (max-width: 185px) 100vw, 185px\" \/><\/a>Szem\u00e9lyi s\u00e9r\u00fcl\u00e9ssel j\u00e1r\u00f3 baleset t\u00f6rt\u00e9nt szombaton este Tenken a Honv\u00e9d utc\u00e1ban.<\/strong><\/p>\n<p>Egy mikrobusz sodr\u00f3dott le az egyik kanyarban az \u00fatr\u00f3l. A baleset r\u00e9szletei\u00a0 egyel\u0151re tiszt\u00e1zatlanok. Annyi bizonyos, hogy egy, a mell\u00e9k\u00faton halad\u00f3 Ford az egyik kanyarban az \u00e1rokba hajtott, ott az \u00e1rok beton oldal\u00e1nak \u00fctk\u00f6z\u00f6tt.<\/p>\n<p>\u00dagy tudjuk a kisbuszban h\u00e1rman tart\u00f3zkodtak. Egyik\u00fck s\u00e9r\u00fclt meg k\u00f6nnyebben.<\/p>\n<p>Inform\u00e1ci\u00f3ink szerint a balesetet az is okozhatta, hogy a sz\u0171k kanyarban \u00e1ll\u00edt\u00f3lag a m\u00e1sik ir\u00e1nyb\u00f3l is j\u00f6tt aut\u00f3, ez\u00e9rt r\u00e1nthatta el a vezet\u0151 a korm\u00e1nyt.<\/p>\n<p>A baleset r\u00e9szleteit a rend\u0151rs\u00e9g vizsg\u00e1lja.\n<div class=\"youtube-embed ye-container\" itemprop=\"video\" itemscope itemtype=\"https:\/\/schema.org\/VideoObject\">\n\t<meta itemprop=\"url\" content=\"https:\/\/www.youtube.com\/v\/ottOpFQAtpU\" \/>\n\t<meta itemprop=\"name\" content=\"Baleset t\u00f6rt\u00e9nt Tenken\" \/>\n\t<meta itemprop=\"description\" content=\"Baleset t\u00f6rt\u00e9nt Tenken\" \/>\n\t<meta itemprop=\"uploadDate\" content=\"2016-02-27T22:46:25+00:00\" \/>\n\t<meta itemprop=\"thumbnailUrl\" content=\"https:\/\/i.ytimg.com\/vi\/ottOpFQAtpU\/default.jpg\" \/>\n\t<meta itemprop=\"embedUrl\" content=\"https:\/\/www.youtube.com\/embed\/ottOpFQAtpU\" \/>\n\t<meta itemprop=\"height\" content=\"1080\" \/>\n\t<meta itemprop=\"width\" content=\"1920\" \/>\n\t<iframe loading=\"lazy\" style=\"border: 0;\" class=\"youtube-player\" width=\"1920\" height=\"1080\" src=\"https:\/\/www.youtube.com\/embed\/ottOpFQAtpU?modestbranding=1&fs=0&rel=0\"><\/iframe>\n<\/div>\n<\/p>\n","protected":false},"excerpt":{"rendered":"<p>Szem\u00e9lyi s\u00e9r\u00fcl\u00e9ssel j\u00e1r\u00f3 baleset t\u00f6rt\u00e9nt szombaton este Tenken a Honv\u00e9d utc\u00e1ban.<br \/>\nEgy mikrobusz sodr\u00f3dott le az egyik kanyarban az \u00fatr\u00f3l. A baleset r\u00e9szletei\u00a0 egyel\u0151re tiszt\u00e1zatlanok. Annyi bizonyos, hogy egy, a mell\u00e9k\u00faton halad\u00f3 Ford az egyik kanyarban az \u00e1rokba hajtott, ott az \u00e1rok beton oldal\u00e1nak \u00fctk\u00f6z\u00f6tt.<br \/>\n\u00dagy tudjuk a kisbuszban h\u00e1rman tart\u00f3zkodtak. Egyik\u00fck s\u00e9r\u00fclt meg k\u00f6nnyebben.<br \/>\nInform\u00e1ci\u00f3ink szerint a [&#8230;]<\/p>\n","protected":false},"author":4,"featured_media":0,"comment_status":"closed","ping_status":"closed","sticky":false,"template":"","format":"standard","meta":{"footnotes":""},"categories":[5],"tags":[41,122,458,1648],"class_list":["post-15377","post","type-post","status-publish","format-standard","hentry","category-kek-hirek","tag-baleset","tag-rendorseg","tag-serult","tag-tenk"],"_links":{"self":[{"href":"https:\/\/www.agriatv.hu\/index.php?rest_route=\/wp\/v2\/posts\/15377","targetHints":{"allow":["GET"]}}],"collection":[{"href":"https:\/\/www.agriatv.hu\/index.php?rest_route=\/wp\/v2\/posts"}],"about":[{"href":"https:\/\/www.agriatv.hu\/index.php?rest_route=\/wp\/v2\/types\/post"}],"author":[{"embeddable":true,"href":"https:\/\/www.agriatv.hu\/index.php?rest_route=\/wp\/v2\/users\/4"}],"replies":[{"embeddable":true,"href":"https:\/\/www.agriatv.hu\/index.php?rest_route=%2Fwp%2Fv2%2Fcomments&post=15377"}],"version-history":[{"count":3,"href":"https:\/\/www.agriatv.hu\/index.php?rest_route=\/wp\/v2\/posts\/15377\/revisions"}],"predecessor-version":[{"id":15381,"href":"https:\/\/www.agriatv.hu\/index.php?rest_route=\/wp\/v2\/posts\/15377\/revisions\/15381"}],"wp:attachment":[{"href":"https:\/\/www.agriatv.hu\/index.php?rest_route=%2Fwp%2Fv2%2Fmedia&parent=15377"}],"wp:term":[{"taxonomy":"category","embeddable":true,"href":"https:\/\/www.agriatv.hu\/index.php?rest_route=%2Fwp%2Fv2%2Fcategories&post=15377"},{"taxonomy":"post_tag","embeddable":true,"href":"https:\/\/www.agriatv.hu\/index.php?rest_route=%2Fwp%2Fv2%2Ftags&post=15377"}],"curies":[{"name":"wp","href":"https:\/\/api.w.org\/{rel}","templated":true}]}}