{"id":15386,"date":"2016-03-01T07:34:35","date_gmt":"2016-03-01T07:34:35","guid":{"rendered":"http:\/\/www.agriatv.hu\/?p=15386"},"modified":"2016-03-01T07:36:07","modified_gmt":"2016-03-01T07:36:07","slug":"kikelet","status":"publish","type":"post","link":"https:\/\/www.agriatv.hu\/?p=15386","title":{"rendered":"Kikelet"},"content":{"rendered":"<p style=\"text-align: justify;\"><a href=\"https:\/\/www.agriatv.hu\/wp-content\/uploads\/2016\/03\/Kikelet0317.jpg\" rel=\"attachment wp-att-15388\"><img loading=\"lazy\" decoding=\"async\" class=\"alignleft size-medium wp-image-15388\" src=\"https:\/\/www.agriatv.hu\/wp-content\/uploads\/2016\/03\/Kikelet0317-213x300.jpg\" alt=\"Kikelet0317\" width=\"213\" height=\"300\" srcset=\"https:\/\/www.agriatv.hu\/wp-content\/uploads\/2016\/03\/Kikelet0317-213x300.jpg 213w, https:\/\/www.agriatv.hu\/wp-content\/uploads\/2016\/03\/Kikelet0317-768x1080.jpg 768w, https:\/\/www.agriatv.hu\/wp-content\/uploads\/2016\/03\/Kikelet0317-728x1024.jpg 728w, https:\/\/www.agriatv.hu\/wp-content\/uploads\/2016\/03\/Kikelet0317.jpg 794w\" sizes=\"auto, (max-width: 213px) 100vw, 213px\" \/><\/a>M\u00e1rcius 1-j\u00e9n, kedden hallhatjuk\u00a0az idei Kikelet Irodalmi El\u0151ad\u00e1ssorozat els\u0151 el\u0151ad\u00e1s\u00e1t, a Forr\u00e1s Gyermek \u00e9s Ifj\u00fas\u00e1gi H\u00e1zban. Az EKMK\u00a0minden esztend\u0151ben az emelt szint\u0171 magyar \u00e9retts\u00e9gi t\u00e9telek k\u00f6z\u00fcl v\u00e1lasztja\u00a0n\u00e9pszer\u0171 ismeretterjeszt\u0151 sorozat\u00e1nak t\u00e9m\u00e1it, rem\u00e9lve, hogy seg\u00edtheti a di\u00e1kok \u00e9s tan\u00e1rok felk\u00e9sz\u00fcl\u00e9s\u00e9t, s egy\u00fattal kedvezhet az irodalom szerelmeseinek is. Az el\u0151ad\u00e1sok megtart\u00e1s\u00e1ra a t\u00e9m\u00e1k jeles\u00a0szaktekint\u00e9lyeit\u00a0k\u00e9rik f\u00f6l; ez \u00e9vben dr. Tarj\u00e1n Tam\u00e1s, dr. Szir\u00e1k P\u00e9ter \u00e9s dr. Marg\u00f3csy Istv\u00e1n irodalomt\u00f6rt\u00e9n\u00e9szek lesznek vend\u00e9gei.<\/p>\n<p style=\"text-align: justify;\">R\u00e9szletes program:<\/p>\n<ol style=\"text-align: justify;\">\n<li><strong> KIKELET IRODALMI EL\u0150AD\u00c1SSOROZAT<\/strong><\/li>\n<\/ol>\n<p style=\"text-align: justify;\"><strong>M\u00e1rcius 1., kedd 17.00<\/strong><\/p>\n<p style=\"text-align: justify;\">A kort\u00e1rs magyar irodalom nagyjainak megjelen\u00edt\u00e9se\u00a0<strong>KARINTHY FRIGYES \u00cdGY \u00cdRTOK TI<\/strong>\u00a0c\u00edm\u0171 m\u0171v\u00e9ben<\/p>\n<p style=\"text-align: justify;\">El\u0151ad\u00f3:\u00a0<strong>Dr.<\/strong>\u00a0<strong>TARJ\u00c1N TAM\u00c1S\u00a0<\/strong>irodalomt\u00f6rt\u00e9n\u00e9sz, ELTE<\/p>\n<p style=\"text-align: justify;\">(Budapest, 1949.<strong>)<\/strong>\u00a0Az ELTE B\u00f6lcs\u00e9szettudom\u00e1nyi Kar\u00e1n tan\u00edt modern magyar irodalmat. Szakter\u00fclete a dr\u00e1ma- \u00e9s sz\u00ednh\u00e1zt\u00f6rt\u00e9net, a szatirikus m\u0171fajok t\u00f6rt\u00e9nete, valamint az 1968 ut\u00e1ni magyar irodalom. Szerkeszt\u0151k\u00e9nt tev\u00e9kenykedett t\u00f6bb irodalmi lapn\u00e1l, dramaturgk\u00e9nt sz\u00ednh\u00e1zakn\u00e1l (Egerben is),\u00a0 valamint k\u00e9sz\u00edtett egy sereg r\u00e1di\u00f3s \u00e9s telev\u00edzi\u00f3s m\u0171sort. T\u00f6bb mint harminc k\u00f6tetet publik\u00e1lt: kismonogr\u00e1fi\u00e1kat, irodalmi \u00e9s sz\u00ednh\u00e1zi essz\u00e9- \u00e9s kritikagy\u0171jtem\u00e9nyeket, tank\u00f6nyvcsal\u00e1dot \u00e9s irodalmi par\u00f3di\u00e1kat is (pl. \u00cdrtok ti \u00edgy?, 1980.).<\/p>\n<p style=\"text-align: justify;\"><strong>KARINTHY FRIGYES\u00a0<\/strong>(Budapest, 1887. \u2013 Si\u00f3fok, 1938.)<\/p>\n<p style=\"text-align: justify;\">\u00cdr\u00f3, k\u00f6lt\u0151, m\u0171ford\u00edt\u00f3. M\u00e1r 15 \u00e9ves kor\u00e1ban kiadj\u00e1k egy kisreg\u00e9ny\u00e9t. \u00c9retts\u00e9gi ut\u00e1n tanult matematika-fizika szakon, b\u00f6lcs\u00e9szkaron, seb\u00e9szetet is hallgatott, de diplom\u00e1t soha nem szerzett. 1906-t\u00f3l \u00fajs\u00e1g\u00edr\u00f3k\u00e9nt dolgozik \u00e9s sorra jelennek meg novell\u00e1i, par\u00f3di\u00e1i, humoros \u00edr\u00e1sai. Az ismerts\u00e9get az \u00cdgy \u00edrtok ti c\u00edm\u0171 irodalmi karikat\u00far\u00e1ja, st\u00edluspar\u00f3di\u00e1ja hozta meg 1912-ben. Sokat kesergett amiatt, hogy humoros \u00edr\u00e1sai miatt nem veszik \u0151t komolyan, pedig \u00edrt riportokat, irodalmi, politikai elemz\u00e9seket, filoz\u00f3fiai eszmefuttat\u00e1sokat. M\u0171veiben sokat foglalkozik a p\u00e1rkapcsolat, a szerelem probl\u00e9m\u00e1ival. Legn\u00e9pszer\u0171bb ford\u00edt\u00e1sai a Micimack\u00f3-reg\u00e9nyek. Legend\u00e1s bar\u00e1ts\u00e1g f\u0171zte Kosztol\u00e1nyi Dezs\u0151h\u00f6z. 1935-ben Baumgarten-d\u00edjat kapott. Egyes sz\u00f3alkot\u00e1sai (pl.: halandzsa) \u00e9s kifejez\u00e9sei (pl.: \u201emagyar\u00e1zom a bizony\u00edtv\u00e1nyomat\u201d; \u201eHumorban nem ismerek tr\u00e9f\u00e1t.\u201d; \u201eHallgatni Arany, besz\u00e9lni Pet\u0151fi.\u201d) a k\u00f6znyelvet gazdag\u00edtj\u00e1k.<\/p>\n<p style=\"text-align: justify;\"><strong>M\u00e1rcius 8., kedd 17.00<\/strong><\/p>\n<p style=\"text-align: justify;\">Eml\u00e9kezet \u00e9s anekdotikus besz\u00e9dm\u00f3d <strong>GA<\/strong><strong>RACZI L\u00c1SZL\u00d3 POMP\u00c1SAN BUSZOZUNK<\/strong>\u00a0c\u00edm\u0171 reg\u00e9ny\u00e9ben<\/p>\n<p style=\"text-align: justify;\">El\u0151ad\u00f3:<strong>\u00a0Dr. SZIR\u00c1K P\u00c9TER\u00a0<\/strong>irodalomt\u00f6rt\u00e9n\u00e9sz, Debreceni Egyetem<\/p>\n<p style=\"text-align: justify;\">(Debrecen, 1966.) Szerkeszt\u0151, kritikus, irodalomt\u00f6rt\u00e9n\u00e9sz. 1991-ben v\u00e9gzett a Debreceni Egyetem magyar-t\u00f6rt\u00e9nelem szak\u00e1n. 1993 \u00f3ta az Alf\u00f6ld szerkeszt\u0151je \u00e9s 1994 \u00f3ta az egyetem tan\u00e1ra; jelenleg a Kommunik\u00e1ci\u00f3- \u00e9s M\u00e9diatudom\u00e1nyi Tansz\u00e9k vezet\u0151je. Kutat\u00e1si ter\u00fclete a XX. sz\u00e1zadi \u00e9s a kort\u00e1rs magyar irodalom, valamint az utaz\u00e1si \u00e9lm\u00e9nyek a magyar irodalomban.\u00a0 Jelent meg monogr\u00e1fi\u00e1ja Grendel Lajosr\u00f3l, Kert\u00e9sz Imr\u00e9r\u0151l \u00e9s \u00d6rk\u00e9ny Istv\u00e1nr\u00f3l.<\/p>\n<p style=\"text-align: justify;\"><strong>GARACZI L\u00c1SZL\u00d3\u00a0<\/strong>(Budapest, 1956.)<\/p>\n<p style=\"text-align: justify;\">\u00cdr\u00f3, k\u00f6lt\u0151, m\u0171ford\u00edt\u00f3. 1976-1981. k\u00f6z\u00f6tt az egri f\u0151iskola magyar-t\u00f6rt\u00e9nelem szak\u00e1n tanult, 1988-ban az ELTE filoz\u00f3fia szak\u00e1t v\u00e9gezte el. 1982. \u00f3ta szabadfoglalkoz\u00e1s\u00fa \u00edr\u00f3. A posztmodern irodalom k\u00e9pvisel\u0151je. M\u0171vei egyetlen m\u0171fajba sem sorolhat\u00f3k \u00e9s a nyelvi form\u00e1kkal val\u00f3 k\u00eds\u00e9rletez\u00e9s \u00e9s t\u00f6red\u00e9kess\u00e9g jellemzi. Egy lem\u00far vallom\u00e1sai c\u00edm\u0171 reg\u00e9nysorozat nyit\u00f3 k\u00f6nyve a kispr\u00f3z\u00e1kat tartalmaz\u00f3 Mintha \u00e9ln\u00e9l! (1995.), \u00a0ezt k\u00f6vette A Pomp\u00e1san buszozunk (1998.), majd az Arc \u00e9s h\u00e1traarc (2010.) c\u00edm\u0171 reg\u00e9ny.\u00a0 A Pomp\u00e1san buszozunk c\u00edm\u0171 reg\u00e9ny egy szomork\u00e1s kom\u00e9dia: par\u00f3di\u00e1ja \u00e9s h\u0171 le\u00edr\u00e1sa az \u00edr\u00f3 iskol\u00e1s \u00e9s \u00fatt\u00f6r\u0151 \u00e9veinek, a 60-as \u00e9veknek; visszaeml\u00e9kez\u00e9s, amely paradox m\u00f3don jelen id\u0151ben zajlik, amelyben \u00e1lom \u00e9s val\u00f3s\u00e1g keveredik, \u00e9s amelyben \u00f6nmagukban is eg\u00e9sz pillanatk\u00e9pek-anekdot\u00e1k f\u00fcz\u00e9re \u00e9p\u00fcl.<\/p>\n<p style=\"text-align: justify;\"><strong>M\u00e1rcius 17., cs\u00fct\u00f6rt\u00f6k 17.00<\/strong><\/p>\n<p style=\"text-align: justify;\">\u00dat a bels\u0151 szabads\u00e1ghoz: az elbesz\u00e9l\u00e9sm\u00f3d v\u00e1ltozatai\u00a0<strong>OTTLIK G\u00c9ZA<\/strong><em><strong>\u00a0<\/strong><\/em><strong>ISKOLA A HAT\u00c1RON<\/strong>\u00a0c\u00edm\u0171 reg\u00e9ny\u00e9ben<\/p>\n<p style=\"text-align: justify;\">El\u0151ad\u00f3:\u00a0<strong>Dr. MARG\u00d3CSY ISTV\u00c1N\u00a0<\/strong>irodalomt\u00f6rt\u00e9n\u00e9sz, ELTE<\/p>\n<p style=\"text-align: justify;\">(Ny\u00edregyh\u00e1za, 1949.) Irodalomt\u00f6rt\u00e9n\u00e9sz, kritikus, az\u00a0ELTE Magyar Irodalom- \u00e9s Kult\u00faratudom\u00e1nyi Int\u00e9zet\u00e9nek egyetemi docense, a XVIII\u2013XIX. Sz\u00e1zadi Magyar Irodalomt\u00f6rt\u00e9neti Tansz\u00e9k vezet\u0151je volt nyugd\u00edjaz\u00e1sig.<\/p>\n<p style=\"text-align: justify;\">A hetvenes \u00e9vek v\u00e9g\u00e9n a Mozg\u00f3 Vil\u00e1g\u00a0szerkeszt\u0151jek\u00e9nt dolgozott, sz\u00e9pirodalmi kritik\u00e1i m\u00e1r akkor felt\u0171n\u00e9st keltettek, m\u00e1ra pedig a kort\u00e1rs magyar irodalom egyik meghat\u00e1roz\u00f3 kritikusegy\u00e9nis\u00e9g\u00e9v\u00e9 v\u00e1lt. A magyar k\u00f6lt\u00e9szet kincsest\u00e1r\u00e1nak volt f\u0151szerkeszt\u0151je a sorozat befejez\u00e9s\u00e9ig.<\/p>\n<p style=\"text-align: justify;\"><strong>OTTLIK G\u00c9ZA\u00a0<\/strong>(Budapest, 1912. \u2013 Budapest, 1990.)<\/p>\n<p style=\"text-align: justify;\">\u00cdr\u00f3, m\u0171ford\u00edt\u00f3 \u00e9s t\u00f6bbsz\u00f6r\u00f6s magyar bridzs bajnok.\u00a0 A csal\u00e1di hagyom\u00e1nyoknak megfelel\u0151en katonai iskol\u00e1ban \u00e9retts\u00e9gizett, de a kasz\u00e1rnyai fegyelem, embertelens\u00e9g egy \u00e9letre elvette a kedv\u00e9t ett\u0151l a p\u00e1ly\u00e1t\u00f3l, viszont ennek a vil\u00e1gnak fel\u00fclm\u00falhatatlan kr\u00f3nik\u00e1sa lett. Francia-angolos, nyugatos m\u0171velts\u00e9ge ellen\u00e9re matematika-fizika szakos diplom\u00e1t szerzett. 1931-ben jelentek meg els\u0151 \u00edr\u00e1sai. Alkot\u00f3 m\u00f3dszer\u00e9hez tartozott, hogy m\u0171veit \u00e9vekig csiszolgatta: Az iskola a hat\u00e1ron c\u00edm\u0171 reg\u00e9nye els\u0151 kiad\u00e1s\u00e1t 1948-ban tervezte, v\u00e9g\u00fcl 1959-ben jelent meg. \u00c9letm\u0171ve nem nagy, holott szakadatlanul dolgozott. M\u0171ford\u00edt\u00e1sainak sz\u00e1ma sokkal nagyobb, mint eredeti m\u0171vei\u00e9.<\/p>\n<p style=\"text-align: justify;\">Az el\u0151ad\u00e1sokat nemcsak azoknak a di\u00e1koknak aj\u00e1nljuk, akik az id\u00e9n tesznek emelt szint\u0171 \u00e9retts\u00e9git, hanem azoknak is, akik ezt a j\u00f6v\u0151ben tervezik, \u00e9s term\u00e9szetesen minden irodalomkedvel\u0151nek.<\/p>\n<p style=\"text-align: justify;\"><strong>A program bel\u00e9p\u0151d\u00edjmentes, helysz\u00edne:\u00a0<\/strong>EKMK Forr\u00e1s Gyermek \u00e9s Ifj\u00fas\u00e1gi H\u00e1z \/ 3300 Eger, Bart\u00f3k B\u00e9la t\u00e9r 6.<\/p>\n<p style=\"text-align: justify;\">Inform\u00e1ci\u00f3:\u00a0<a href=\"mailto:dsupin.panni@ekmk.eu\">dsupin.panni@ekmk.eu<\/a>, 20\/779-2880<\/p>\n","protected":false},"excerpt":{"rendered":"<p>M\u00e1rcius 1-j\u00e9n, kedden hallhatjuk\u00a0az idei Kikelet Irodalmi El\u0151ad\u00e1ssorozat els\u0151 el\u0151ad\u00e1s\u00e1t, a Forr\u00e1s Gyermek \u00e9s Ifj\u00fas\u00e1gi H\u00e1zban. Az EKMK\u00a0minden esztend\u0151ben az emelt szint\u0171 magyar \u00e9retts\u00e9gi t\u00e9telek k\u00f6z\u00fcl v\u00e1lasztja\u00a0n\u00e9pszer\u0171 ismeretterjeszt\u0151 sorozat\u00e1nak t\u00e9m\u00e1it, rem\u00e9lve, hogy seg\u00edtheti a di\u00e1kok \u00e9s tan\u00e1rok felk\u00e9sz\u00fcl\u00e9s\u00e9t, s egy\u00fattal kedvezhet az irodalom szerelmeseinek is. Az el\u0151ad\u00e1sok megtart\u00e1s\u00e1ra a t\u00e9m\u00e1k jeles\u00a0szaktekint\u00e9lyeit\u00a0k\u00e9rik f\u00f6l; ez \u00e9vben dr. [&#8230;]<\/p>\n","protected":false},"author":4,"featured_media":0,"comment_status":"closed","ping_status":"closed","sticky":false,"template":"","format":"standard","meta":{"footnotes":""},"categories":[8,4],"tags":[262],"class_list":["post-15386","post","type-post","status-publish","format-standard","hentry","category-kultura","category-szabadido","tag-ekmk"],"_links":{"self":[{"href":"https:\/\/www.agriatv.hu\/index.php?rest_route=\/wp\/v2\/posts\/15386","targetHints":{"allow":["GET"]}}],"collection":[{"href":"https:\/\/www.agriatv.hu\/index.php?rest_route=\/wp\/v2\/posts"}],"about":[{"href":"https:\/\/www.agriatv.hu\/index.php?rest_route=\/wp\/v2\/types\/post"}],"author":[{"embeddable":true,"href":"https:\/\/www.agriatv.hu\/index.php?rest_route=\/wp\/v2\/users\/4"}],"replies":[{"embeddable":true,"href":"https:\/\/www.agriatv.hu\/index.php?rest_route=%2Fwp%2Fv2%2Fcomments&post=15386"}],"version-history":[{"count":2,"href":"https:\/\/www.agriatv.hu\/index.php?rest_route=\/wp\/v2\/posts\/15386\/revisions"}],"predecessor-version":[{"id":15389,"href":"https:\/\/www.agriatv.hu\/index.php?rest_route=\/wp\/v2\/posts\/15386\/revisions\/15389"}],"wp:attachment":[{"href":"https:\/\/www.agriatv.hu\/index.php?rest_route=%2Fwp%2Fv2%2Fmedia&parent=15386"}],"wp:term":[{"taxonomy":"category","embeddable":true,"href":"https:\/\/www.agriatv.hu\/index.php?rest_route=%2Fwp%2Fv2%2Fcategories&post=15386"},{"taxonomy":"post_tag","embeddable":true,"href":"https:\/\/www.agriatv.hu\/index.php?rest_route=%2Fwp%2Fv2%2Ftags&post=15386"}],"curies":[{"name":"wp","href":"https:\/\/api.w.org\/{rel}","templated":true}]}}