{"id":15417,"date":"2016-03-06T22:57:24","date_gmt":"2016-03-06T22:57:24","guid":{"rendered":"http:\/\/www.agriatv.hu\/?p=15417"},"modified":"2016-03-06T22:57:24","modified_gmt":"2016-03-06T22:57:24","slug":"hideg-es-eso-ez-var-rank-a-kovetkezo-napokban","status":"publish","type":"post","link":"https:\/\/www.agriatv.hu\/?p=15417","title":{"rendered":"Hideg \u00e9s es\u0151, ez v\u00e1r r\u00e1nk a k\u00f6vetkez\u0151 napokban"},"content":{"rendered":"<p><a href=\"https:\/\/www.agriatv.hu\/wp-content\/uploads\/2016\/03\/486214.720x405.jpg\" rel=\"attachment wp-att-15418\"><img loading=\"lazy\" decoding=\"async\" class=\"alignleft wp-image-15418\" src=\"https:\/\/www.agriatv.hu\/wp-content\/uploads\/2016\/03\/486214.720x405-300x169.jpg\" alt=\"486214.720x405\" width=\"209\" height=\"118\" srcset=\"https:\/\/www.agriatv.hu\/wp-content\/uploads\/2016\/03\/486214.720x405-300x169.jpg 300w, https:\/\/www.agriatv.hu\/wp-content\/uploads\/2016\/03\/486214.720x405.jpg 720w\" sizes=\"auto, (max-width: 209px) 100vw, 209px\" \/><\/a>Az el\u0151rejelz\u00e9sek szerint, ak\u00e1r h\u00e1rom napig is eshet m\u00e9g az es\u0151, \u00e9s a main\u00e1l is hidegebb lehet az id\u0151. Az orsz\u00e1g nyugati r\u00e9sz\u00e9n m\u00e9g h\u00f3 is eshet. Volt ahol ma is eg\u00e9sz nap esett az es\u0151, a f\u0151v\u00e1rosban viszont r\u00f6vid id\u0151re ugyan, de kis\u00fct\u00f6tt a nap d\u00e9lut\u00e1n.<\/p>\n<blockquote class=\"embedly-card\" data-card-key=\"bbb82e0305934450ba516e363ef455a7\">\n<h4><a href=\"http:\/\/tenyek.hu\/neoplayer\/tv2\/embed\/205322_hideg-es-eso-ez-var-rank-a-kovetkezo-napokban.html\/760\">T\u00c9NYEK \/ Hideg \u00e9s es\u0151, ez v\u00e1r r\u00e1nk a k\u00f6vetkez\u0151 napokban \/ tenyek.hu<\/a><\/h4>\n<\/blockquote>\n<p><script src=\"\/\/cdn.embedly.com\/widgets\/platform.js\" async=\"\" charset=\"UTF-8\"><\/script><\/p>\n","protected":false},"excerpt":{"rendered":"<p>Az el\u0151rejelz\u00e9sek szerint, ak\u00e1r h\u00e1rom napig is eshet m\u00e9g az es\u0151, \u00e9s a main\u00e1l is hidegebb lehet az id\u0151. Az orsz\u00e1g nyugati r\u00e9sz\u00e9n m\u00e9g h\u00f3 is eshet. Volt ahol ma is eg\u00e9sz nap esett az es\u0151, a f\u0151v\u00e1rosban viszont r\u00f6vid id\u0151re ugyan, de kis\u00fct\u00f6tt a nap d\u00e9lut\u00e1n.<\/p>\n<p>T\u00c9NYEK \/ Hideg \u00e9s es\u0151, ez v\u00e1r r\u00e1nk a [&#8230;]<\/p>\n","protected":false},"author":4,"featured_media":0,"comment_status":"closed","ping_status":"closed","sticky":false,"template":"","format":"standard","meta":{"footnotes":""},"categories":[6,4],"tags":[1215,892,899,988],"class_list":["post-15417","post","type-post","status-publish","format-standard","hentry","category-belfold","category-szabadido","tag-eso","tag-hideg","tag-idojaras","tag-tavasz"],"_links":{"self":[{"href":"https:\/\/www.agriatv.hu\/index.php?rest_route=\/wp\/v2\/posts\/15417","targetHints":{"allow":["GET"]}}],"collection":[{"href":"https:\/\/www.agriatv.hu\/index.php?rest_route=\/wp\/v2\/posts"}],"about":[{"href":"https:\/\/www.agriatv.hu\/index.php?rest_route=\/wp\/v2\/types\/post"}],"author":[{"embeddable":true,"href":"https:\/\/www.agriatv.hu\/index.php?rest_route=\/wp\/v2\/users\/4"}],"replies":[{"embeddable":true,"href":"https:\/\/www.agriatv.hu\/index.php?rest_route=%2Fwp%2Fv2%2Fcomments&post=15417"}],"version-history":[{"count":1,"href":"https:\/\/www.agriatv.hu\/index.php?rest_route=\/wp\/v2\/posts\/15417\/revisions"}],"predecessor-version":[{"id":15419,"href":"https:\/\/www.agriatv.hu\/index.php?rest_route=\/wp\/v2\/posts\/15417\/revisions\/15419"}],"wp:attachment":[{"href":"https:\/\/www.agriatv.hu\/index.php?rest_route=%2Fwp%2Fv2%2Fmedia&parent=15417"}],"wp:term":[{"taxonomy":"category","embeddable":true,"href":"https:\/\/www.agriatv.hu\/index.php?rest_route=%2Fwp%2Fv2%2Fcategories&post=15417"},{"taxonomy":"post_tag","embeddable":true,"href":"https:\/\/www.agriatv.hu\/index.php?rest_route=%2Fwp%2Fv2%2Ftags&post=15417"}],"curies":[{"name":"wp","href":"https:\/\/api.w.org\/{rel}","templated":true}]}}