{"id":15420,"date":"2016-03-07T19:14:15","date_gmt":"2016-03-07T19:14:15","guid":{"rendered":"http:\/\/www.agriatv.hu\/?p=15420"},"modified":"2016-03-07T19:14:15","modified_gmt":"2016-03-07T19:14:15","slug":"sajat-vizeletet-itta-a-pszichiatrian-egy-beteg","status":"publish","type":"post","link":"https:\/\/www.agriatv.hu\/?p=15420","title":{"rendered":"Saj\u00e1t vizelet\u00e9t itta a pszichi\u00e1tri\u00e1n egy beteg"},"content":{"rendered":"<p style=\"text-align: justify;\"><a href=\"https:\/\/www.agriatv.hu\/wp-content\/uploads\/2016\/03\/486344.720x405.jpg\" rel=\"attachment wp-att-15421\"><img loading=\"lazy\" decoding=\"async\" class=\"alignleft wp-image-15421\" src=\"https:\/\/www.agriatv.hu\/wp-content\/uploads\/2016\/03\/486344.720x405-300x169.jpg\" alt=\"486344.720x405\" width=\"167\" height=\"94\" srcset=\"https:\/\/www.agriatv.hu\/wp-content\/uploads\/2016\/03\/486344.720x405-300x169.jpg 300w, https:\/\/www.agriatv.hu\/wp-content\/uploads\/2016\/03\/486344.720x405.jpg 720w\" sizes=\"auto, (max-width: 167px) 100vw, 167px\" \/><\/a>Saj\u00e1t vizelet\u00e9t kellett meginnia, hogy ne haljon szomjan az egri k\u00f3rh\u00e1z pszichi\u00e1tri\u00e1j\u00e1n &#8211; ezt \u00e1ll\u00edtja egy beteg. A f\u00e9rfi szerint hi\u00e1ba k\u00f6ny\u00f6rg\u00f6tt a n\u0151v\u00e9reknek v\u00edz\u00e9rt, nem kapott. Azt mondt\u00e1k neki, hogy m\u00e1s betegekkel kell foglalkozniuk. Ez az eset ugyanabban a k\u00f3rh\u00e1zban t\u00f6rt\u00e9nt, ahol a m\u00falt h\u00e9ten \u00f6ngyilkos lett egy 26 \u00e9ves f\u00e9rfi, aki a zuhanyz\u00f3ban k\u00f6t\u00f6tte fel mag\u00e1t.<\/p>\n<blockquote class=\"embedly-card\" data-card-key=\"bbb82e0305934450ba516e363ef455a7\">\n<h4><a href=\"http:\/\/tenyek.hu\/neoplayer\/tv2\/embed\/205420_sajat-vizeletet-itta-a-pszichiatrian-egy-beteg.html\/760\">T\u00c9NYEK \/ Saj\u00e1t vizelet\u00e9t itta a pszichi\u00e1tri\u00e1n egy beteg \/ tenyek.hu<\/a><\/h4>\n<\/blockquote>\n<p><script src=\"\/\/cdn.embedly.com\/widgets\/platform.js\" async=\"\" charset=\"UTF-8\"><\/script><\/p>\n","protected":false},"excerpt":{"rendered":"<p>Saj\u00e1t vizelet\u00e9t kellett meginnia, hogy ne haljon szomjan az egri k\u00f3rh\u00e1z pszichi\u00e1tri\u00e1j\u00e1n &#8211; ezt \u00e1ll\u00edtja egy beteg. A f\u00e9rfi szerint hi\u00e1ba k\u00f6ny\u00f6rg\u00f6tt a n\u0151v\u00e9reknek v\u00edz\u00e9rt, nem kapott. Azt mondt\u00e1k neki, hogy m\u00e1s betegekkel kell foglalkozniuk. Ez az eset ugyanabban a k\u00f3rh\u00e1zban t\u00f6rt\u00e9nt, ahol a m\u00falt h\u00e9ten \u00f6ngyilkos lett egy 26 \u00e9ves f\u00e9rfi, aki a zuhanyz\u00f3ban [&#8230;]<\/p>\n","protected":false},"author":4,"featured_media":0,"comment_status":"closed","ping_status":"closed","sticky":false,"template":"","format":"standard","meta":{"footnotes":""},"categories":[6,19],"tags":[36,713,2386],"class_list":["post-15420","post","type-post","status-publish","format-standard","hentry","category-belfold","category-egeszseg","tag-eger","tag-korhaz","tag-pszichiatria"],"_links":{"self":[{"href":"https:\/\/www.agriatv.hu\/index.php?rest_route=\/wp\/v2\/posts\/15420","targetHints":{"allow":["GET"]}}],"collection":[{"href":"https:\/\/www.agriatv.hu\/index.php?rest_route=\/wp\/v2\/posts"}],"about":[{"href":"https:\/\/www.agriatv.hu\/index.php?rest_route=\/wp\/v2\/types\/post"}],"author":[{"embeddable":true,"href":"https:\/\/www.agriatv.hu\/index.php?rest_route=\/wp\/v2\/users\/4"}],"replies":[{"embeddable":true,"href":"https:\/\/www.agriatv.hu\/index.php?rest_route=%2Fwp%2Fv2%2Fcomments&post=15420"}],"version-history":[{"count":1,"href":"https:\/\/www.agriatv.hu\/index.php?rest_route=\/wp\/v2\/posts\/15420\/revisions"}],"predecessor-version":[{"id":15422,"href":"https:\/\/www.agriatv.hu\/index.php?rest_route=\/wp\/v2\/posts\/15420\/revisions\/15422"}],"wp:attachment":[{"href":"https:\/\/www.agriatv.hu\/index.php?rest_route=%2Fwp%2Fv2%2Fmedia&parent=15420"}],"wp:term":[{"taxonomy":"category","embeddable":true,"href":"https:\/\/www.agriatv.hu\/index.php?rest_route=%2Fwp%2Fv2%2Fcategories&post=15420"},{"taxonomy":"post_tag","embeddable":true,"href":"https:\/\/www.agriatv.hu\/index.php?rest_route=%2Fwp%2Fv2%2Ftags&post=15420"}],"curies":[{"name":"wp","href":"https:\/\/api.w.org\/{rel}","templated":true}]}}