{"id":15458,"date":"2016-03-14T15:52:39","date_gmt":"2016-03-14T15:52:39","guid":{"rendered":"http:\/\/www.agriatv.hu\/?p=15458"},"modified":"2016-03-14T15:53:23","modified_gmt":"2016-03-14T15:53:23","slug":"baleset-az-m3-lezarva","status":"publish","type":"post","link":"https:\/\/www.agriatv.hu\/?p=15458","title":{"rendered":"Baleset: az egri busz hajtott \u00e1rokba, 18 s\u00e9r\u00fclt"},"content":{"rendered":"<p style=\"text-align: justify;\"><b><a href=\"https:\/\/www.agriatv.hu\/wp-content\/uploads\/2016\/03\/leadgolya.jpg\" rel=\"attachment wp-att-15460\"><img loading=\"lazy\" decoding=\"async\" class=\"alignleft wp-image-15460\" src=\"https:\/\/www.agriatv.hu\/wp-content\/uploads\/2016\/03\/leadgolya-300x199.jpg\" alt=\"leadgolya\" width=\"194\" height=\"129\" srcset=\"https:\/\/www.agriatv.hu\/wp-content\/uploads\/2016\/03\/leadgolya-300x199.jpg 300w, https:\/\/www.agriatv.hu\/wp-content\/uploads\/2016\/03\/leadgolya.jpg 592w\" sizes=\"auto, (max-width: 194px) 100vw, 194px\" \/><\/a>A Budapest fel\u00e9 vezet\u0151 oldal 55-\u00f6s kilom\u00e9ter\u00e9n\u00e9l t\u00f6rt\u00e9nt a baleset. Teljes sz\u00e9less\u00e9g\u00e9ben lez\u00e1rt\u00e1k a sztr\u00e1da \u00e9rintett szakasz\u00e1t.<\/b><br \/>\nLehajtott az \u00fatr\u00f3l, majd \u00e1rokba borult egy menetrend szerint k\u00f6zleked\u0151 aut\u00f3busz az M3-as aut\u00f3p\u00e1lya hatvani szakasz\u00e1n, a f\u0151v\u00e1ros fel\u00e9 vezet\u0151 oldal 55-\u00f6s kilom\u00e9ter\u00e9n\u00e9l. Az els\u0151dleges inform\u00e1ci\u00f3k alapj\u00e1n t\u00f6bb s\u00e9r\u00fcltje is van a balesetnek, akik k\u00f6z\u00fcl egy beszorult s\u00e9r\u00fcltet a hatvani hivat\u00e1sos t\u0171zolt\u00f3k szabad\u00edtanak ki emel\u0151p\u00e1rna seg\u00edts\u00e9g\u00e9vel. A m\u0171szaki ment\u00e9si munk\u00e1latok \u00e9s a rend\u0151rs\u00e9gi helysz\u00ednel\u00e9s idej\u00e9re teljes sz\u00e9less\u00e9g\u00e9ben lez\u00e1rt\u00e1k a sztr\u00e1da \u00e9rintett szakasz\u00e1t. Az 58-as kilom\u00e9terszelv\u00e9nyn\u00e9l leterelik a forgalmat a p\u00e1ly\u00e1r\u00f3l.<\/p>\n<p style=\"text-align: justify;\">\u00dagy tudjuk, az Egerb\u0151l Budapestre tart\u00f3 busz szenvedett balesetet: 18 s\u00e9r\u00fclt van, k\u00f6zt\u00fck2 s\u00falyos.<\/p>\n","protected":false},"excerpt":{"rendered":"<p>A Budapest fel\u00e9 vezet\u0151 oldal 55-\u00f6s kilom\u00e9ter\u00e9n\u00e9l t\u00f6rt\u00e9nt a baleset. Teljes sz\u00e9less\u00e9g\u00e9ben lez\u00e1rt\u00e1k a sztr\u00e1da \u00e9rintett szakasz\u00e1t.<br \/>\nLehajtott az \u00fatr\u00f3l, majd \u00e1rokba borult egy menetrend szerint k\u00f6zleked\u0151 aut\u00f3busz az M3-as aut\u00f3p\u00e1lya hatvani szakasz\u00e1n, a f\u0151v\u00e1ros fel\u00e9 vezet\u0151 oldal 55-\u00f6s kilom\u00e9ter\u00e9n\u00e9l. Az els\u0151dleges inform\u00e1ci\u00f3k alapj\u00e1n t\u00f6bb s\u00e9r\u00fcltje is van a balesetnek, akik k\u00f6z\u00fcl egy beszorult s\u00e9r\u00fcltet a [&#8230;]<\/p>\n","protected":false},"author":4,"featured_media":0,"comment_status":"closed","ping_status":"closed","sticky":false,"template":"","format":"standard","meta":{"footnotes":""},"categories":[5],"tags":[41,968,236,844],"class_list":["post-15458","post","type-post","status-publish","format-standard","hentry","category-kek-hirek","tag-baleset","tag-busz","tag-hatvan","tag-m3"],"_links":{"self":[{"href":"https:\/\/www.agriatv.hu\/index.php?rest_route=\/wp\/v2\/posts\/15458","targetHints":{"allow":["GET"]}}],"collection":[{"href":"https:\/\/www.agriatv.hu\/index.php?rest_route=\/wp\/v2\/posts"}],"about":[{"href":"https:\/\/www.agriatv.hu\/index.php?rest_route=\/wp\/v2\/types\/post"}],"author":[{"embeddable":true,"href":"https:\/\/www.agriatv.hu\/index.php?rest_route=\/wp\/v2\/users\/4"}],"replies":[{"embeddable":true,"href":"https:\/\/www.agriatv.hu\/index.php?rest_route=%2Fwp%2Fv2%2Fcomments&post=15458"}],"version-history":[{"count":2,"href":"https:\/\/www.agriatv.hu\/index.php?rest_route=\/wp\/v2\/posts\/15458\/revisions"}],"predecessor-version":[{"id":15462,"href":"https:\/\/www.agriatv.hu\/index.php?rest_route=\/wp\/v2\/posts\/15458\/revisions\/15462"}],"wp:attachment":[{"href":"https:\/\/www.agriatv.hu\/index.php?rest_route=%2Fwp%2Fv2%2Fmedia&parent=15458"}],"wp:term":[{"taxonomy":"category","embeddable":true,"href":"https:\/\/www.agriatv.hu\/index.php?rest_route=%2Fwp%2Fv2%2Fcategories&post=15458"},{"taxonomy":"post_tag","embeddable":true,"href":"https:\/\/www.agriatv.hu\/index.php?rest_route=%2Fwp%2Fv2%2Ftags&post=15458"}],"curies":[{"name":"wp","href":"https:\/\/api.w.org\/{rel}","templated":true}]}}