{"id":15463,"date":"2016-03-14T17:58:39","date_gmt":"2016-03-14T17:58:39","guid":{"rendered":"http:\/\/www.agriatv.hu\/?p=15463"},"modified":"2016-03-14T17:58:39","modified_gmt":"2016-03-14T17:58:39","slug":"utasokkal-teli-busz-hajtott-arokba-sokan-megserultek","status":"publish","type":"post","link":"https:\/\/www.agriatv.hu\/?p=15463","title":{"rendered":"Utasokkal teli busz hajtott \u00e1rokba, sokan megs\u00e9r\u00fcltek"},"content":{"rendered":"<div id=\"cikk_video_space\"><\/div>\n<div class=\"mainblock_cikk\">\n<div id=\"cikktorzs\">\n<div id=\"cikktorzs_inner\" style=\"text-align: justify;\"><a href=\"https:\/\/www.agriatv.hu\/wp-content\/uploads\/2016\/03\/487222.720x405.jpg\" rel=\"attachment wp-att-15464\"><img loading=\"lazy\" decoding=\"async\" class=\"alignleft wp-image-15464\" src=\"https:\/\/www.agriatv.hu\/wp-content\/uploads\/2016\/03\/487222.720x405-300x169.jpg\" alt=\"487222.720x405\" width=\"233\" height=\"131\" srcset=\"https:\/\/www.agriatv.hu\/wp-content\/uploads\/2016\/03\/487222.720x405-300x169.jpg 300w, https:\/\/www.agriatv.hu\/wp-content\/uploads\/2016\/03\/487222.720x405.jpg 720w\" sizes=\"auto, (max-width: 233px) 100vw, 233px\" \/><\/a>\u00c1rokba borult egy utasokkal teli aut\u00f3busz az M3-as aut\u00f3p\u00e1ly\u00e1n. A busz Egerb\u0151l ment Budapestre, amikor az aut\u00f3p\u00e1ly\u00e1r\u00f3l lekanyarodott \u00e9s az \u00e1rokba zuhant. 18-an s\u00e9r\u00fcltek meg, az egyik utas annyira s\u00falyosan, hogy a t\u0171zolt\u00f3knak kellett kiszabad\u00edtani a roncsok k\u00f6z\u00fcl, k\u00e9s\u0151bb ment\u0151helikopter vitte k\u00f3rh\u00e1zba. Az egyik utas azt mondja, lehet elaludt a sof\u0151r.<\/div>\n<\/div>\n<\/div>\n<p><iframe loading=\"lazy\" src=\"http:\/\/tenyek.hu\/neoplayer\/tv2\/embed\/206028_utasokkal-teli-busz-hajtott-arokba-sokan-megserultek.html\/760\" width=\"760\" height=\"427\" frameborder=\"0\" scrolling=\"no\"><\/iframe><\/p>\n","protected":false},"excerpt":{"rendered":"<p>\u00c1rokba borult egy utasokkal teli aut\u00f3busz az M3-as aut\u00f3p\u00e1ly\u00e1n. A busz Egerb\u0151l ment Budapestre, amikor az aut\u00f3p\u00e1ly\u00e1r\u00f3l lekanyarodott \u00e9s az \u00e1rokba zuhant. 18-an s\u00e9r\u00fcltek meg, az egyik utas annyira s\u00falyosan, hogy a t\u0171zolt\u00f3knak kellett kiszabad\u00edtani a roncsok k\u00f6z\u00fcl, k\u00e9s\u0151bb ment\u0151helikopter vitte k\u00f3rh\u00e1zba. Az egyik utas azt mondja, lehet elaludt a sof\u0151r.<\/p>\n","protected":false},"author":4,"featured_media":0,"comment_status":"closed","ping_status":"closed","sticky":false,"template":"","format":"standard","meta":{"footnotes":""},"categories":[5],"tags":[979,968,2395,380,458,161],"class_list":["post-15463","post","type-post","status-publish","format-standard","hentry","category-kek-hirek","tag-autopalya","tag-busz","tag-helikpter","tag-mento","tag-serult","tag-tuzolto"],"_links":{"self":[{"href":"https:\/\/www.agriatv.hu\/index.php?rest_route=\/wp\/v2\/posts\/15463","targetHints":{"allow":["GET"]}}],"collection":[{"href":"https:\/\/www.agriatv.hu\/index.php?rest_route=\/wp\/v2\/posts"}],"about":[{"href":"https:\/\/www.agriatv.hu\/index.php?rest_route=\/wp\/v2\/types\/post"}],"author":[{"embeddable":true,"href":"https:\/\/www.agriatv.hu\/index.php?rest_route=\/wp\/v2\/users\/4"}],"replies":[{"embeddable":true,"href":"https:\/\/www.agriatv.hu\/index.php?rest_route=%2Fwp%2Fv2%2Fcomments&post=15463"}],"version-history":[{"count":1,"href":"https:\/\/www.agriatv.hu\/index.php?rest_route=\/wp\/v2\/posts\/15463\/revisions"}],"predecessor-version":[{"id":15465,"href":"https:\/\/www.agriatv.hu\/index.php?rest_route=\/wp\/v2\/posts\/15463\/revisions\/15465"}],"wp:attachment":[{"href":"https:\/\/www.agriatv.hu\/index.php?rest_route=%2Fwp%2Fv2%2Fmedia&parent=15463"}],"wp:term":[{"taxonomy":"category","embeddable":true,"href":"https:\/\/www.agriatv.hu\/index.php?rest_route=%2Fwp%2Fv2%2Fcategories&post=15463"},{"taxonomy":"post_tag","embeddable":true,"href":"https:\/\/www.agriatv.hu\/index.php?rest_route=%2Fwp%2Fv2%2Ftags&post=15463"}],"curies":[{"name":"wp","href":"https:\/\/api.w.org\/{rel}","templated":true}]}}