{"id":15475,"date":"2016-03-17T10:20:56","date_gmt":"2016-03-17T10:20:56","guid":{"rendered":"http:\/\/www.agriatv.hu\/?p=15475"},"modified":"2016-03-17T10:20:56","modified_gmt":"2016-03-17T10:20:56","slug":"baleset-tortent-az-m3-as-autopalya-heves-megyei-szakaszan","status":"publish","type":"post","link":"https:\/\/www.agriatv.hu\/?p=15475","title":{"rendered":"Baleset t\u00f6rt\u00e9nt az M3-as aut\u00f3p\u00e1lya Heves megyei szakasz\u00e1n"},"content":{"rendered":"<div class=\"field field-name-field-lead field-type-text-long field-label-hidden\">\n<div class=\"field-items\">\n<div class=\"field-item even\" style=\"text-align: justify;\"><strong><a href=\"https:\/\/www.agriatv.hu\/wp-content\/uploads\/2016\/03\/12034307_1347358208626850_5297106136336326156_o.jpg\" rel=\"attachment wp-att-15476\"><img loading=\"lazy\" decoding=\"async\" class=\"alignleft  wp-image-15476\" src=\"https:\/\/www.agriatv.hu\/wp-content\/uploads\/2016\/03\/12034307_1347358208626850_5297106136336326156_o-300x300.jpg\" alt=\"12034307_1347358208626850_5297106136336326156_o\" width=\"137\" height=\"137\" srcset=\"https:\/\/www.agriatv.hu\/wp-content\/uploads\/2016\/03\/12034307_1347358208626850_5297106136336326156_o-300x300.jpg 300w, https:\/\/www.agriatv.hu\/wp-content\/uploads\/2016\/03\/12034307_1347358208626850_5297106136336326156_o-150x150.jpg 150w, https:\/\/www.agriatv.hu\/wp-content\/uploads\/2016\/03\/12034307_1347358208626850_5297106136336326156_o-768x768.jpg 768w, https:\/\/www.agriatv.hu\/wp-content\/uploads\/2016\/03\/12034307_1347358208626850_5297106136336326156_o-1024x1024.jpg 1024w, https:\/\/www.agriatv.hu\/wp-content\/uploads\/2016\/03\/12034307_1347358208626850_5297106136336326156_o.jpg 1080w\" sizes=\"auto, (max-width: 137px) 100vw, 137px\" \/><\/a>Teheraut\u00f3 \u00e9s mikrobusz \u00fctk\u00f6z\u00f6tt. A balesetben h\u00e1rman megs\u00e9r\u00fcltek.<\/strong><\/div>\n<\/div>\n<\/div>\n<div class=\"field field-name-field-szovegtorzs field-type-text-long field-label-hidden\">\n<div class=\"field-items\">\n<div class=\"field-item even\">\n<p style=\"text-align: justify;\">Az eddig rendelkez\u00e9sre \u00e1ll\u00f3 adatok alapj\u00e1n az M3-as aut\u00f3p\u00e1lya Budapest ir\u00e1ny\u00e1ba vezet\u0151 oldal\u00e1nak 65-\u00f6s kilom\u00e9ter-szelv\u00e9ny\u00e9ben &#8211; az Ecs\u00e9di pihen\u0151 k\u00f6zel\u00e9ben &#8211; 2016. m\u00e1rcius 17-\u00e9n 7 \u00f3ra k\u00f6r\u00fcli id\u0151ben egy teherg\u00e9pj\u00e1rm\u0171 \u00e9s egy mikrobusz \u00fctk\u00f6z\u00f6tt \u00f6ssze.<\/p>\n<p style=\"text-align: justify;\">\u00dagy tudjuk, egy ukr\u00e1n rendsz\u00e1m\u00fa mikrobusz vezet\u0151je menet k\u00f6zben elaludt \u00e9s nekiment az el\u0151tte halad\u00f3 rom\u00e1n kamion h\u00e1tulj\u00e1nak. A mikrobuszban h\u00e1rman utaztak: mindannyian megs\u00e9r\u00fcltek, egyik\u00fckh\u00f6z ment\u0151helikoptert h\u00edvtak. A helysz\u00ednel\u00e9s idej\u00e9n f\u00e9lp\u00e1ly\u00e1n lehetett k\u00f6zlekedni, kb 6-8 km-es sor alakult ki.<\/p>\n<p style=\"text-align: justify;\">\n<div class=\"youtube-embed ye-container\" itemprop=\"video\" itemscope itemtype=\"https:\/\/schema.org\/VideoObject\">\n\t<meta itemprop=\"url\" content=\"https:\/\/www.youtube.com\/v\/7SLgc8gy_Uw\" \/>\n\t<meta itemprop=\"name\" content=\"Baleset t\u00f6rt\u00e9nt az M3-as aut\u00f3p\u00e1lya Heves megyei szakasz\u00e1n\" \/>\n\t<meta itemprop=\"description\" content=\"Baleset t\u00f6rt\u00e9nt az M3-as aut\u00f3p\u00e1lya Heves megyei szakasz\u00e1n\" \/>\n\t<meta itemprop=\"uploadDate\" content=\"2016-03-17T10:20:56+00:00\" \/>\n\t<meta itemprop=\"thumbnailUrl\" content=\"https:\/\/i.ytimg.com\/vi\/7SLgc8gy_Uw\/default.jpg\" \/>\n\t<meta itemprop=\"embedUrl\" content=\"https:\/\/www.youtube.com\/embed\/7SLgc8gy_Uw\" \/>\n\t<meta itemprop=\"height\" content=\"1080\" \/>\n\t<meta itemprop=\"width\" content=\"1920\" \/>\n\t<iframe loading=\"lazy\" style=\"border: 0;\" class=\"youtube-player\" width=\"1920\" height=\"1080\" src=\"https:\/\/www.youtube.com\/embed\/7SLgc8gy_Uw?modestbranding=1&fs=0&rel=0\"><\/iframe>\n<\/div>\n<\/p>\n<\/div>\n<\/div>\n<\/div>\n","protected":false},"excerpt":{"rendered":"<p>Teheraut\u00f3 \u00e9s mikrobusz \u00fctk\u00f6z\u00f6tt. A balesetben h\u00e1rman megs\u00e9r\u00fcltek.<\/p>\n<p>Az eddig rendelkez\u00e9sre \u00e1ll\u00f3 adatok alapj\u00e1n az M3-as aut\u00f3p\u00e1lya Budapest ir\u00e1ny\u00e1ba vezet\u0151 oldal\u00e1nak 65-\u00f6s kilom\u00e9ter-szelv\u00e9ny\u00e9ben &#8211; az Ecs\u00e9di pihen\u0151 k\u00f6zel\u00e9ben &#8211; 2016. m\u00e1rcius 17-\u00e9n 7 \u00f3ra k\u00f6r\u00fcli id\u0151ben egy teherg\u00e9pj\u00e1rm\u0171 \u00e9s egy mikrobusz \u00fctk\u00f6z\u00f6tt \u00f6ssze.<br \/>\n\u00dagy tudjuk, egy ukr\u00e1n rendsz\u00e1m\u00fa mikrobusz vezet\u0151je menet k\u00f6zben elaludt \u00e9s nekiment az el\u0151tte [&#8230;]<\/p>\n","protected":false},"author":4,"featured_media":0,"comment_status":"closed","ping_status":"closed","sticky":false,"template":"","format":"standard","meta":{"footnotes":""},"categories":[5],"tags":[41,844,122,458],"class_list":["post-15475","post","type-post","status-publish","format-standard","hentry","category-kek-hirek","tag-baleset","tag-m3","tag-rendorseg","tag-serult"],"_links":{"self":[{"href":"https:\/\/www.agriatv.hu\/index.php?rest_route=\/wp\/v2\/posts\/15475","targetHints":{"allow":["GET"]}}],"collection":[{"href":"https:\/\/www.agriatv.hu\/index.php?rest_route=\/wp\/v2\/posts"}],"about":[{"href":"https:\/\/www.agriatv.hu\/index.php?rest_route=\/wp\/v2\/types\/post"}],"author":[{"embeddable":true,"href":"https:\/\/www.agriatv.hu\/index.php?rest_route=\/wp\/v2\/users\/4"}],"replies":[{"embeddable":true,"href":"https:\/\/www.agriatv.hu\/index.php?rest_route=%2Fwp%2Fv2%2Fcomments&post=15475"}],"version-history":[{"count":1,"href":"https:\/\/www.agriatv.hu\/index.php?rest_route=\/wp\/v2\/posts\/15475\/revisions"}],"predecessor-version":[{"id":15477,"href":"https:\/\/www.agriatv.hu\/index.php?rest_route=\/wp\/v2\/posts\/15475\/revisions\/15477"}],"wp:attachment":[{"href":"https:\/\/www.agriatv.hu\/index.php?rest_route=%2Fwp%2Fv2%2Fmedia&parent=15475"}],"wp:term":[{"taxonomy":"category","embeddable":true,"href":"https:\/\/www.agriatv.hu\/index.php?rest_route=%2Fwp%2Fv2%2Fcategories&post=15475"},{"taxonomy":"post_tag","embeddable":true,"href":"https:\/\/www.agriatv.hu\/index.php?rest_route=%2Fwp%2Fv2%2Ftags&post=15475"}],"curies":[{"name":"wp","href":"https:\/\/api.w.org\/{rel}","templated":true}]}}