{"id":15478,"date":"2016-03-17T17:44:08","date_gmt":"2016-03-17T17:44:08","guid":{"rendered":"http:\/\/www.agriatv.hu\/?p=15478"},"modified":"2016-03-17T17:44:08","modified_gmt":"2016-03-17T17:44:08","slug":"felszamoltak-az-autotolvaj-bandat","status":"publish","type":"post","link":"https:\/\/www.agriatv.hu\/?p=15478","title":{"rendered":"Felsz\u00e1molt\u00e1k az aut\u00f3tolvaj band\u00e1t"},"content":{"rendered":"<p style=\"text-align: justify;\"><a href=\"https:\/\/www.agriatv.hu\/wp-content\/uploads\/2016\/03\/487669.720x405.jpg\" rel=\"attachment wp-att-15479\"><img loading=\"lazy\" decoding=\"async\" class=\"alignleft wp-image-15479\" src=\"https:\/\/www.agriatv.hu\/wp-content\/uploads\/2016\/03\/487669.720x405-300x169.jpg\" alt=\"487669.720x405\" width=\"220\" height=\"124\" srcset=\"https:\/\/www.agriatv.hu\/wp-content\/uploads\/2016\/03\/487669.720x405-300x169.jpg 300w, https:\/\/www.agriatv.hu\/wp-content\/uploads\/2016\/03\/487669.720x405.jpg 720w\" sizes=\"auto, (max-width: 220px) 100vw, 220px\" \/><\/a>Aut\u00f3tolvaj band\u00e1t sz\u00e1moltak fel Egerben. Eddig n\u00e9gy embert vettek \u0151rizetbe. K\u00e9t f\u00e9rfit azzal gyan\u00fas\u00edtanak, hogy ellopt\u00e1k az aut\u00f3kat, az egyiket azzal, hogy meghamis\u00edtotta az alv\u00e1zsz\u00e1mot, azt\u00e1n seg\u00edtett eladni a kocsikat, egy f\u00e9rfit pedig azzal, hogy sz\u00e1ll\u00edtotta a lopott kocsikat. H\u00e1rman m\u00e9g novemberben lebuktak, egy embert pedig most kaptak el, hajnalban \u00fct\u00f6ttek rajta a saj\u00e1t lak\u00e1s\u00e1ban.<\/p>\n<p><iframe loading=\"lazy\" src=\"http:\/\/tenyek.hu\/neoplayer\/tv2\/embed\/206312_felszamoltak-az-autotolvaj-bandat.html\/760\" width=\"760\" height=\"427\" frameborder=\"0\" scrolling=\"no\"><\/iframe><\/p>\n","protected":false},"excerpt":{"rendered":"<p>Aut\u00f3tolvaj band\u00e1t sz\u00e1moltak fel Egerben. Eddig n\u00e9gy embert vettek \u0151rizetbe. K\u00e9t f\u00e9rfit azzal gyan\u00fas\u00edtanak, hogy ellopt\u00e1k az aut\u00f3kat, az egyiket azzal, hogy meghamis\u00edtotta az alv\u00e1zsz\u00e1mot, azt\u00e1n seg\u00edtett eladni a kocsikat, egy f\u00e9rfit pedig azzal, hogy sz\u00e1ll\u00edtotta a lopott kocsikat. H\u00e1rman m\u00e9g novemberben lebuktak, egy embert pedig most kaptak el, hajnalban \u00fct\u00f6ttek rajta a saj\u00e1t lak\u00e1s\u00e1ban.<\/p>\n","protected":false},"author":4,"featured_media":0,"comment_status":"closed","ping_status":"closed","sticky":false,"template":"","format":"standard","meta":{"footnotes":""},"categories":[5,7],"tags":[1085,1137,122,1553],"class_list":["post-15478","post","type-post","status-publish","format-standard","hentry","category-kek-hirek","category-kulfold","tag-auto","tag-elfogas","tag-rendorseg","tag-tolvaj"],"_links":{"self":[{"href":"https:\/\/www.agriatv.hu\/index.php?rest_route=\/wp\/v2\/posts\/15478","targetHints":{"allow":["GET"]}}],"collection":[{"href":"https:\/\/www.agriatv.hu\/index.php?rest_route=\/wp\/v2\/posts"}],"about":[{"href":"https:\/\/www.agriatv.hu\/index.php?rest_route=\/wp\/v2\/types\/post"}],"author":[{"embeddable":true,"href":"https:\/\/www.agriatv.hu\/index.php?rest_route=\/wp\/v2\/users\/4"}],"replies":[{"embeddable":true,"href":"https:\/\/www.agriatv.hu\/index.php?rest_route=%2Fwp%2Fv2%2Fcomments&post=15478"}],"version-history":[{"count":1,"href":"https:\/\/www.agriatv.hu\/index.php?rest_route=\/wp\/v2\/posts\/15478\/revisions"}],"predecessor-version":[{"id":15480,"href":"https:\/\/www.agriatv.hu\/index.php?rest_route=\/wp\/v2\/posts\/15478\/revisions\/15480"}],"wp:attachment":[{"href":"https:\/\/www.agriatv.hu\/index.php?rest_route=%2Fwp%2Fv2%2Fmedia&parent=15478"}],"wp:term":[{"taxonomy":"category","embeddable":true,"href":"https:\/\/www.agriatv.hu\/index.php?rest_route=%2Fwp%2Fv2%2Fcategories&post=15478"},{"taxonomy":"post_tag","embeddable":true,"href":"https:\/\/www.agriatv.hu\/index.php?rest_route=%2Fwp%2Fv2%2Ftags&post=15478"}],"curies":[{"name":"wp","href":"https:\/\/api.w.org\/{rel}","templated":true}]}}