{"id":15481,"date":"2016-03-17T17:51:04","date_gmt":"2016-03-17T17:51:04","guid":{"rendered":"http:\/\/www.agriatv.hu\/?p=15481"},"modified":"2016-03-17T17:51:04","modified_gmt":"2016-03-17T17:51:04","slug":"sulyos-serultje-van-a-rafutasos-balesetnek","status":"publish","type":"post","link":"https:\/\/www.agriatv.hu\/?p=15481","title":{"rendered":"S\u00falyos s\u00e9r\u00fcltje van a r\u00e1fut\u00e1sos balesetnek"},"content":{"rendered":"<div class=\"cikklead\" style=\"text-align: justify;\"><strong><a href=\"https:\/\/www.agriatv.hu\/wp-content\/uploads\/2016\/03\/160317baleset_rakoczi.Still004.jpg\" rel=\"attachment wp-att-15482\"><img loading=\"lazy\" decoding=\"async\" class=\"alignleft  wp-image-15482\" src=\"https:\/\/www.agriatv.hu\/wp-content\/uploads\/2016\/03\/160317baleset_rakoczi.Still004-300x240.jpg\" alt=\"160317baleset_rakoczi.Still004\" width=\"185\" height=\"148\" srcset=\"https:\/\/www.agriatv.hu\/wp-content\/uploads\/2016\/03\/160317baleset_rakoczi.Still004-300x240.jpg 300w, https:\/\/www.agriatv.hu\/wp-content\/uploads\/2016\/03\/160317baleset_rakoczi.Still004-100x80.jpg 100w, https:\/\/www.agriatv.hu\/wp-content\/uploads\/2016\/03\/160317baleset_rakoczi.Still004.jpg 720w\" sizes=\"auto, (max-width: 185px) 100vw, 185px\" \/><\/a>Baleset t\u00f6rt\u00e9nt Egerben cs\u00fct\u00f6rt\u00f6k\u00f6n d\u00e9lut\u00e1n \u00f6t \u00f3ra ut\u00e1n a II. R\u00e1k\u00f3czi Ferenc \u00faton.<\/strong><\/div>\n<div class=\"cikkleft cikktext\">\n<p style=\"text-align: justify;\">Solt\u00e9sz B\u00e1lint megyei rend\u0151rs\u00e9gi sajt\u00f3sz\u00f3viv\u0151 port\u00e1lunk \u00e9rdekl\u0151d\u00e9s\u00e9re elmondta, hogy a jelenleg rendelkez\u00e9sre \u00e1ll\u00f3 adatok alapj\u00e1n r\u00e1fut\u00e1sos baleset t\u00f6rt\u00e9nt. K\u00e9t szem\u00e9lyg\u00e9pkocsi a benzink\u00fat \u00e9s a viadukt k\u00f6z\u00f6tt a K\u0151v\u00e1g\u00f3 t\u00e9ren, Feln\u00e9met ir\u00e1ny\u00e1ba \u00fctk\u00f6z\u00f6tt.<\/p>\n<p style=\"text-align: justify;\">Inform\u00e1ci\u00f3ink szerint a balesetnek egy s\u00falyos s\u00e9r\u00fcltje van.<\/p>\n<p style=\"text-align: justify;\">A v\u00e9tlen kocsi vezet\u0151je kamer\u00e1n k\u00edv\u00fcl elmondta: \u0151 a benzink\u00fat fel\u00e9 akart kanyarodni, neki piros volt a l\u00e1mpa, amikor beleszaladt h\u00e1tulr\u00f3l a m\u00e1sik kocsi. \u00dagy tudjuk, a m\u00e1sik kocsi el\u00e9 v\u00e1gott egy kocsi, \u0151 s\u00e1vot v\u00e1ltott, de nem l\u00e1tta az ott \u00e1ll\u00f3 kocsit.<\/p>\n<\/div>\n\n<div class=\"youtube-embed ye-container\" itemprop=\"video\" itemscope itemtype=\"https:\/\/schema.org\/VideoObject\">\n\t<meta itemprop=\"url\" content=\"https:\/\/www.youtube.com\/v\/dWtKuW43XHY\" \/>\n\t<meta itemprop=\"name\" content=\"S\u00falyos s\u00e9r\u00fcltje van a r\u00e1fut\u00e1sos balesetnek\" \/>\n\t<meta itemprop=\"description\" content=\"S\u00falyos s\u00e9r\u00fcltje van a r\u00e1fut\u00e1sos balesetnek\" \/>\n\t<meta itemprop=\"uploadDate\" content=\"2016-03-17T17:51:04+00:00\" \/>\n\t<meta itemprop=\"thumbnailUrl\" content=\"https:\/\/i.ytimg.com\/vi\/dWtKuW43XHY\/default.jpg\" \/>\n\t<meta itemprop=\"embedUrl\" content=\"https:\/\/www.youtube.com\/embed\/dWtKuW43XHY\" \/>\n\t<meta itemprop=\"height\" content=\"1080\" \/>\n\t<meta itemprop=\"width\" content=\"1920\" \/>\n\t<iframe loading=\"lazy\" style=\"border: 0;\" class=\"youtube-player\" width=\"1920\" height=\"1080\" src=\"https:\/\/www.youtube.com\/embed\/dWtKuW43XHY?modestbranding=1&fs=0&rel=0\"><\/iframe>\n<\/div>\n\n","protected":false},"excerpt":{"rendered":"<p>Baleset t\u00f6rt\u00e9nt Egerben cs\u00fct\u00f6rt\u00f6k\u00f6n d\u00e9lut\u00e1n \u00f6t \u00f3ra ut\u00e1n a II. R\u00e1k\u00f3czi Ferenc \u00faton.<\/p>\n<p>Solt\u00e9sz B\u00e1lint megyei rend\u0151rs\u00e9gi sajt\u00f3sz\u00f3viv\u0151 port\u00e1lunk \u00e9rdekl\u0151d\u00e9s\u00e9re elmondta, hogy a jelenleg rendelkez\u00e9sre \u00e1ll\u00f3 adatok alapj\u00e1n r\u00e1fut\u00e1sos baleset t\u00f6rt\u00e9nt. K\u00e9t szem\u00e9lyg\u00e9pkocsi a benzink\u00fat \u00e9s a viadukt k\u00f6z\u00f6tt a K\u0151v\u00e1g\u00f3 t\u00e9ren, Feln\u00e9met ir\u00e1ny\u00e1ba \u00fctk\u00f6z\u00f6tt.<br \/>\nInform\u00e1ci\u00f3ink szerint a balesetnek egy s\u00falyos s\u00e9r\u00fcltje van.<br \/>\nA v\u00e9tlen kocsi vezet\u0151je kamer\u00e1n [&#8230;]<\/p>\n","protected":false},"author":4,"featured_media":0,"comment_status":"closed","ping_status":"closed","sticky":false,"template":"","format":"standard","meta":{"footnotes":""},"categories":[5],"tags":[41,36,1750],"class_list":["post-15481","post","type-post","status-publish","format-standard","hentry","category-kek-hirek","tag-baleset","tag-eger","tag-lampa"],"_links":{"self":[{"href":"https:\/\/www.agriatv.hu\/index.php?rest_route=\/wp\/v2\/posts\/15481","targetHints":{"allow":["GET"]}}],"collection":[{"href":"https:\/\/www.agriatv.hu\/index.php?rest_route=\/wp\/v2\/posts"}],"about":[{"href":"https:\/\/www.agriatv.hu\/index.php?rest_route=\/wp\/v2\/types\/post"}],"author":[{"embeddable":true,"href":"https:\/\/www.agriatv.hu\/index.php?rest_route=\/wp\/v2\/users\/4"}],"replies":[{"embeddable":true,"href":"https:\/\/www.agriatv.hu\/index.php?rest_route=%2Fwp%2Fv2%2Fcomments&post=15481"}],"version-history":[{"count":1,"href":"https:\/\/www.agriatv.hu\/index.php?rest_route=\/wp\/v2\/posts\/15481\/revisions"}],"predecessor-version":[{"id":15483,"href":"https:\/\/www.agriatv.hu\/index.php?rest_route=\/wp\/v2\/posts\/15481\/revisions\/15483"}],"wp:attachment":[{"href":"https:\/\/www.agriatv.hu\/index.php?rest_route=%2Fwp%2Fv2%2Fmedia&parent=15481"}],"wp:term":[{"taxonomy":"category","embeddable":true,"href":"https:\/\/www.agriatv.hu\/index.php?rest_route=%2Fwp%2Fv2%2Fcategories&post=15481"},{"taxonomy":"post_tag","embeddable":true,"href":"https:\/\/www.agriatv.hu\/index.php?rest_route=%2Fwp%2Fv2%2Ftags&post=15481"}],"curies":[{"name":"wp","href":"https:\/\/api.w.org\/{rel}","templated":true}]}}