{"id":15517,"date":"2016-03-24T07:05:40","date_gmt":"2016-03-24T07:05:40","guid":{"rendered":"http:\/\/www.agriatv.hu\/?p=15517"},"modified":"2016-03-24T07:05:40","modified_gmt":"2016-03-24T07:05:40","slug":"fegyverrel-fenyegette-a-csaladjat","status":"publish","type":"post","link":"https:\/\/www.agriatv.hu\/?p=15517","title":{"rendered":"Fegyverrel fenyegette a csal\u00e1dj\u00e1t"},"content":{"rendered":"<p style=\"text-align: justify;\"><a href=\"https:\/\/www.agriatv.hu\/wp-content\/uploads\/2016\/03\/488632.720x405.jpg\" rel=\"attachment wp-att-15518\"><img loading=\"lazy\" decoding=\"async\" class=\"alignleft wp-image-15518\" src=\"https:\/\/www.agriatv.hu\/wp-content\/uploads\/2016\/03\/488632.720x405-300x169.jpg\" alt=\"488632.720x405\" width=\"160\" height=\"90\" srcset=\"https:\/\/www.agriatv.hu\/wp-content\/uploads\/2016\/03\/488632.720x405-300x169.jpg 300w, https:\/\/www.agriatv.hu\/wp-content\/uploads\/2016\/03\/488632.720x405.jpg 720w\" sizes=\"auto, (max-width: 160px) 100vw, 160px\" \/><\/a>Fegyverrel fenyegette a csal\u00e1dj\u00e1t egy bedrogozott f\u00e9rfi Gy\u00f6ngy\u00f6s\u00f6n. Kiab\u00e1lt \u00e9s egy l\u00f6v\u00e9st is leadott a lak\u00e1sban, de nem tal\u00e1lt el senkit. Az\u00e9rt d\u00fch\u00f6ng\u00f6tt, mert azt gondolta, hogy a feles\u00e9ge megcsalja. A csal\u00e1dnak siker\u00fclt lenyugtatni, de csak \u00f3r\u00e1kkal k\u00e9s\u0151bb h\u00edvt\u00e1k a rend\u0151r\u00f6ket. A d\u00fch\u00f6ng\u0151 f\u00e9rfit el\u0151\u00e1ll\u00edtott\u00e1k.<\/p>\n<p><iframe loading=\"lazy\" src=\"http:\/\/tenyek.hu\/neoplayer\/tv2\/embed\/206949_fegyverrel-fenyegette-a-csaladjat.html\/760\" width=\"760\" height=\"427\" frameborder=\"0\" scrolling=\"no\"><\/iframe><\/p>\n","protected":false},"excerpt":{"rendered":"<p>Fegyverrel fenyegette a csal\u00e1dj\u00e1t egy bedrogozott f\u00e9rfi Gy\u00f6ngy\u00f6s\u00f6n. Kiab\u00e1lt \u00e9s egy l\u00f6v\u00e9st is leadott a lak\u00e1sban, de nem tal\u00e1lt el senkit. Az\u00e9rt d\u00fch\u00f6ng\u00f6tt, mert azt gondolta, hogy a feles\u00e9ge megcsalja. A csal\u00e1dnak siker\u00fclt lenyugtatni, de csak \u00f3r\u00e1kkal k\u00e9s\u0151bb h\u00edvt\u00e1k a rend\u0151r\u00f6ket. A d\u00fch\u00f6ng\u0151 f\u00e9rfit el\u0151\u00e1ll\u00edtott\u00e1k.<\/p>\n","protected":false},"author":4,"featured_media":0,"comment_status":"closed","ping_status":"closed","sticky":false,"template":"","format":"standard","meta":{"footnotes":""},"categories":[5],"tags":[487,1364,2328,235,695,122],"class_list":["post-15517","post","type-post","status-publish","format-standard","hentry","category-kek-hirek","tag-csalad","tag-fegyver","tag-fenyegetes","tag-gyongyos","tag-loves","tag-rendorseg"],"_links":{"self":[{"href":"https:\/\/www.agriatv.hu\/index.php?rest_route=\/wp\/v2\/posts\/15517","targetHints":{"allow":["GET"]}}],"collection":[{"href":"https:\/\/www.agriatv.hu\/index.php?rest_route=\/wp\/v2\/posts"}],"about":[{"href":"https:\/\/www.agriatv.hu\/index.php?rest_route=\/wp\/v2\/types\/post"}],"author":[{"embeddable":true,"href":"https:\/\/www.agriatv.hu\/index.php?rest_route=\/wp\/v2\/users\/4"}],"replies":[{"embeddable":true,"href":"https:\/\/www.agriatv.hu\/index.php?rest_route=%2Fwp%2Fv2%2Fcomments&post=15517"}],"version-history":[{"count":1,"href":"https:\/\/www.agriatv.hu\/index.php?rest_route=\/wp\/v2\/posts\/15517\/revisions"}],"predecessor-version":[{"id":15519,"href":"https:\/\/www.agriatv.hu\/index.php?rest_route=\/wp\/v2\/posts\/15517\/revisions\/15519"}],"wp:attachment":[{"href":"https:\/\/www.agriatv.hu\/index.php?rest_route=%2Fwp%2Fv2%2Fmedia&parent=15517"}],"wp:term":[{"taxonomy":"category","embeddable":true,"href":"https:\/\/www.agriatv.hu\/index.php?rest_route=%2Fwp%2Fv2%2Fcategories&post=15517"},{"taxonomy":"post_tag","embeddable":true,"href":"https:\/\/www.agriatv.hu\/index.php?rest_route=%2Fwp%2Fv2%2Ftags&post=15517"}],"curies":[{"name":"wp","href":"https:\/\/api.w.org\/{rel}","templated":true}]}}