{"id":15575,"date":"2016-03-30T10:23:30","date_gmt":"2016-03-30T10:23:30","guid":{"rendered":"http:\/\/www.agriatv.hu\/?p=15575"},"modified":"2016-03-30T21:02:37","modified_gmt":"2016-03-30T21:02:37","slug":"a-neten-lattuk-hogy-keresik-nyilatkozott-a-fogados","status":"publish","type":"post","link":"https:\/\/www.agriatv.hu\/?p=15575","title":{"rendered":"&#8222;A neten l\u00e1ttuk, hogy keresik&#8221; &#8211; nyilatkozott a fogad\u00f3s"},"content":{"rendered":"<p style=\"text-align: justify;\"><a href=\"https:\/\/www.agriatv.hu\/wp-content\/uploads\/2016\/03\/160330megtalalt_gyerek_eger.Still001.jpg\" rel=\"attachment wp-att-15576\"><img loading=\"lazy\" decoding=\"async\" class=\"alignleft wp-image-15576\" src=\"https:\/\/www.agriatv.hu\/wp-content\/uploads\/2016\/03\/160330megtalalt_gyerek_eger.Still001-300x240.jpg\" alt=\"160330megtalalt_gyerek_eger.Still001\" width=\"139\" height=\"111\" srcset=\"https:\/\/www.agriatv.hu\/wp-content\/uploads\/2016\/03\/160330megtalalt_gyerek_eger.Still001-300x240.jpg 300w, https:\/\/www.agriatv.hu\/wp-content\/uploads\/2016\/03\/160330megtalalt_gyerek_eger.Still001-100x80.jpg 100w, https:\/\/www.agriatv.hu\/wp-content\/uploads\/2016\/03\/160330megtalalt_gyerek_eger.Still001.jpg 720w\" sizes=\"auto, (max-width: 139px) 100vw, 139px\" \/><\/a>Egy fels\u0151t\u00e1rk\u00e1nyi fogad\u00f3 tulajdonosai a neten vett\u00e9k \u00e9szre, hogy egy egri kisl\u00e1nyt keres az anyuka, a rend\u0151rs\u00e9g \u00e9s a f\u00e9l v\u00e1ros.<\/p>\n<p style=\"text-align: justify;\">A tulajdonos st\u00e1bunknak elmondta: h\u00e9tf\u0151 este f\u00e9l 11 k\u00f6r\u00fcl tal\u00e1lkozott a fia a fiatalokkal. Azt mondt\u00e1k, nem tudnak hazamenni, ez\u00e9rt a fogad\u00f3ba mentek. Ott hamis nevet mondtak be. M\u00e1snap a fia a telefonon l\u00e9v\u0151 k\u00e9ppel kopogtatott be a szob\u00e1ba. A l\u00e1ny a fot\u00f3 l\u00e1tt\u00e1n azt mondta nekik, hogy jobb k\u00e9pet is kereshettek volna r\u00f3la.<\/p>\n<p style=\"text-align: justify;\">Ezek ut\u00e1n a fogad\u00f3b\u00f3l h\u00edvt\u00e1k a rend\u0151rs\u00e9get. \u00dagy tudjuk, hossz\u00fa \u00f3r\u00e1kig helysz\u00edneltek a szob\u00e1ban, ahov\u00e1 st\u00e1bunkat is beengedte a tulajdonos.<\/p>\n<p style=\"text-align: justify;\">Inform\u00e1ci\u00f3ink szerint a l\u00e1nyt egy 18 \u00e9v k\u00f6r\u00fcli fiatal csalhatta el az interneten kereszt\u00fcl, akit a csal\u00e1d nem ismert. \u00dagy tudjuk, kiskor\u00faval szemben b\u0171ncselekm\u00e9ny nem t\u00f6rt\u00e9nt.<\/p>\n<p style=\"text-align: justify;\">Az egri rend\u0151rkapit\u00e1nys\u00e1g nyomoz az \u00fcgyben.\n<div class=\"youtube-embed ye-container\" itemprop=\"video\" itemscope itemtype=\"https:\/\/schema.org\/VideoObject\">\n\t<meta itemprop=\"url\" content=\"https:\/\/www.youtube.com\/v\/hLUtUcSlAps\" \/>\n\t<meta itemprop=\"name\" content=\"&#8222;A neten l\u00e1ttuk, hogy keresik&#8221; &#8211; nyilatkozott a fogad\u00f3s\" \/>\n\t<meta itemprop=\"description\" content=\"&#8222;A neten l\u00e1ttuk, hogy keresik&#8221; &#8211; nyilatkozott a fogad\u00f3s\" \/>\n\t<meta itemprop=\"uploadDate\" content=\"2016-03-30T10:23:30+00:00\" \/>\n\t<meta itemprop=\"thumbnailUrl\" content=\"https:\/\/i.ytimg.com\/vi\/hLUtUcSlAps\/default.jpg\" \/>\n\t<meta itemprop=\"embedUrl\" content=\"https:\/\/www.youtube.com\/embed\/hLUtUcSlAps\" \/>\n\t<meta itemprop=\"height\" content=\"1080\" \/>\n\t<meta itemprop=\"width\" content=\"1920\" \/>\n\t<iframe loading=\"lazy\" style=\"border: 0;\" class=\"youtube-player\" width=\"1920\" height=\"1080\" src=\"https:\/\/www.youtube.com\/embed\/hLUtUcSlAps?modestbranding=1&fs=0&rel=0\"><\/iframe>\n<\/div>\n<\/p>\n<p style=\"text-align: justify;\">A szob\u00e1t, ahol \u00e9jszak\u00e1ztak a fiatalok, megn\u00e9zhetik a T\u00e9nyekben.<\/p>\n<p><iframe loading=\"lazy\" src=\"http:\/\/tenyek.hu\/neoplayer\/tv2\/embed\/207464_ferfi-csalta-el-az-egri-kislanyt.html\/760\" width=\"760\" height=\"427\" frameborder=\"0\" scrolling=\"no\"><\/iframe><\/p>\n","protected":false},"excerpt":{"rendered":"<p>Egy fels\u0151t\u00e1rk\u00e1nyi fogad\u00f3 tulajdonosai a neten vett\u00e9k \u00e9szre, hogy egy egri kisl\u00e1nyt keres az anyuka, a rend\u0151rs\u00e9g \u00e9s a f\u00e9l v\u00e1ros.<br \/>\nA tulajdonos st\u00e1bunknak elmondta: h\u00e9tf\u0151 este f\u00e9l 11 k\u00f6r\u00fcl tal\u00e1lkozott a fia a fiatalokkal. Azt mondt\u00e1k, nem tudnak hazamenni, ez\u00e9rt a fogad\u00f3ba mentek. Ott hamis nevet mondtak be. M\u00e1snap a fia a telefonon l\u00e9v\u0151 k\u00e9ppel [&#8230;]<\/p>\n","protected":false},"author":4,"featured_media":0,"comment_status":"closed","ping_status":"closed","sticky":false,"template":"","format":"standard","meta":{"footnotes":""},"categories":[5],"tags":[36,1081,1036,320,122],"class_list":["post-15575","post","type-post","status-publish","format-standard","hentry","category-kek-hirek","tag-eger","tag-eltunes","tag-felsotarkany","tag-gyermek","tag-rendorseg"],"_links":{"self":[{"href":"https:\/\/www.agriatv.hu\/index.php?rest_route=\/wp\/v2\/posts\/15575","targetHints":{"allow":["GET"]}}],"collection":[{"href":"https:\/\/www.agriatv.hu\/index.php?rest_route=\/wp\/v2\/posts"}],"about":[{"href":"https:\/\/www.agriatv.hu\/index.php?rest_route=\/wp\/v2\/types\/post"}],"author":[{"embeddable":true,"href":"https:\/\/www.agriatv.hu\/index.php?rest_route=\/wp\/v2\/users\/4"}],"replies":[{"embeddable":true,"href":"https:\/\/www.agriatv.hu\/index.php?rest_route=%2Fwp%2Fv2%2Fcomments&post=15575"}],"version-history":[{"count":3,"href":"https:\/\/www.agriatv.hu\/index.php?rest_route=\/wp\/v2\/posts\/15575\/revisions"}],"predecessor-version":[{"id":15579,"href":"https:\/\/www.agriatv.hu\/index.php?rest_route=\/wp\/v2\/posts\/15575\/revisions\/15579"}],"wp:attachment":[{"href":"https:\/\/www.agriatv.hu\/index.php?rest_route=%2Fwp%2Fv2%2Fmedia&parent=15575"}],"wp:term":[{"taxonomy":"category","embeddable":true,"href":"https:\/\/www.agriatv.hu\/index.php?rest_route=%2Fwp%2Fv2%2Fcategories&post=15575"},{"taxonomy":"post_tag","embeddable":true,"href":"https:\/\/www.agriatv.hu\/index.php?rest_route=%2Fwp%2Fv2%2Ftags&post=15575"}],"curies":[{"name":"wp","href":"https:\/\/api.w.org\/{rel}","templated":true}]}}