{"id":15584,"date":"2016-04-02T12:29:38","date_gmt":"2016-04-02T12:29:38","guid":{"rendered":"http:\/\/www.agriatv.hu\/?p=15584"},"modified":"2016-04-02T12:33:56","modified_gmt":"2016-04-02T12:33:56","slug":"egri-tavaszi-fesztival","status":"publish","type":"post","link":"https:\/\/www.agriatv.hu\/?p=15584","title":{"rendered":"Egri Tavaszi Fesztiv\u00e1l"},"content":{"rendered":"<p><a href=\"https:\/\/www.agriatv.hu\/wp-content\/uploads\/2016\/04\/tavaszi0425.jpg\" rel=\"attachment wp-att-15585\"><img loading=\"lazy\" decoding=\"async\" class=\"alignleft wp-image-15585 \" src=\"https:\/\/www.agriatv.hu\/wp-content\/uploads\/2016\/04\/tavaszi0425-751x1024.jpg\" alt=\"tavaszi0425\" width=\"775\" height=\"1057\" srcset=\"https:\/\/www.agriatv.hu\/wp-content\/uploads\/2016\/04\/tavaszi0425-751x1024.jpg 751w, https:\/\/www.agriatv.hu\/wp-content\/uploads\/2016\/04\/tavaszi0425-220x300.jpg 220w, https:\/\/www.agriatv.hu\/wp-content\/uploads\/2016\/04\/tavaszi0425-768x1048.jpg 768w, https:\/\/www.agriatv.hu\/wp-content\/uploads\/2016\/04\/tavaszi0425.jpg 1548w\" sizes=\"auto, (max-width: 775px) 100vw, 775px\" \/><\/a><\/p>\n<p><strong>\u00c1prilis 6. szerda 16.30<\/strong><\/p>\n<p><strong>XVIII. EGER V\u00c1ROSI CIVIL F\u00d3RUM<\/strong><\/p>\n<p><strong>Helysz\u00edn: V\u00e1rosh\u00e1za d\u00edszterme<\/strong><\/p>\n<p><strong>\u00a0<\/strong><\/p>\n<p><strong>\u00c1prilis 6. szerda 17.00<\/strong><\/p>\n<p><strong>A SCH\u00dcSSLER-F\u00c9LE TER\u00c1PI\u00c1S RENDSZER<\/strong><\/p>\n<p>El\u0151ad\u00f3: Dr. K\u00f3r\u00f3n\u00e9 Dr. Andrusk\u00f3 Andrea<\/p>\n<p>Egy\u00fcttm\u0171k\u00f6d\u0151 partner: Egri Eg\u00e9szs\u00e9g- \u00e9s K\u00f6rnyezetv\u00e9d\u0151 Egyes\u00fclet<\/p>\n<p>Bel\u00e9p\u0151: 500 Ft, az egyes\u00fclet tagjainak ingyenes<\/p>\n<p><strong>Helysz\u00edn: Bartakovics B\u00e9la K\u00f6z\u00f6ss\u00e9gi H\u00e1z<\/strong><\/p>\n<p><strong>\u00a0<\/strong><\/p>\n<p><strong>\u00c1prilis 7. cs\u00fct\u00f6rt\u00f6k 16.00<\/strong><\/p>\n<p><strong>EGRI ARCOK<\/strong><\/p>\n<p>Vend\u00e9g: <strong>Moln\u00e1r Istv\u00e1n G\u00e9za<\/strong> \u201ef\u00e9ny\u00edr\u00f3\u201d<\/p>\n<p>Egy\u00fcttm\u0171k\u00f6d\u0151 partner: Ez\u00fcstid\u0151 Szabadid\u0151s Egyes\u00fclet<\/p>\n<p><strong>Helysz\u00edn: Bartakovics B\u00e9la K\u00f6z\u00f6ss\u00e9gi H\u00e1z<\/strong><\/p>\n<p>&nbsp;<\/p>\n<p><strong>\u00c1prilis 8. p\u00e9ntek <\/strong><\/p>\n<ol start=\"16\">\n<li>Egri Tavaszi Fesztiv\u00e1l<\/li>\n<\/ol>\n<p>16.00 <strong>V\u00d6R\u00d6SFENY\u0150 koncert<\/strong><\/p>\n<p><strong>Gy\u00f6rgy Andrea<\/strong> \u2013 heged\u0171, \u00e9nek; <strong>\u00c1goston G\u00e1bor<\/strong> \u2013 cajon, \u00fct\u0151s hangszerek; <strong>Nagy Bal\u00e1zs<\/strong> <strong>Kriszti\u00e1n <\/strong>\u2013 git\u00e1r, \u00e9nek<\/p>\n<p>17.00 <strong>THE HANGOVER BAND koncert<\/strong><\/p>\n<p><strong>S\u00e1rv\u00e1ri D\u00e1vid, P\u00f3czos Bal\u00e1zs, Bali \u00c1rp\u00e1d<\/strong> \u00e9s <strong>Bali \u00c1d\u00e1m<\/strong><\/p>\n<p><strong>Helysz\u00edn: G\u00e1rdonyi t\u00e9r<\/strong><\/p>\n<p><em>\u00a0<\/em><\/p>\n<p><strong>\u00c1prilis 8. p\u00e9ntek 18.00<\/strong><\/p>\n<p><strong>H\u00daSV\u00c9TI \u00c9S P\u00dcNK\u00d6SDI N\u00c9PSZOK\u00c1SOK<\/strong><\/p>\n<p>Egy\u00fcttm\u0171k\u00f6d\u0151 partner: Dob\u00f3 Katica Nyugd\u00edjas Szervezet<\/p>\n<p><strong>Helysz\u00edn: Bartakovics B\u00e9la K\u00f6z\u00f6ss\u00e9gi H\u00e1z<\/strong><\/p>\n<p><strong>\u00a0<\/strong><\/p>\n<p><strong>\u00c1prilis 8. p\u00e9ntek 19.00 <\/strong><\/p>\n<p>A 16. Egri Tavaszi Fesztiv\u00e1l nyit\u00f3koncertje<\/p>\n<p><strong>BACH-MARATON<\/strong><\/p>\n<p><strong>PARTY@BACH \u2013 G\u00e1bos Judit zongora sz\u00f3l\u00f3estje<\/strong><\/p>\n<p>Bel\u00e9p\u0151: 1.000 Ft<\/p>\n<p><strong>Helysz\u00edn: EKF Esterh\u00e1zy P\u00e1l Zeneterem<\/strong><\/p>\n<p>&nbsp;<\/p>\n<p><strong><br \/>\n<\/strong><\/p>\n<p><strong>\u00c1prilis 9. szombat<\/strong><\/p>\n<ol start=\"16\">\n<li>Egri Tavaszi Fesztiv\u00e1l<\/li>\n<\/ol>\n<p><strong>BACH-MARATON<\/strong><\/p>\n<p><strong>11.00<\/strong> <strong>VEND\u00c9GS\u00c9GBEN A BACH CSAL\u00c1DN\u00c1L <\/strong><\/p>\n<p><strong>Csal\u00e1di matin\u00e9koncert k\u00e9pekkel \u00e9s zen\u00e9vel<\/strong><\/p>\n<p>K\u00f6zrem\u0171k\u00f6dnek: <strong>Bolya Pap Nikoletta<\/strong> \u2013 \u00e9nek, <strong>Emilio Gonella<\/strong> (Italy) \u2013 csell\u00f3, <strong>R\u00e9z L\u00f3r\u00e1nt<\/strong> \u2013 orgona<\/p>\n<p>Bel\u00e9p\u0151: 500 Ft, csal\u00e1di jegy 3 f\u0151t\u0151l: 1000 Ft<\/p>\n<p><strong>Helysz\u00edn: EKF Esterh\u00e1zy P\u00e1l Zeneterem<\/strong><\/p>\n<p><strong>15.00 SZERET\u00dcNK, BACH!\u00a0 <\/strong><\/p>\n<p><strong>Az Eszterh\u00e1zy K\u00e1roly F\u0151iskola \u00c9nek-zene szakos hallgat\u00f3inak koncertje<\/strong><\/p>\n<p>A bel\u00e9p\u00e9s d\u00edjtalan.<\/p>\n<p><strong>Helysz\u00edn: EKF Esterh\u00e1zy P\u00e1l Zeneterem<\/strong><\/p>\n<p><strong>19.00 BACH\u2013G\u00c1LA<\/strong><\/p>\n<p>K\u00f6zrem\u0171k\u00f6dnek: az <strong>\u00c9nek-zene Tansz\u00e9k k\u00f3rusa<\/strong>, <strong>Kabdeb\u00f3 S\u00e1ndor<\/strong> karnagy vezet\u00e9s\u00e9vel; <strong>Bolya-Pap Nikoletta, Hegyesi-Hudik Margit, Dud\u00e1s Anna<\/strong> (\u00e9nek); <strong>Hibay \u00c9va<\/strong> (fuvola), <strong>Cs\u00fcll\u00f6g Judit, G\u00e1bos Judit, V\u00e1rady Krisztina, Mar\u00edk Erzs\u00e9bet<\/strong> (zongora); <strong>R\u00e9z L\u00f3r\u00e1nt<\/strong> (orgona).<\/p>\n<p>Bel\u00e9p\u0151: 1.000 Ft<\/p>\n<p><strong>Helysz\u00edn: EKF K\u00e1polna<\/strong><\/p>\n<p><em>A Bach-Maraton minden koncertj\u00e9re \u00e9rv\u00e9nyes bel\u00e9p\u0151: 2.000 Ft<\/em><\/p>\n<p><strong>\u00a0<\/strong><\/p>\n<p><strong>\u00c1prilis 9. szombat 10.00<\/strong><\/p>\n<ol>\n<li><strong> ORSZ\u00c1GOS MESEVET\u00c9LKED\u0150 D\u00d6NT\u0150JE<\/strong><\/li>\n<\/ol>\n<p><em>Inform\u00e1ci\u00f3: Kristonn\u00e9 Erdei M\u00e1ria, 20\/779-2875, erdei.maria@ekmk.eu<\/em><\/p>\n<p><strong>Helysz\u00edn: Forr\u00e1s Gyermek \u00e9s Ifj\u00fas\u00e1gi H\u00e1z<\/strong><\/p>\n<p><strong>\u00a0<\/strong><\/p>\n<p><strong>\u00c1prilis 10. vas\u00e1rnap 11.00 \u00e9s 14.00<\/strong><\/p>\n<ol start=\"16\">\n<li>Egri Tavaszi Fesztiv\u00e1l<\/li>\n<\/ol>\n<p><strong>CSIRIBIRI &#8211; HAL\u00c1SZ JUDIT KONCERTJE<\/strong><\/p>\n<p><strong>Bel\u00e9p\u0151: 2.500 Ft<\/strong><\/p>\n<p><strong>Jegy\u00e9rt\u00e9kes\u00edt\u00e9s a sz\u00ednh\u00e1zi jegyirod\u00e1ban \u00e9s a jegy.hu internetes oldalon.<\/strong><\/p>\n<p><strong>Helysz\u00edn: G\u00e1rdonyi G\u00e9za Sz\u00ednh\u00e1z<\/strong><\/p>\n<p><strong>\u00a0<\/strong><\/p>\n<p><strong>\u00c1prilis 11. h\u00e9tf\u0151 15.00<\/strong><\/p>\n<p><strong>EG\u00c9SZS\u00c9GES L\u00c9LEKKEL A TEST EG\u00c9SZS\u00c9G\u00c9\u00c9RT<\/strong><\/p>\n<p>El\u0151ad\u00f3: Dr. Wernigg R\u00f3bert f\u0151oszt\u00e1lyvezet\u0151, HM Korm\u00e1nyhivatal N\u00e9peg\u00e9szs\u00e9g\u00fcgyi F\u0151oszt\u00e1ly<\/p>\n<p>Egy\u00fcttm\u0171k\u00f6d\u0151 partner: Dob\u00f3 Katica Nyugd\u00edjas Szervezet<\/p>\n<p><strong>Helysz\u00edn: Bartakovics B\u00e9la K\u00f6z\u00f6ss\u00e9gi H\u00e1z<\/strong><\/p>\n<p>&nbsp;<\/p>\n<p><strong>\u00c1prilis 11. h\u00e9tf\u0151 17.00<\/strong><\/p>\n<p><strong>A JELEN PILLANAT EREJE<\/strong><\/p>\n<p>A gondolataink, v\u00e1gyaink, ragaszkod\u00e1saink hatalma<\/p>\n<p>El\u0151ad\u00f3: Hips Frigyes spiritu\u00e1lis tan\u00e1csad\u00f3<\/p>\n<p>Egy\u00fcttm\u0171k\u00f6d\u0151 partner: Heves Megyei \u00c9letreform N\u00e9pf\u0151iskola<\/p>\n<p>Bel\u00e9p\u0151: 500 Ft, az egyes\u00fclet tagjainak ingyenes<\/p>\n<p><strong>Helysz\u00edn: Bartakovics B\u00e9la K\u00f6z\u00f6ss\u00e9gi H\u00e1z<\/strong><\/p>\n<p><strong>\u00a0<\/strong><\/p>\n<p><strong>\u00c1prilis 11. h\u00e9tf\u0151 18.00<\/strong><\/p>\n<ol start=\"16\">\n<li>Egri Tavaszi Fesztiv\u00e1l<\/li>\n<\/ol>\n<p><strong>F\u00c9NY-J\u00c1T\u00c9KOK\u00a0 <\/strong><\/p>\n<p><strong>Nagy Anna<\/strong><strong> \u00e9s Husz\u00e1rik Kata sz\u00ednm\u0171v\u00e9szek egym\u00e1sra hangolt k\u00fcl\u00f6nleges versm\u0171sora a Magyar K\u00f6lt\u00e9szet Napja alkalm\u00e1b\u00f3l <\/strong><\/p>\n<p>Bel\u00e9p\u0151: 1.200 Ft; el\u0151v\u00e9telben vagy Eger v\u00e1rosk\u00e1rty\u00e1val: 1.000 Ft<\/p>\n<p><strong>Helysz\u00edn: Forr\u00e1s Gyermek \u00e9s Ifj\u00fas\u00e1gi H\u00e1z<\/strong><\/p>\n<p><strong>\u00a0<\/strong><\/p>\n<p><strong>\u00c1prilis 12. kedd 13.00<\/strong><\/p>\n<p>A Nemzeti R\u00e1kellenes Nap alkalm\u00e1b\u00f3l<\/p>\n<p><strong>M\u0170T\u00c9T UT\u00c1N IS CSINOSAN<\/strong><\/p>\n<p><strong>Az Anita Hung\u00e1ria Kft. gy\u00f3gy\u00e1szati seg\u00e9deszk\u00f6zei<\/strong><\/p>\n<p>El\u0151ad\u00f3: Dr. T\u00f3thn\u00e9 Lacza Zsuzsanna<\/p>\n<p>T\u00e1mogat\u00f3k: Emberi Er\u0151forr\u00e1sok Miniszt\u00e9riuma, Eger Megyei Jog\u00fa V\u00e1ros<\/p>\n<p>Egy\u00fcttm\u0171k\u00f6d\u0151 partner: Magyar R\u00e1kellenes Liga Egri Alapszervezete<\/p>\n<p><strong>Helysz\u00edn: Bartakovics B\u00e9la K\u00f6z\u00f6ss\u00e9gi H\u00e1z<\/strong><\/p>\n<p>&nbsp;<\/p>\n<p><strong>\u00c1prilis 12. kedd 18.00<\/strong><\/p>\n<p><strong>\u00dcnnepeink a hagyom\u00e1nyban<\/strong><\/p>\n<p><strong>Moln\u00e1r V. J\u00f3zsef<\/strong> el\u0151ad\u00e1sa<\/p>\n<p>Egy\u00fcttm\u0171k\u00f6d\u0151 partner: Hun Fokos Sz\u00f6vets\u00e9g Hagyom\u00e1ny\u0151rz\u0151 Egyes\u00fclet<\/p>\n<p><strong>Helysz\u00edn: Bartakovics B\u00e9la K\u00f6z\u00f6ss\u00e9gi H\u00e1z<\/strong><\/p>\n<p><strong>\u00a0<\/strong><\/p>\n<p><strong>\u00c1prilis 13. szerda 18.00<\/strong><\/p>\n<ol start=\"16\">\n<li>Egri Tavaszi Fesztiv\u00e1l<\/li>\n<\/ol>\n<p><strong>INTERAKT\u00cdV BESZ\u00c9LGET\u00c9S SARKADI P\u00c9TERREL<\/strong><\/p>\n<p><strong>\u201eA 101 legszentebb\u201d<\/strong> c\u00edm\u0171 ki\u00e1ll\u00edt\u00e1s\u00e1hoz kapcsol\u00f3d\u00f3 besz\u00e9lget\u00e9s a grafikusm\u0171v\u00e9sszel<\/p>\n<p>Besz\u00e9lget\u0151t\u00e1rs: Koczka P. J\u00f3zsef<\/p>\n<p><strong>Helysz\u00edn: Vitkovics Alkot\u00f3h\u00e1z \u00e9s M\u0171v\u00e9sztelep<\/strong><\/p>\n<p><strong>\u00a0<\/strong><\/p>\n<p><strong>\u00c1prilis 14. cs\u00fct\u00f6rt\u00f6k 19.00<\/strong><\/p>\n<ol start=\"16\">\n<li>Egri Tavaszi Fesztiv\u00e1l<\/li>\n<\/ol>\n<p><strong>KERESZT\u00dcL EUR\u00d3P\u00c1N \u2013 TOMPOS K\u00c1TYA LEMEZBEMUTAT\u00d3 KONCERTJE<\/strong><\/p>\n<p><strong>El\u0151zenekar: Szeder egy\u00fcttes<\/strong><\/p>\n<p>K\u00f6zrem\u0171k\u00f6dik: Tompos K\u00e1tya \u2013 \u00e9nek; Hrutka R\u00f3bert \u2013 git\u00e1r; Kalmus Felici\u00e1n \u2013 dob<\/p>\n<p>A koncert l\u00e9trej\u00f6tt\u00e9t a Nemzeti Kultur\u00e1lis Alap \u00e9s a Cseh Tam\u00e1s Program t\u00e1mogatta.<\/p>\n<p>Bel\u00e9p\u0151: 2.500 Ft, el\u0151v\u00e9telben 1.500 Ft<\/p>\n<p><strong>Helysz\u00edn: Forr\u00e1s Gyermek \u00e9s Ifj\u00fas\u00e1gi H\u00e1z<\/strong><\/p>\n<p><strong>\u00a0<\/strong><\/p>\n<p><strong><br \/>\n<\/strong><\/p>\n<p><strong>\u00c1prilis 15. p\u00e9ntek 18.00<\/strong><\/p>\n<ol start=\"16\">\n<li>Egri Tavaszi Fesztiv\u00e1l<\/li>\n<\/ol>\n<p><strong>INTERAKT\u00cdV BESZ\u00c9LGET\u00c9S MOLN\u00c1R ISTV\u00c1N G\u00c9Z\u00c1VAL<\/strong><\/p>\n<p><strong>Visszapillant\u00f3 <\/strong>c\u00edm\u0171 \u00e9letm\u0171 ki\u00e1ll\u00edt\u00e1s\u00e1hoz kapcsol\u00f3d\u00f3 besz\u00e9lget\u00e9s, rendk\u00edv\u00fcli t\u00e1rlatvezet\u00e9s a fot\u00f3m\u0171v\u00e9sszel<\/p>\n<p><strong>Helysz\u00edn: Bartakovics B\u00e9la K\u00f6z\u00f6ss\u00e9gi H\u00e1z<\/strong><\/p>\n<p><strong>\u00a0<\/strong><\/p>\n<p><strong>\u00c1prilis 15. p\u00e9ntek \u2013 17. vas\u00e1rnap<br \/>\n<\/strong>16. Egri Tavaszi Fesztiv\u00e1l<\/p>\n<p><strong>\u00c9nekl\u0151 Ifj\u00fas\u00e1g 2016<br \/>\n<\/strong><strong>Ifj\u00fas\u00e1gi K\u00f3rusok \u00e9s Kamarazenekarok Region\u00e1lis Fesztiv\u00e1lja<br \/>\nHelysz\u00edn: Bartakovics B\u00e9la K\u00f6z\u00f6ss\u00e9gi H\u00e1z<\/strong><\/p>\n<p>\u00c1prilis 16., szombat 11.00<br \/>\n<strong>\u00c9nekl\u0151 Ifj\u00fas\u00e1g<br \/>\n<\/strong>\u00c9nekes \u00e9s hangszeres sz\u00f3list\u00e1k, kamaraegy\u00fcttesek bemutat\u00f3 hangversenye<br \/>\n\u00c1prilis 17., vas\u00e1rnap 10.00<br \/>\n<strong>\u00c9nekl\u0151 Ifj\u00fas\u00e1g<br \/>\n<\/strong>K\u00f3rusok kamaraegy\u00fcttesek fesztiv\u00e1l \u00e9s min\u0151s\u00edt\u0151 hangversenye<\/p>\n<p><em>T\u00e1mogat\u00f3k: Nemzeti Kultur\u00e1lis Alap, Cantus Agriensis Kultur\u00e1lis Egyes\u00fclet, Magyar K\u00f3rusok \u00e9s Zenekarok Sz\u00f6vets\u00e9ge \u2013 K\u00d3TA<\/em><\/p>\n<p><strong>\u00a0<\/strong><\/p>\n<p><strong>\u00c1prilis 16.<\/strong><strong> szombat 9.00 \u2013 16.00<\/strong><\/p>\n<p><strong>SZIV\u00c1RV\u00c1NY SZOMBAT<\/strong><\/p>\n<p><strong>K\u00e9pz\u0151m\u0171v\u00e9szeti alkot\u00f3m\u0171hely 7 \u00e9ves kort\u00f3l \u2013 <\/strong>egy\u00e9ni k\u00e9palkot\u00e1sok, csend\u00e9letrajzol\u00e1s, grafikai elj\u00e1r\u00e1sok (tervez\u00e9s, metsz\u00e9s, nyomtat\u00e1s, monot\u00edpia)<\/p>\n<p>R\u00e9szv\u00e9teli d\u00edj: 2.000Ft + eb\u00e9d: 1.000 Ft<\/p>\n<p><strong>Helysz\u00edn: Vitkovics Alkot\u00f3h\u00e1z \u00e9s M\u0171v\u00e9sztelep<\/strong><\/p>\n<p><em>Inform\u00e1ci\u00f3, jelentkez\u00e9s: Gy\u00f6ngy Csilla, 36\/515-051, gyongy.csilla@ekmk.eu<\/em><\/p>\n<p><strong>\u00a0<\/strong><\/p>\n<p><strong>\u00c1prilis 16. szombat 10.00<\/strong><\/p>\n<ol start=\"16\">\n<li>Egri Tavaszi Fesztiv\u00e1l<\/li>\n<\/ol>\n<p><strong>M\u00c1RAI S\u00c1NDOR PR\u00d3ZA- \u00c9S VERSMOND\u00d3 TAL\u00c1LKOZ\u00d3<\/strong><\/p>\n<p>az \u00edr\u00f3 sz\u00fclet\u00e9snapja \u00e9s a Magyar K\u00f6lt\u00e9szet napja alkalm\u00e1b\u00f3l<\/p>\n<p>A zs\u0171ri tagjai:<\/p>\n<p><strong>J\u00e1ki Judit<\/strong>,\u00a0M\u00e1rai \u00e9letm\u0171v\u00e9nek \u00e9s szellemi hagyat\u00e9k\u00e1nak gondoz\u00f3ja, a magyarorsz\u00e1gi lesz\u00e1rmazottak k\u00e9pvisel\u0151je<\/p>\n<p><strong>M\u00e9sz\u00e1ros Tibor <\/strong>irodalomt\u00f6rt\u00e9n\u00e9sz, a M\u00e1rai-hagyat\u00e9k kutat\u00f3ja, gondoz\u00f3ja<\/p>\n<p><strong>Csendes L\u00e1szl\u00f3<\/strong>\u00a0J\u00e1szai Mari-d\u00edjas sz\u00ednm\u0171v\u00e9sz<br \/>\nKort\u00e1rs k\u00f6lt\u0151k megzen\u00e9s\u00edtett verseivel k\u00f6zrem\u0171k\u00f6dik:<strong>\u00a0<\/strong><strong>Moln\u00e1r Gy\u00f6rgy<\/strong>\u00a0dalszerz\u0151, \u00e9nekes-git\u00e1ros<br \/>\n<strong>Helysz\u00edn: Forr\u00e1s Gyermek \u00e9s Ifj\u00fas\u00e1gi H\u00e1z<\/strong><\/p>\n<p><strong>\u00a0<\/strong><\/p>\n<p><strong><br \/>\n<\/strong><\/p>\n<p><strong>\u00c1prilis 16. szombat \u2013 17. vas\u00e1rnap 10.00 \u2013 18.00<\/strong><\/p>\n<p><strong>T\u0170ZZOM\u00c1NC TANODA <\/strong><\/p>\n<p>T\u00e9ma: A rekeszzom\u00e1nc szellemis\u00e9ge technikai illusztr\u00e1ci\u00f3kkal<\/p>\n<p>M\u0171v\u00e9szeti vezet\u0151: K\u00e1tai Mih\u00e1ly Munk\u00e1csy-d\u00edjas fest\u0151m\u0171v\u00e9sz<\/p>\n<p>R\u00e9szv\u00e9teli d\u00edj: 2.000 Ft\/f\u0151; napi jegy: 1.500 Ft; havi b\u00e9rlet (k\u00e9t h\u00e9tv\u00e9ge): 3.000 Ft<\/p>\n<p><strong>Helysz\u00edn: Forr\u00e1s Gyermek \u00e9s Ifj\u00fas\u00e1gi H\u00e1z<\/strong><\/p>\n<p><strong>\u00a0<\/strong><\/p>\n<p><strong>\u00c1prilis 16. szombat 17.00<\/strong><\/p>\n<p><strong>TEKERG\u0150 CSAL\u00c1DI T\u00c1NCH\u00c1Z<\/strong><\/p>\n<p>H\u00e1zigazda: az Egerszal\u00f3ki Tekerg\u0151 zenekar<\/p>\n<p>Bel\u00e9p\u0151: 500 Ft<\/p>\n<p><strong>Helysz\u00edn: Forr\u00e1s Gyermek \u00e9s Ifj\u00fas\u00e1gi H\u00e1z<\/strong><\/p>\n<p>&nbsp;<\/p>\n<p><strong>\u00c1prilis 17. vas\u00e1rnap 19.00\u00a0\u00a0 \u00a0\u00a0\u00a0\u00a0\u00a0\u00a0\u00a0\u00a0 <\/strong><strong>\u00a0\u00a0\u00a0\u00a0\u00a0\u00a0\u00a0\u00a0\u00a0\u00a0\u00a0\u00a0\u00a0\u00a0\u00a0\u00a0\u00a0\u00a0\u00a0\u00a0\u00a0\u00a0\u00a0\u00a0\u00a0\u00a0\u00a0\u00a0\u00a0\u00a0\u00a0\u00a0\u00a0\u00a0 <\/strong><\/p>\n<ol start=\"16\">\n<li>Egri Tavaszi Fesztiv\u00e1l<\/li>\n<\/ol>\n<p><strong>BART\u00d3K B\u00c9LA 135<\/strong><\/p>\n<p>K\u00f6zrem\u0171k\u00f6dnek:<\/p>\n<p>De\u00e1k S\u00e1ra \u2013 heged\u0171<\/p>\n<p>az Egri Tin\u00f3di Sebesty\u00e9n Tagiskola Gyermekkara \u00e9s a Vocalissimo \u00c9nekegy\u00fcttes N\u0151ikara \u2013 karvezet\u0151: \u00c1gostonn\u00e9 Kugler Zsuzsanna, Mestern\u00e9 S\u00e1ndor T\u00edmea<\/p>\n<p>az Egri Szimfonikus Zenekar Szab\u00f3 Sipos M\u00e1t\u00e9 vez\u00e9nylet\u00e9vel<\/p>\n<p>M\u0171sor: <strong>Magyar parasztdalok<\/strong>, <strong>Rom\u00e1n n\u00e9pi t\u00e1ncok<\/strong>, <strong>5 egynem\u0171kar kiszenekari k\u00eds\u00e9rettel<\/strong>, <strong>Magyar k\u00e9pek<\/strong>, <strong>I. \/posth\/ heged\u0171verseny<\/strong><\/p>\n<p><strong>Helysz\u00edn: G\u00e1rdonyi G\u00e9za Sz\u00ednh\u00e1z<\/strong><\/p>\n<p>Bel\u00e9p\u0151: 2.200 Ft, el\u0151v\u00e9telben 1.800 Ft<\/p>\n<p>Jegyek kaphat\u00f3k a sz\u00ednh\u00e1zi jegyirod\u00e1ban, valamint el\u0151ad\u00e1s el\u0151tt egy \u00f3r\u00e1val, a sz\u00ednh\u00e1z jegyp\u00e9nzt\u00e1r\u00e1ban.<\/p>\n<p>&nbsp;<\/p>\n<p><strong>\u00c1prilis 18. h\u00e9tf\u0151 15.00<\/strong><\/p>\n<p><strong>Megeml\u00e9kez\u00e9s G\u00f6rgey Art\u00far hal\u00e1l\u00e1nak 100. \u00e9vfordul\u00f3j\u00e1r\u00f3l<\/strong><\/p>\n<p>El\u0151ad\u00f3: Somfai Tiborn\u00e9<\/p>\n<p>Egy\u00fcttm\u0171k\u00f6d\u0151 partner: Dob\u00f3 Katica Nyugd\u00edjas Szervezet<\/p>\n<p><strong>Helysz\u00edn: Bartakovics B\u00e9la K\u00f6z\u00f6ss\u00e9gi H\u00e1z<\/strong><\/p>\n<p>&nbsp;<\/p>\n<p><strong>\u00c1prilis 18. h\u00e9tf\u0151 19.00<\/strong><\/p>\n<ol start=\"16\">\n<li>Egri Tavaszi Fesztiv\u00e1l<\/li>\n<\/ol>\n<p>SATART Akusztikus Felolvas\u00f3 sz\u00ednh\u00e1zi sorozat<\/p>\n<p><strong>M\u00c1TH\u00c9 KRISZTA: APR\u00d3KA ESZPONKA <\/strong><\/p>\n<p><strong>L\u00edrai pillanatk\u00e9pek Frum\u00f3sz\u00e1b\u00f3l<\/strong><\/p>\n<p>El\u0151adja: Sata-B\u00e1nfi \u00c1gota<\/p>\n<p>Rendez\u0151: Sata \u00c1rp\u00e1d<\/p>\n<p><strong>Helysz\u00edn: Forr\u00e1s Gyermek \u00e9s Ifj\u00fas\u00e1gi H\u00e1z<\/strong><\/p>\n<p>Bel\u00e9p\u0151: 1.200 Ft<\/p>\n<p><em>Az el\u0151ad\u00e1s a Nemzeti Kultur\u00e1lis Alap t\u00e1mogat\u00e1s\u00e1val j\u00f6n l\u00e9tre.<\/em><\/p>\n<p>&nbsp;<\/p>\n<p><strong><br \/>\n<\/strong><\/p>\n<p><strong>\u00c1prilis 19. kedd 19.00<\/strong><\/p>\n<ol start=\"16\">\n<li>Egri Tavaszi Fesztiv\u00e1l<\/li>\n<\/ol>\n<p><strong>CIMBALOGH TRI\u00d3 KONCERTJE<\/strong><\/p>\n<p>A h\u00e1rom virtu\u00f3z zen\u00e9sz \u2013 <strong>Balogh K\u00e1lm\u00e1n<\/strong> (cimbalom), <strong>Lakatos R\u00f3bert<\/strong> (heged\u0171), <strong>Nov\u00e1k Csaba<\/strong> (nagyb\u0151g\u0151) \u2013 m\u0171sor\u00e1ban a magyar \u00e9s balk\u00e1ni cig\u00e1ny n\u00e9pzen\u00e9t a jazz elemeivel \u00f6tv\u00f6zi.<\/p>\n<p><strong>Helysz\u00edn: Bartakovics B\u00e9la K\u00f6z\u00f6ss\u00e9gi H\u00e1z<\/strong><\/p>\n<p>Bel\u00e9p\u0151: 2.000 Ft; el\u0151v\u00e9telben \u00e9s Eger v\u00e1rosk\u00e1rty\u00e1val: 1.800 Ft<\/p>\n<p><em>A koncert l\u00e9trej\u00f6tt\u00e9t a Nemzeti Kultur\u00e1lis Alap \u00e9s a Cseh Tam\u00e1s Program t\u00e1mogatta.<\/em><\/p>\n<p>&nbsp;<\/p>\n<p><strong>\u00c1prilis 20. szerda 17.00<\/strong><\/p>\n<p><strong>GUTA\u00dcT\u00c9S? AGYV\u00c9RZ\u00c9S?<\/strong><\/p>\n<p>Az agyi t\u00f6rt\u00e9n\u00e9sek felismer\u00e9se<\/p>\n<p>El\u0151ad\u00f3: Dr. Semj\u00e9n Judit neurol\u00f3gus f\u0151orvos<\/p>\n<p>Egy\u00fcttm\u0171k\u00f6d\u0151 partner: Egri Eg\u00e9szs\u00e9g- \u00e9s K\u00f6rnyezetv\u00e9d\u0151 Egyes\u00fclet<\/p>\n<p>Bel\u00e9p\u0151: 500 Ft, az egyes\u00fclet tagjainak ingyenes<\/p>\n<p><strong>Helysz\u00edn: Bartakovics B\u00e9la K\u00f6z\u00f6ss\u00e9gi H\u00e1z<\/strong><\/p>\n<p><strong>\u00a0<\/strong><\/p>\n<p><strong>\u00c1prilis 21. cs\u00fct\u00f6rt\u00f6k 9.00 \u2013 13.00 <\/strong><\/p>\n<p><strong>Megyei dal- \u00e9s n\u00f3taverseny<\/strong><\/p>\n<p>Egy\u00fcttm\u0171k\u00f6d\u0151 partner: Nyugd\u00edjasok Heves Megyei Sz\u00f6vets\u00e9ge<\/p>\n<p><strong>Helysz\u00edn: Bartakovics B\u00e9la K\u00f6z\u00f6ss\u00e9gi H\u00e1z<\/strong><\/p>\n<p><strong>\u00a0<\/strong><\/p>\n<p><strong>\u00c1prilis 21. cs\u00fct\u00f6rt\u00f6k 16.00<\/strong><\/p>\n<p><strong>K\u00d6RNYEZETV\u00c9DELMI 1&#215;1<\/strong><\/p>\n<p><strong>Vesz\u00e9lyben a f\u00f6ldi \u00e9let<\/strong><\/p>\n<p>El\u0151ad\u00f3: <strong>Sall\u00f3s Gyula<\/strong><\/p>\n<p>Egy\u00fcttm\u0171k\u00f6d\u0151 partner: Ez\u00fcstid\u0151 Szabadid\u0151s Egyes\u00fclet<\/p>\n<p><strong>Helysz\u00edn: Bartakovics B\u00e9la K\u00f6z\u00f6ss\u00e9gi H\u00e1z<\/strong><\/p>\n<p><strong>\u00a0<\/strong><\/p>\n<p><strong>\u00c1prilis 22. p\u00e9ntek 9.00 \u2013 18.00<\/strong><\/p>\n<p><strong>F\u00d6LD NAPJA<\/strong><\/p>\n<p>H\u00faszn\u00e1l is t\u00f6bb civil szervezettel, illetve t\u00f6bb int\u00e9zm\u00e9nnyel egy\u00fctt h\u00edvjuk \u00e9s v\u00e1rjuk a kicsiket \u00e9s nagyokat az \u00c9rsekkertbe, ahol term\u00e9szet- \u00e9s k\u00f6rnyezetv\u00e9delemmel kapcsolatos j\u00e1t\u00e9kok, versenyek, \u00fcgyess\u00e9gi pr\u00f3b\u00e1k sora k\u00edn\u00e1l hasznos id\u0151t\u00f6lt\u00e9st.<\/p>\n<p>Tov\u00e1bb\u00e1 lesz ki\u00e1ll\u00edt\u00e1s, \u2013 s\u0151t egy eg\u00e9sz j\u00e1t\u00e9kpark \u2013 \u00fajrahasznos\u00edthat\u00f3 anyagokb\u00f3l k\u00e9sz\u00fclt j\u00e1t\u00e9kokb\u00f3l.<\/p>\n<p>10.00 Lusta Jank\u00f3 \u00e9s a bolond falu \u2013 a Kerek Perec Egylet el\u0151ad\u00e1sa<\/p>\n<p>15.00 Gy\u00fclekez\u0151 az I bike Eger csapat\u00e1val a 17.00-kor indul\u00f3 v\u00e1rosi ker\u00e9kp\u00e1ros felvonul\u00e1sra<\/p>\n<p><em>F\u0151t\u00e1mogat\u00f3: Eger MJV \u00d6nkorm\u00e1nyzata<\/em><\/p>\n<p><em>Inform\u00e1ci\u00f3: <\/em><a href=\"http:\/\/www.ekmkeger.hu\"><em>www.ekmkeger.hu<\/em><\/a> <a href=\"http:\/\/www.eger.hu\"><em>www.eger.hu<\/em><\/a><em>, <\/em><a href=\"http:\/\/www.egrizold.blog.hu\"><em>www.egrizold.blog.hu<\/em><\/a><\/p>\n<p>&nbsp;<\/p>\n<p><strong><br \/>\n<\/strong><\/p>\n<p><strong>\u00c1prilis 22. p\u00e9ntek 19.00<\/strong><\/p>\n<ol start=\"16\">\n<li>Egri Tavaszi Fesztiv\u00e1l<\/li>\n<\/ol>\n<p><strong>GERL\u00d3CZY M\u00c1RTON: A\u00a0CSEMEGEPULTOS\u00a0NAPL\u00d3JA<\/strong><\/p>\n<p>El\u0151adja: \u00d6tv\u00f6s Andr\u00e1s<\/p>\n<p>Sz\u00ednpadra alkalmazta: L\u0151k\u00f6s Ildik\u00f3 \u2013 G\u00f6ttinger P\u00e1l<\/p>\n<p>Rendez\u0151: G\u00f6ttinger P\u00e1l<\/p>\n<p>Az el\u0151ad\u00e1s a F\u00fcge \u00e9s az Orlai Produkci\u00f3s Iroda egy\u00fcttm\u0171k\u00f6d\u00e9s\u00e9ben j\u00f6tt l\u00e9tre<\/p>\n<p><strong>Helysz\u00edn: Forr\u00e1s Gyermek \u00e9s Ifj\u00fas\u00e1gi H\u00e1z<\/strong><\/p>\n<p>Bel\u00e9p\u0151: el\u0151v\u00e9telben 1.500 Ft, az el\u0151ad\u00e1s napj\u00e1n: 2.500 Ft<\/p>\n<p>Jegy\u00e1rus\u00edt\u00e1s a helysz\u00ednen.<\/p>\n<p><strong>\u00a0<\/strong><\/p>\n<p><strong>\u00c1prilis 23. szombat 9.00 \u2013 13.00 <\/strong><\/p>\n<p><strong>TERM\u00c9SZETES GY\u00d3GYM\u00d3DOK<\/strong><\/p>\n<p>El\u0151ad\u00f3: Kov\u00e1cs J\u00f3zsef term\u00e9szetgy\u00f3gy\u00e1sz, reflexol\u00f3gus, metafizikai pszichoterapeuta<\/p>\n<p>Egy\u00fcttm\u0171k\u00f6d\u0151 partner: Egri Eg\u00e9szs\u00e9g- \u00e9s K\u00f6rnyezetv\u00e9d\u0151 Egyes\u00fclet<\/p>\n<p>Bel\u00e9p\u0151: 500 Ft, az egyes\u00fclet tagjainak ingyenes<\/p>\n<p><strong>Helysz\u00edn: Bartakovics B\u00e9la K\u00f6z\u00f6ss\u00e9gi H\u00e1z<\/strong><\/p>\n<p><strong>\u00a0<\/strong><\/p>\n<p><strong>\u00c1prilis 23. szombat 15.00<\/strong><\/p>\n<p><strong>ADDIG J\u00c1R AZ UFO A F\u00d6LDRE, M\u00cdG EL NEM ROMLIK <\/strong><\/p>\n<p>El\u0151ad\u00f3: Dr. Mandics Gy\u00f6rgy kutat\u00f3, \u00edr\u00f3<\/p>\n<p>Bel\u00e9p\u0151: 1.000 Ft, az Univerzum Klub tagjainak 500 Ft<\/p>\n<p>Egy\u00fcttm\u0171k\u00f6d\u0151 partner: Univerzum klub<\/p>\n<p><strong>Helysz\u00edn: Bartakovics B\u00e9la K\u00f6z\u00f6ss\u00e9gi H\u00e1z<\/strong><\/p>\n<p><strong>\u00a0<\/strong><\/p>\n<p><strong>\u00c1prilis 23. szombat 15.00<\/strong><\/p>\n<p><strong>TAVASZK\u00d6SZ\u00d6NT\u0150 BOLONDOS \u00c1PRILIS\u00a0 <\/strong><\/p>\n<p>Csal\u00e1di program minden koroszt\u00e1lynak!<\/p>\n<p>Sz\u00ednpadi m\u0171sorok: T\u00e1ncra l\u00e1bam! \u2013 Szederinda N\u00e9pt\u00e1ncegy\u00fcttes, Egy\u00fcgy\u0171 Mis\u00f3 \u2013 Babszem Jank\u00f3 Gyermeksz\u00ednh\u00e1z, Csiribiri Party \u2013 Csiribiri Egy\u00fcttes gyermekkoncertje<\/p>\n<p>Mozogj, nevess \u00e9s \u00e9rezd j\u00f3l magad! \u2013 mozg\u00e1sfejleszt\u0151 \u00fcgyess\u00e9gi j\u00e1t\u00e9kok, k\u00e9zm\u0171ves j\u00e1tsz\u00f3h\u00e1z, ugr\u00e1l\u00f3v\u00e1r, \u00f3ri\u00e1s- \u00e9s n\u00e9pi \u00fcgyess\u00e9gi j\u00e1t\u00e9kok, sportj\u00e1t\u00e9kok, balkonn\u00f6v\u00e9ny v\u00e1s\u00e1r, tan\u00e1csad\u00e1s, j\u00e1t\u00e9k<\/p>\n<p>18.00 \u00f3r\u00e1t\u00f3l k\u00f6z\u00f6s szalonnas\u00fct\u00e9s (\u2013 a s\u00fctnival\u00f3t mindenki mag\u00e1nak hozza!)<\/p>\n<p><strong>Helysz\u00edn: Fels\u0151v\u00e1ros, Nemzed\u00e9kek tere<\/strong><\/p>\n<p>&nbsp;<\/p>\n<p><strong>\u00c1prilis 25. h\u00e9tf\u0151 17.00<\/strong><\/p>\n<p><strong>MIT \u00dcZEN A BETEGS\u00c9G? <\/strong><\/p>\n<p><strong>A betegs\u00e9g seg\u00edt\u0151t\u00e1rsunk a bels\u0151 harm\u00f3nia fel\u00e9 vezet\u0151 \u00faton. \u00c9rzelmeink \u00e9s szerveink kapcsolata.<\/strong><\/p>\n<p>El\u0151ad\u00f3: Szak\u00e1cs Ibolya term\u00e9szetes \u00e9let- \u00e9s gy\u00f3gym\u00f3dok tan\u00e1csad\u00f3<\/p>\n<p>Egy\u00fcttm\u0171k\u00f6d\u0151 partner: Heves Megyei \u00c9letreform N\u00e9pf\u0151iskola<\/p>\n<p>Bel\u00e9p\u0151: 500 Ft, az egyes\u00fclet tagjainak ingyenes<\/p>\n<p><strong>Helysz\u00edn: Bartakovics B\u00e9la K\u00f6z\u00f6ss\u00e9gi H\u00e1z<\/strong><\/p>\n<p><strong>\u00a0<\/strong><\/p>\n<p><strong><br \/>\n<\/strong><\/p>\n<p><strong>\u00c1prilis 25. h\u00e9tf\u0151 19.00<\/strong><\/p>\n<p>A 16. Egri Tavaszi Fesztiv\u00e1l z\u00e1r\u00f3koncertje<\/p>\n<p><strong>\u201eMAMA, K\u00c9RLEK\u2026\u201d \u2013 KONCZ ZSUZSA KONCERT<\/strong><\/p>\n<p><strong>Helysz\u00edn: Kem\u00e9ny Ferenc Sportcsarnok<\/strong><\/p>\n<p>Bel\u00e9p\u0151: 5.900 Ft, 4.900 Ft, 3.900 Ft<\/p>\n<p>Jegyek kaphat\u00f3k: Forr\u00e1s Gyermek \u00e9s Ifj\u00fas\u00e1gi H\u00e1z, Tourinform Iroda, online jegyv\u00e1s\u00e1rl\u00e1s:\u00a0<a href=\"http:\/\/www.gagprodukcio.hu\/\">www.gagprodukcio.hu<\/a><\/p>\n<p><strong>\u00a0<\/strong><\/p>\n<p><strong>\u00c1prilis 29. p\u00e9ntek 10.30<\/strong><\/p>\n<p><strong>&#8222;Ami \u00e9l, annak meg kell \u00fajulnia&#8221;<\/strong><\/p>\n<p><strong>Region\u00e1lis N\u00e9pm\u0171v\u00e9szeti Tan\u00e1cskoz\u00e1s<\/strong><\/p>\n<p>Egy\u00fcttm\u0171k\u00f6d\u0151 partner: Heves Megyei N\u00e9pm\u0171v\u00e9szeti Egyes\u00fclet<\/p>\n<p><strong>Helysz\u00edn: Bartakovics B\u00e9la K\u00f6z\u00f6ss\u00e9gi H\u00e1z<\/strong><\/p>\n<p><strong>\u00a0<\/strong><\/p>\n<p><strong>\u00c1prilis 30. szombat \u2013 m\u00e1jus 1. vas\u00e1rnap 10.00 \u2013 18.00<\/strong><\/p>\n<p><strong>T\u0170ZZOM\u00c1NC TANODA <\/strong><\/p>\n<p>T\u00e9ma: A rekeszzom\u00e1nc szellemis\u00e9ge technikai illusztr\u00e1ci\u00f3kkal<\/p>\n<p>M\u0171v\u00e9szeti vezet\u0151: K\u00e1tai Mih\u00e1ly Munk\u00e1csy-d\u00edjas fest\u0151m\u0171v\u00e9sz<\/p>\n<p>R\u00e9szv\u00e9teli d\u00edj: 2.000 Ft\/f\u0151; napi jegy: 1.500 Ft; havi b\u00e9rlet (k\u00e9t h\u00e9tv\u00e9ge): 3.000 Ft<\/p>\n<p><strong>Helysz\u00edn: Forr\u00e1s Gyermek \u00e9s Ifj\u00fas\u00e1gi H\u00e1z<\/strong><\/p>\n<p><strong>\u00a0<\/strong><\/p>\n<p><strong>\u00a0<\/strong><\/p>\n<p>&nbsp;<\/p>\n<p><strong>\u00a0<\/strong><\/p>\n<p><strong>ALKOT\u00d3 J\u00c1TSZ\u00d3H\u00c1ZAK<\/strong><\/p>\n<p><strong>\u00d3VOD\u00c1SOKNAK, \u00c1LTAL\u00c1NOS ISKOL\u00c1SOKNAK<\/strong><\/p>\n<p><strong>El\u0151zetesen bejelentkezett <\/strong>(minimum 2 nap) csoportokat, egy\u00e9neket, csal\u00e1dokat v\u00e1runk a k\u00e9zm\u0171ves napokra.<\/p>\n<p><strong>\u00c1prilis 6. szerda \u2013 7. cs\u00fct\u00f6rt\u00f6k 10.00 \u00e9s 14.00<\/strong><\/p>\n<p><strong>\u00c1prilis 13. szerda \u2013 14. cs\u00fct\u00f6rt\u00f6k 10.00 \u00e9s 14.00<\/strong><\/p>\n<p><strong>\u00c1prilis 20. szerda \u2013 21. cs\u00fct\u00f6rt\u00f6k 10.00 \u00e9s 14.00<\/strong><\/p>\n<p><strong>\u00c1prilis 27. szerda \u2013 28. cs\u00fct\u00f6rt\u00f6k 10.00 \u00e9s 14.00<\/strong><\/p>\n<p><strong>Helysz\u00edn: Forr\u00e1s Gyermek \u00e9s Ifj\u00fas\u00e1gi H\u00e1z<\/strong><\/p>\n<p><em>Jelentkez\u00e9s: Kristonn\u00e9 Erdei M\u00e1ria, 20\/779-2875, erdei.maria@ekmk.eu\u00a0<\/em><\/p>\n<p><strong>\u00a0<\/strong><\/p>\n<p><strong>\u00a0<\/strong><\/p>\n<p><strong>EL\u0150ZETES<\/strong><\/p>\n<p>&nbsp;<\/p>\n<p><strong>\u00a0<\/strong><\/p>\n<p><strong>M\u00e1jus 4. szerda \u2013 7. szombat\u00a0\u00a0\u00a0 <\/strong><\/p>\n<p><strong>MI\u00c9NK A T\u00c9R! MEGYEI M\u0170V\u00c9SZETI FESZTIV\u00c1L<\/strong><\/p>\n<p>\u00c1ltal\u00e1nos \u2013 \u00e9s k\u00f6z\u00e9piskol\u00e1s di\u00e1koknak el\u0151zetes jelentkez\u00e9ssel.<\/p>\n<p>K\u00f6nny\u0171zene, komolyzene, modern t\u00e1nc, n\u00e9pt\u00e1nc, sz\u00ednj\u00e1tsz\u00e1s, vers\u2026<\/p>\n<p><strong>Helysz\u00edn: Forr\u00e1s Gyermek \u00e9s Ifj\u00fas\u00e1gi H\u00e1z<\/strong><\/p>\n<p><em>Inform\u00e1ci\u00f3: Kristonn\u00e9 Erdei M\u00e1ria, 20\/779-2875<\/em><\/p>\n<p>&nbsp;<\/p>\n<p><strong>\u00a0<\/strong><\/p>\n<p><strong>\u00a0<\/strong><\/p>\n<p><strong>VEND\u00c9GPROGRAM<\/strong><\/p>\n<p><strong>\u00a0<\/strong><\/p>\n<p><strong>\u00c1prilis 22. p\u00e9ntek 18.00<\/strong><br \/>\n<strong>\u201eEL\u0150TTEM LEGYEN MINDIG \u00daT\u201d \u2013 BAGDI BELLA KONCERT<\/strong><br \/>\n<strong>Helysz\u00edn:<\/strong> <strong>Bartakovics B\u00e9la K\u00f6z\u00f6ss\u00e9gi H\u00e1z<\/strong><\/p>\n<p>Jegy\u00e1r \u2013 el\u0151v\u00e9telben: 2.300 Ft, napj\u00e1n: 3.300 Ft; t\u00e1mogat\u00f3i jegy: 4.600 Ft.<\/p>\n<p>Jegyv\u00e1s\u00e1rl\u00e1s: Tourinform Iroda Eger (36\/517-715); online: bagdibella.hu vagy jegy.hu<\/p>\n<p><strong>\u00a0<\/strong><\/p>\n<p><strong>M\u00e1jus 1. vas\u00e1rnap 8.00 \u2013 13.00 <\/strong><\/p>\n<ol start=\"91\">\n<li><strong> EGRI ORSZ\u00c1GOS \u00c9REMGY\u0170JT\u0150 TAL\u00c1LKOZ\u00d3 \u00c9S B\u00d6RZE<\/strong><\/li>\n<\/ol>\n<p>A bel\u00e9p\u00e9s d\u00edjtalan.<\/p>\n<p>Egy\u00fcttm\u0171k\u00f6d\u0151 partner: Magyar \u00c9remgy\u0171jt\u0151k Egyes\u00fclete Egri Szervezete<\/p>\n<p><strong>Helysz\u00edn: Bartakovics B\u00e9la K\u00f6z\u00f6ss\u00e9gi H\u00e1z<\/strong><\/p>\n<p>&nbsp;<\/p>\n<p>&nbsp;<\/p>\n<p>&nbsp;<\/p>\n<p><strong>KI\u00c1LL\u00cdT\u00c1SOK<\/strong><\/p>\n<p>&nbsp;<\/p>\n<p><strong>\u00c1prilis 1 \u2013 19.<\/strong><\/p>\n<p><strong>\u201eVisszapillant\u00f3\u201d \u2013 Moln\u00e1r Istv\u00e1n G\u00e9za fotogr\u00e1fus \u00e9letm\u0171 ki\u00e1ll\u00edt\u00e1sa<\/strong><\/p>\n<p>Megnyit\u00f3: \u00e1prilis 1., p\u00e9ntek 17.00<\/p>\n<p>K\u00f6sz\u00f6nt\u0151t mond: Kov\u00e1cs Katalin, az EKMK igazgat\u00f3ja, Demeter P\u00e1l, a Heves Megyei Fot\u00f3klub vezet\u0151je, Cs. Varga Istv\u00e1n irodalomt\u00f6rt\u00e9n\u00e9sz<\/p>\n<p>K\u00f6zrem\u0171k\u00f6dik: J\u00f3n\u00e1s Zolt\u00e1n el\u0151ad\u00f3m\u0171v\u00e9sz<\/p>\n<p>Egy\u00fcttm\u0171k\u00f6d\u0151 partner: Horv\u00e1th Lajos Zsigmond Fot\u00f3k\u00f6r<\/p>\n<p><strong>Helysz\u00edn: Bartakovics B\u00e9la K\u00f6z\u00f6ss\u00e9gi H\u00e1z<\/strong><\/p>\n<p><em>\u00a0\u201eMoln\u00e1r Istv\u00e1n G\u00e9za a nagy el\u0151d\u00f6k \u00fatj\u00e1t j\u00e1rja. Balog Rudolf, Vadas Ern\u0151, az \u00fan. magyaros st\u00edlus<\/em><\/p>\n<p><em>\u00a0eur\u00f3pai h\u00edr\u0171 mesterei, a sz\u00e9p f\u00e9nyk\u00e9pek ut\u00e1nozhatatlan megalkot\u00f3i, Pl\u00f3hn J\u00f3zsef, Sug\u00e1r Kata \u00e9s t\u00e1rsaik a szociofot\u00f3 ihletett m\u0171v\u00e9szei. (&#8230;)<\/em><\/p>\n<p><em>M\u0171v\u00e9szet\u00e9nek biztos alapja \u00e9letszeml\u00e9lete \u00e9s az a szeretet, ahogy \u201e\u00e1ldozatait\u201d meg\u00f6r\u00f6k\u00edti.<\/em><\/p>\n<p><em>Az \u00f6regs\u00e9g r\u00e1ncaiban is felfedezz\u00fck, hogy minden neh\u00e9zs\u00e9g ellen\u00e9re \u00e9lni sz\u00e9p, \u00e9lni j\u00f3.\u201d <\/em><\/p>\n<p><em>&#8211; T\u00f3th J\u00f3zsef fot\u00f3m\u0171v\u00e9sz &#8211;<\/em><\/p>\n<p>&nbsp;<\/p>\n<p><strong>\u00c1prilis 4 \u2013 m\u00e1jus 18.<\/strong><\/p>\n<p><strong>&#8222;A KINCCS\u00c9 KUKKANT K\u00c9PZELET&#8221;<\/strong><\/p>\n<p>D\u00f3sa Csilla \u00e9s Eger \u00f3vod\u00e1sai k\u00f6nyvillusztr\u00e1ci\u00f3ib\u00f3l k\u00e9sz\u00fclt ki\u00e1ll\u00edt\u00e1s<\/p>\n<p>Megnyit\u00f3: 2016. \u00e1prilis 4., h\u00e9tf\u0151 10.00<\/p>\n<p>K\u00f6zrem\u0171k\u00f6dik: Babszem Jank\u00f3 Gyermeksz\u00ednh\u00e1z \u2013 Csuk\u00e1s Istv\u00e1n: Nagy ho-ho-ho horg\u00e1sz<\/p>\n<p><strong>Helysz\u00edn: Forr\u00e1s Gyermek \u00e9s Ifj\u00fas\u00e1gi H\u00e1z<\/strong><\/p>\n<ol start=\"2016\">\n<li><em> \u00e1prilis 2-\u00e1n, szombaton, a Nemzetk\u00f6zi K\u00f6nyvnapon \u00fcnnepli 80. sz\u00fclet\u00e9snapj\u00e1t Csuk\u00e1s Istv\u00e1n. A jeles alkalomra a Babszem Jank\u00f3 Gyermeksz\u00ednh\u00e1z egy verses k\u00f6nyvecsk\u00e9vel k\u00e9sz\u00fclt, melynek illusztr\u00e1ci\u00f3j\u00e1t D\u00f3sa Csilla \u00e9s egri \u00f3vod\u00e1sok k\u00e9sz\u00edtett\u00e9k. Az alkot\u00e1sokb\u00f3l \u00e1prilis 4-\u00e9n ki\u00e1ll\u00edt\u00e1s ny\u00edlik a Forr\u00e1s Gyermek \u00e9s Ifj\u00fas\u00e1gi H\u00e1z Zsibong\u00f3j\u00e1ban &#8222;A kinccs\u00e9 kukkant k\u00e9pzelet&#8221; c\u00edmmel. <\/em><\/li>\n<\/ol>\n<p>&nbsp;<\/p>\n<p><strong>\u00c1prilis 15 \u2013 m\u00e1jus 10.<\/strong><\/p>\n<ol start=\"16\">\n<li>Egri Tavaszi Fesztiv\u00e1l<\/li>\n<\/ol>\n<p><strong>J\u00c9ZUS \u00c9LETE<\/strong><\/p>\n<p><strong>Aknay J\u00e1nos, ef Z\u00e1mb\u00f3 Istv\u00e1n, t\u00e1bori csaba fest\u0151m\u0171v\u00e9szek ki\u00e1ll\u00edt\u00e1sa<\/strong><\/p>\n<p>Megnyit\u00f3: \u00e1prilis 15., p\u00e9ntek 17.00<\/p>\n<p>K\u00f6sz\u00f6nt\u0151t mond:<\/p>\n<p>Kov\u00e1cs Katalin, az Egri Kultur\u00e1lis \u00e9s M\u0171v\u00e9szeti K\u00f6zpont igazgat\u00f3ja,<\/p>\n<p>\u00d3csai Tam\u00e1s, a Hetednapi Adventista Egyh\u00e1z eln\u00f6ke<\/p>\n<p>Megnyitja: Dr. Lipp M\u00f3nika F\u0151egyh\u00e1zmegyei M\u00fazeum muzeol\u00f3gusa, m\u0171v\u00e9szett\u00f6rt\u00e9n\u00e9sze<\/p>\n<p>K\u00f6zrem\u0171k\u00f6dik: az Egri \u00c9rseki Fi\u00fak\u00f3rus<\/p>\n<p>Megtekinthet\u0151 h\u00e9tf\u0151 kiv\u00e9tel\u00e9vel, naponta 11.00 \u2013 18.00.<\/p>\n<p><strong>Helysz\u00edn: Templom Gal\u00e9ria<\/strong><\/p>\n<p><em>A ki\u00e1ll\u00edt\u00e1ssal egybek\u00f6tve rajz- \u00e9s festm\u00e9nyp\u00e1ly\u00e1zat ker\u00fclt meghirdet\u00e9sre; a t\u00e1rlat z\u00e1r\u00f3esem\u00e9ny\u00e9re \u00e9s a meghirdetett p\u00e1ly\u00e1zatra k\u00fcld\u00f6tt alkot\u00e1sok d\u00edjaz\u00e1s\u00e1ra <\/em><\/p>\n<ol start=\"2016\">\n<li><em> m\u00e1jus 10-\u00e9n, 17 \u00f3r\u00e1t\u00f3l ker\u00fcl sor.<\/em><\/li>\n<\/ol>\n<p>&nbsp;<\/p>\n<p><strong>\u00c1prilis 22 \u2013 28.<\/strong><\/p>\n<ol start=\"16\">\n<li>Egri Tavaszi Fesztiv\u00e1l<\/li>\n<\/ol>\n<p><strong>KUTNA HORA \u00c9P\u00cdT\u00c9SZETI KINCSEI<\/strong> \u2013 <strong>H\u00fasz \u00e9ve UNESCO v\u00e9delem alatt<\/strong><\/p>\n<p>Eger csehorsz\u00e1gi testv\u00e9rv\u00e1ros\u00e1nak m\u0171eml\u00e9kv\u00e9delmi \u00e9rt\u00e9keit bemutat\u00f3 fot\u00f3ki\u00e1ll\u00edt\u00e1s<\/p>\n<p>Megnyit\u00f3: \u00e1prilis 22., p\u00e9ntek 17.00<\/p>\n<p>Bevezet\u0151: Eva Hnatkova kultur\u00e1lis f\u0151tan\u00e1csos, Kutna Hora<\/p>\n<p>Megnyit\u00f3: Kurczveil M\u00e1ria Heves megyei m\u0171eml\u00e9ki fel\u00fcgyel\u0151, Eger<\/p>\n<p>Somody Zolt\u00e1n m\u0171eml\u00e9kv\u00e9delmi szakm\u00e9rn\u00f6k, Eger<\/p>\n<p><strong>Helysz\u00edn: Bartakovics B\u00e9la K\u00f6z\u00f6ss\u00e9gi H\u00e1z<\/strong><\/p>\n<p><strong>\u00a0<\/strong><\/p>\n<p><strong>\u00c1prilis 29 \u2013 m\u00e1jus 10.<\/strong><\/p>\n<p><strong>Mester \u00e9s tan\u00edtv\u00e1nyai \u2013 H<\/strong><strong>orv\u00e1th Tibor b\u0151rm\u0171ves, n\u00e9pi iparm\u0171v\u00e9sz, a N\u00e9pm\u0171v\u00e9szet Mestere \u00e9s tan\u00edtv\u00e1nyainak ki\u00e1ll\u00edt\u00e1sa<\/strong><\/p>\n<p>Megnyit\u00f3: \u00e1prilis 29., p\u00e9ntek 10.00<\/p>\n<p>Egy\u00fcttm\u0171k\u00f6d\u0151 partner: Heves Megyei N\u00e9pm\u0171v\u00e9szeti Egyes\u00fclet<\/p>\n<p><strong>Helysz\u00edn: Bartakovics B\u00e9la K\u00f6z\u00f6ss\u00e9gi H\u00e1z<\/strong><\/p>\n<p><strong><em>\u00a0<\/em><\/strong><\/p>\n<p><strong><em>M\u00e9g l\u00e1that\u00f3\u2026<\/em><\/strong><\/p>\n<p><strong>\u00a0<\/strong><\/p>\n<p><strong>\u00c1prilis 1-ig<\/strong><\/p>\n<p><strong>\u201eM\u00c1S SZEMMEL\u201d \u2013 A Megyei Rajzszakt\u00e1rgyi Verseny v\u00e1logatott ki\u00e1ll\u00edt\u00e1sa<\/strong><\/p>\n<p>Egy\u00fcttm\u0171k\u00f6d\u0151 partner: Heves Megyei Pedag\u00f3giai Int\u00e9zet<\/p>\n<p><strong>Helysz\u00edn: Forr\u00e1s Gyermek \u00e9s Ifj\u00fas\u00e1gi H\u00e1z, Sik\u00e1tor Gal\u00e9ria<\/strong><\/p>\n<p><strong>\u00a0<\/strong><\/p>\n<p><strong>\u00c1prilis 8-ig<\/strong><\/p>\n<p><strong>\u201eNE \u00cdT\u00c9LJ ELS\u0150RE!\u201d<\/strong><\/p>\n<p>Az Orosh\u00e1zi Gyermek- \u00e9s Ifj\u00fas\u00e1gi \u00d6nkorm\u00e1nyzat el\u0151\u00edt\u00e9letek ellen k\u00fczd\u0151 fot\u00f3sorozata<\/p>\n<p><strong>Helysz\u00edn: IFI PONT<\/strong><\/p>\n<p>&nbsp;<\/p>\n<p><strong>\u00a0<\/strong><strong>M\u00e1jus 12-ig<\/strong><\/p>\n<p><strong>\u201eA 101 legszentebb\u201d \u2013 Sarkadi P\u00e9ter grafikusm\u0171v\u00e9sz ki\u00e1ll\u00edt\u00e1sa<\/strong><\/p>\n<p>Megnyit\u00f3: m\u00e1rcius 30., szerda 17.00<\/p>\n<p>Megnyitja: H. Szilasi \u00c1gota m\u0171v\u00e9szett\u00f6rt\u00e9n\u00e9sz<\/p>\n<p><strong>Helysz\u00edn: Vitkovics Alkot\u00f3h\u00e1z \u00e9s M\u0171v\u00e9sztelep<\/strong><\/p>\n<p>&nbsp;<\/p>\n<p>&nbsp;<\/p>\n<p><strong><em>\u00c1lland\u00f3 ki\u00e1ll\u00edt\u00e1s:<\/em><\/strong><\/p>\n<p><strong>\u00a0<\/strong><\/p>\n<p><strong>VITKOVICS MIH\u00c1LY EML\u00c9KSZOBA<\/strong><\/p>\n<p><strong>Helysz\u00edn: Vitkovics Alkot\u00f3h\u00e1z \u00e9s M\u0171v\u00e9sztelep<\/strong><\/p>\n<p>&nbsp;<\/p>\n<p>&nbsp;<\/p>\n<p><strong>IFI PONT<\/strong><\/p>\n<p><strong>Ifj\u00fas\u00e1gi Inform\u00e1ci\u00f3s \u00e9s Tan\u00e1csad\u00f3 Iroda<\/strong><\/p>\n<p>&nbsp;<\/p>\n<p>\u00c1LLAND\u00d3 SZOLG\u00c1LTAT\u00c1S<\/p>\n<p><strong>Tan\u00e1csad\u00e1s\u00a0<\/strong>(bejelentkez\u00e9s alapj\u00e1n): p\u00e1lyaorient\u00e1ci\u00f3s, karrier tan\u00e1csad\u00e1s;<\/p>\n<p>ment\u00e1lhigi\u00e9n\u00e9s, \u00e9letvezet\u00e9si\/\u00e9letszervez\u00e9si tan\u00e1csad\u00e1s; di\u00e1kjogi-, \u00f6nk\u00e9ntes tan\u00e1csad\u00e1s<\/p>\n<p><strong>Ingyenes inform\u00e1ci\u00f3k<\/strong>: fels\u0151oktat\u00e1s rendszer, tov\u00e1bbtanul\u00e1s, \u00f6n\u00e9letrajz-\u00edr\u00e1s,<\/p>\n<p>\u00e1ll\u00e1skeres\u00e9s, helyi \u00e9s orsz\u00e1gos programok, szabadid\u0151s elfoglalts\u00e1gok, sportlehet\u0151s\u00e9gek<\/p>\n<p>a v\u00e1rosban, di\u00e1kmunka v\u00e1llal\u00e1s lehet\u0151s\u00e9gei stb.<\/p>\n<p><strong>K\u00f6nyvmolyKuck\u00f3<\/strong><\/p>\n<p><strong>T\u00e1rsasj\u00e1t\u00e9kok, csocs\u00f3, ping-pong asztal<\/strong><\/p>\n<p><strong>Ingyenes internet el\u00e9rhet\u0151s\u00e9g \/Wifi<\/strong><\/p>\n<p>\u00c1LLAND\u00d3 FOGLALKOZ\u00c1S<\/p>\n<p>\u00d6nszervez\u0151d\u0151 csoportok befogad\u00e1sa \u2013\u00a0<strong>Anime klub<\/strong>: szerda 14.00 \u2013 18.00<\/p>\n<p><em>Nyitva tart\u00e1s: h\u00e9tk\u00f6znapokon 10.00 \u2013 18.00<\/em><\/p>\n<p><em>Tov\u00e1bbi inform\u00e1ci\u00f3: facebook.com\/ifipont \/\u00a0<\/em><a href=\"mailto:ifiponteger@gmail.com\"><em>ifiponteger@gmail.com<\/em><\/a><\/p>\n<p><em>\u00a0<\/em><\/p>\n<p><em>\u00a0<\/em><\/p>\n<p><strong>Forr\u00e1spont<\/strong><\/p>\n<p><strong>Lakoss\u00e1gi Inform\u00e1ci\u00f3s \u00e9s Szolg\u00e1ltat\u00f3 Iroda<\/strong><\/p>\n<p>&nbsp;<\/p>\n<p>Rendszeres FOGLALKOZ\u00c1SOK<\/p>\n<p><strong>Minden m\u00e1sodik h\u00e9tf\u0151 \u2013<\/strong> <strong>\u00e1prilis 4. \u00e9s 18.<\/strong><\/p>\n<p>17.00 \u2013 19.00 Kreat\u00edv k\u00f6r feln\u0151tteknek<\/p>\n<p>Lak\u00e1sdekor\u00e1ci\u00f3, k\u00e9zm\u0171ves technik\u00e1k, \u00f6tletes alkot\u00e1sok, \u00fajra felhaszn\u00e1lt anyagokb\u00f3l, megunt t\u00e1rgyakb\u00f3l.<\/p>\n<p>&nbsp;<\/p>\n<p>&nbsp;<\/p>\n<p><strong>Szerda\u00a0\u00a0\u00a0\u00a0\u00a0\u00a0\u00a0\u00a0\u00a0\u00a0\u00a0\u00a0\u00a0\u00a0\u00a0\u00a0\u00a0\u00a0\u00a0\u00a0\u00a0\u00a0<\/strong><\/p>\n<p>10.00 \u2013 12.00\u00a0 K\u00f6zelbaba Cseveg\u0151 baba-mama klub<\/p>\n<p>16.00 \u2013 17.00\u00a0 Nevet\u0151 j\u00f3ga<\/p>\n<p><strong>Cs\u00fct\u00f6rt\u00f6k\u00a0\u00a0\u00a0<\/strong><\/p>\n<p>10.00 \u2013 11.30 \u00a0 Eg\u00e9szs\u00e9gmeg\u0151rz\u0151 torna klub<\/p>\n<p>16.00 \u2013 17.30\u00a0 \u201eF\u00fcgg\u0151 j\u00e1tszm\u00e1k\u201d<\/p>\n<p>Kihelyezett tan\u00e1csad\u00e1s, inform\u00e1ci\u00f3ny\u00fajt\u00e1s szenved\u00e9lybetegs\u00e9gekr\u0151l, kezel\u00e9si lehet\u0151s\u00e9gekr\u0151l \u00e9rintetteknek \u00e9s hozz\u00e1tartoz\u00f3knak, a F\u0151egyh\u00e1zmegyei Karit\u00e1sz K\u00f6zpont Eger R\u00c9V Szenved\u00e9lybeteg-seg\u00edt\u0151 Szolg\u00e1lata vezet\u00e9s\u00e9vel.<\/p>\n<p>18.00 \u2013 20.00 Gyermek sz\u00ednj\u00e1tsz\u00f3 csoport<\/p>\n<p><strong>P\u00e9ntek\u00a0\u00a0\u00a0\u00a0\u00a0\u00a0\u00a0\u00a0\u00a0<\/strong><\/p>\n<p>10.00 \u2013 12.00 Angol Cseveg\u0151 \u2013 nyelvtanul\u00e1s anyuk\u00e1knak, nagymam\u00e1knak<\/p>\n<p>18.00 \u2013 21.00 Jap\u00e1n-Eger Kult\u00far Klub<\/p>\n<p>&nbsp;<\/p>\n<p>PROGRAMOK<\/p>\n<p><strong>\u00c1prilis 4. h\u00e9tf\u0151 9.00 \u2013 11.00 <\/strong><\/p>\n<p>Eg\u00e9szs\u00e9g klub \u2013 El\u0151ad\u00e1ssorozat<\/p>\n<p>A program az Egri J\u00e1r\u00e1si N\u00e9peg\u00e9szs\u00e9g\u00fcgyi Oszt\u00e1ly \u00e9s a Medicina a Gy\u00f3gyul\u00e1s\u00e9rt Alap\u00edtv\u00e1ny j\u00f3volt\u00e1b\u00f3l val\u00f3sul meg. \u00c1prilisi t\u00e9ma: <strong>Ingyenes sz\u0171r\u0151vizsg\u00e1latok<\/strong><\/p>\n<p><strong>\u00c1prilis 5. kedd 9.00 \u2013 12.00 <\/strong><\/p>\n<p>\u00c9l\u00e9nk\u00edt\u0151, friss\u00edt\u0151, harmoniz\u00e1l\u00f3 massz\u00e1zs \u2013 k\u00e9z, talp \u00e9s h\u00e1tmassz\u00e1zs, el\u0151zetes bejelentkez\u00e9s alapj\u00e1n. (A program a Szeretet F\u00e9nye Alap\u00edtv\u00e1ny j\u00f3volt\u00e1b\u00f3l val\u00f3sul meg.)<\/p>\n<p><strong>\u00c1prilis 26. kedd 16.00 \u2013 18.00<\/strong><\/p>\n<p>Fels\u0151v\u00e1rosi fert\u00e1lymesteri fogad\u00f3\u00f3ra<\/p>\n<p><em>Tov\u00e1bbi inform\u00e1ci\u00f3:\u00a0<\/em><a href=\"http:\/\/0.0.0.20\/779-0372\"><em>20\/779-0372<\/em><\/a><em>\u00a0\/\u00a0<\/em><a href=\"http:\/\/www.facebook.com\/liszieger\"><em>www.facebook.com\/liszieger<\/em><\/a><\/p>\n<p>&nbsp;<\/p>\n<p>&nbsp;<\/p>\n<p><strong>BERVA-V\u00d6LGYI K\u00d6Z\u00d6SS\u00c9GI H\u00c1Z<\/strong><\/p>\n<p>&nbsp;<\/p>\n<p>\u00c1LLAND\u00d3 SZOLG\u00c1LTAT\u00c1S: Internet, k\u00f6nyvt\u00e1r, j\u00e1t\u00e9ksarok, ki\u00e1ll\u00edt\u00f3t\u00e9r<\/p>\n<p>NYITVA TART\u00c1S: kedd \u2013 szombat 10.00-16.00<\/p>\n<p>3300 Eger, 1. sz\u00e1m\u00fa lak\u00f3telep 9. \u00e9p\u00fclet<\/p>\n<p><em>Programok, egy\u00e9b inform\u00e1ci\u00f3:\u00a0<\/em><a href=\"mailto:pappildiko@freemail.hu\"><em>pappildiko@freemail.hu<\/em><\/a><em>,\u00a070\/629-3715<\/em><\/p>\n<p><strong>\u00a0<\/strong><\/p>\n<p>&nbsp;<\/p>\n<p><strong><br \/>\n<\/strong><\/p>\n<p><strong>F E L H \u00cd V \u00c1 S<\/strong><\/p>\n<p><strong>\u00a0<\/strong><\/p>\n<p><strong>ALKOT\u00d3 J\u00c1TSZ\u00d3H\u00c1ZAK \u00d3VOD\u00c1SOKNAK \u00c9S \u00c1LTAL\u00c1NOS ISKOL\u00c1SOKNAK<\/strong><\/p>\n<p>El\u0151zetesen bejelentkezett csoportokat, egy\u00e9neket, csal\u00e1dokat v\u00e1runk a Forr\u00e1s Gyermek \u00e9s Ifj\u00fas\u00e1gi H\u00e1zba, a szerdai \u00e9s cs\u00fct\u00f6rt\u00f6ki k\u00e9zm\u0171ves napokra.<\/p>\n<p><em>Jelentkez\u00e9s: Kristonn\u00e9 Erdei M\u00e1ria,20\/779-2875, erdei.maria@ekmk.eu<\/em><\/p>\n<p>&nbsp;<\/p>\n<p><strong>Mi\u00e9nk a t\u00e9r! megyei m\u0171v\u00e9szeti fesztiv\u00e1l<\/strong><br \/>\nM\u00e1jus 4.,\u00a0 szerda \u2013 k\u00f6nny\u0171zene<\/p>\n<p>M\u00e1jus 5., cs\u00fct\u00f6rt\u00f6k \u2013 komolyzene, n\u00e9pzene, n\u00e9pdal<\/p>\n<p>M\u00e1jus 6., p\u00e9ntek \u2013 modern t\u00e1nc<br \/>\nM\u00e1jus 7., szombat \u2013 n\u00e9pt\u00e1nc, n\u00e9pi j\u00e1t\u00e9k, sz\u00ednj\u00e1tsz\u00e1s, vers<br \/>\n<strong>Jelentkez\u00e9si hat\u00e1rid\u0151: 2016. \u00e1prilis 8., p\u00e9ntek<\/strong><\/p>\n<p><em>R\u00e9szletes ki\u00edr\u00e1s, jelentkez\u00e9si lap k\u00e9rhet\u0151 a Forr\u00e1s Gyermek \u00e9s Ifj\u00fas\u00e1gi H\u00e1zban,<\/em><\/p>\n<p><em>Kristonn\u00e9 Erdei M\u00e1ri\u00e1t\u00f3l (20\/779-2875,\u00a0<\/em><a href=\"mailto:erdei.maria@ekmk.eu\"><em>erdei.maria@ekmk.eu<\/em><\/a><em>).<\/em><\/p>\n<p>&nbsp;<\/p>\n<p><strong>M\u00e1rai S\u00e1ndor pr\u00f3za- \u00e9s Versmond\u00f3 tal\u00e1lkoz\u00f3<\/strong><\/p>\n<p><strong>Az \u00edr\u00f3 sz\u00fclet\u00e9snapj\u00e1ra eml\u00e9kezve, m\u00e1sodik alkalommal hirdet\u00fcnk pr\u00f3za- \u00e9s versmond\u00f3 tal\u00e1lkoz\u00f3t 8. oszt\u00e1lyos di\u00e1kok \u00e9s k\u00f6z\u00e9piskol\u00e1s tanul\u00f3k r\u00e9sz\u00e9re<\/strong>. A 2016. \u00e1prilis 16-\u00e1ra, szombatra kit\u0171z\u00f6tt esem\u00e9nyen k\u00f6telez\u0151en egy M\u00e1rai S\u00e1ndor \u00e1ltal \u00edrt pr\u00f3z\u00e1t vagy verset, valamint egy szabadon v\u00e1lasztott, magyar \u00edr\u00f3, k\u00f6lt\u0151 \u00e1ltal \u00edrt m\u0171 bemutat\u00e1s\u00e1t v\u00e1rjuk, maximum 5-5 perces id\u0151tartamban.<\/p>\n<p>A kit\u00f6lt\u00f6tt nevez\u00e9si lapokat\u00a0<strong>2016. \u00e1prilis 8-ig<\/strong>, az EKMK Forr\u00e1s Gyermek \u00e9s Ifj\u00fas\u00e1gi H\u00e1z (3300 Eger, Bart\u00f3k B\u00e9la t\u00e9r 6.) c\u00edm\u00e9re vagy a\u00a0<a href=\"mailto:kekvolgyi.noemi@ekmk.eu\">kekvolgyi.noemi@ekmk.eu<\/a>\u00a0e-mail c\u00edmre v\u00e1rjuk. A nevez\u00e9si lap az int\u00e9zm\u00e9nyi honlapon is el\u00e9rhet\u0151.<\/p>\n<p><em>Tov\u00e1bbi inform\u00e1ci\u00f3: K\u00e9kv\u00f6lgyi No\u00e9mi, 20\/247-55-65<\/em><\/p>\n<p>&nbsp;<\/p>\n<ol>\n<li><strong>Orsz\u00e1gos Zom\u00e1ncm\u0171v\u00e9szeti Bienn\u00e1l\u00e9<\/strong><\/li>\n<\/ol>\n<p>P\u00e1ly\u00e1zatot hirdet\u00fcnk\u00a0<strong>t\u0171zzom\u00e1nc technik\u00e1val k\u00e9sz\u00fclt alkot\u00e1sok l\u00e9trehoz\u00e1s\u00e1ra.<\/strong><\/p>\n<p>A hagyom\u00e1nyhoz h\u00edven tematikus m\u0171veket v\u00e1runk, az idei ki\u00e1ll\u00edt\u00e1s c\u00edme: T\u00dcND\u00c9RID\u00c9Z\u0150 MOT\u00cdVUMOK \u2013 v\u00edzv\u00e9d\u0151 mesebeli l\u00e9nyek<strong>. (<\/strong>L. a r\u00e9szletes ki\u00edr\u00e1s szerinti, ihletad\u00f3 legend\u00e1ink, mes\u00e9ink, irodalmi alkot\u00e1saink, valamint r\u00e9gi \u00e1br\u00e1zol\u00e1sok, kazett\u00e1s mennyezetek\u2026 \u00fczenet\u00e9t!)<\/p>\n<p>A p\u00e1lyam\u0171vek k\u00e9pek, zom\u00e1nccal d\u00edsz\u00edtett plasztik\u00e1k vagy d\u00edszt\u00e1rgyak, \u00e9kszerek \u00e9s kollekci\u00f3k, valamint komplex, tematikus k\u00e9p egy\u00fcttest hordoz\u00f3 \u201c\u00e9p\u00edtm\u00e9nyek\u201d (faliszekr\u00e9ny, d\u00edszdoboz, ill. k\u00fcl\u00f6nb\u00f6z\u0151 haszn\u00e1lati t\u00e1rgyak) lehetnek. A t\u00e9ma alkalmas k\u00f6z\u00f6s alkot\u00e1sok l\u00e9trehoz\u00e1s\u00e1ra!<\/p>\n<p>P\u00e1ly\u00e1z\u00f3k k\u00f6re Magyarorsz\u00e1g hat\u00e1rain bel\u00fcl \u00e9s k\u00edv\u00fcl \u00e9l\u0151 magyar \u00e9s m\u00e1s nemzetis\u00e9g\u0171 alkot\u00f3k: minden 6. \u00e9let\u00e9v\u00e9t bet\u00f6lt\u00f6tt di\u00e1k, m\u0171v\u00e9szeti k\u00f6z\u00e9piskol\u00e1k k\u00f6z\u00f6ss\u00e9gei, di\u00e1kjai, k\u00f6zm\u0171vel\u0151d\u00e9si int\u00e9zm\u00e9nyek m\u0171v\u00e9szeti m\u0171helyeiben alkot\u00f3k, fels\u0151fok\u00fa int\u00e9zm\u00e9nyek hallgat\u00f3i, k\u00e9pz\u0151- \u00e9s iparm\u0171v\u00e9szeti f\u0151iskol\u00e1k, egyetemek hallgat\u00f3i, nonprofit szervezetek \u00e1ltal m\u0171k\u00f6dtetett iskol\u00e1k, m\u0171v\u00e9szeti k\u00f6z\u00f6ss\u00e9gek.<\/p>\n<p><strong>Bead\u00e1si hat\u00e1rid\u0151: 2016. \u00e1prilis 10., vas\u00e1rnap \u2013\u00a0<\/strong>3300 Eger, Bart\u00f3k B\u00e9la t\u00e9r 6. c\u00edmre.<\/p>\n<p>Az alkot\u00e1sokon fel kell t\u00fcntetni az alkot\u00f3 nev\u00e9t, \u00e9letkor\u00e1t, a bek\u00fcld\u0151 szervezet nev\u00e9t, a m\u0171v\u00e9szeti vezet\u0151 nev\u00e9t, telefonsz\u00e1m\u00e1t, akt\u00edv e-mail c\u00edm\u00e9t.<\/p>\n<p><strong>A Bienn\u00e1l\u00e9n val\u00f3 r\u00e9szv\u00e9teli sz\u00e1nd\u00e9kot el\u0151zetesen k\u00e9rj\u00fck jelezni az ekmkeger.hu honlapr\u00f3l let\u00f6lthet\u0151 jelentkez\u00e9si lapon, legk\u00e9s\u0151bb m\u00e1rcius 20-ig<\/strong>!<\/p>\n<p>A p\u00e1ly\u00e1zat<strong>\u00a0nevez\u00e9si d\u00edjas,<\/strong>\u00a0k\u00f6z\u00f6ss\u00e9gi p\u00e1ly\u00e1z\u00e1s eset\u00e9n (tetsz\u0151leges egy\u00e9ni alkot\u00f3sz\u00e1mmal \u00e9s m\u0171vel) 3.500 Ft, egy\u00e9ni alkot\u00f3k r\u00e9sz\u00e9re: 1.000 Ft.<\/p>\n<p>Az alkot\u00e1sok a\u00a0<strong>2016. m\u00e1jus 21-\u00e9n, szombaton 11.00-kor ny\u00edl\u00f3 ki\u00e1ll\u00edt\u00e1son\u00a0<\/strong>ker\u00fclnek bemutat\u00e1sra.<\/p>\n<p><em>A p\u00e1ly\u00e1zattal \u00e9s a tematikai k\u00e9rd\u00e9sekkel kapcsolatban inform\u00e1ci\u00f3 Kov\u00e1cs Katalint\u00f3l a 36\/517-555, 20\/779-2879 telefonokon \u00e9s a\u00a0<\/em><a href=\"mailto:kovacs.katalin@ekmk.eu\"><em>kovacs.katalin@ekmk.eu<\/em><\/a><em>\u00a0c\u00edmen k\u00e9rhet\u0151.<\/em><\/p>\n<p>&nbsp;<\/p>\n<p><strong>III. Egri<\/strong>\u00a0<strong>Tematikus T\u00e1rlat<\/strong><\/p>\n<p><strong>\u201e\u00cdME, AZ EMBER\u201d<\/strong>\u00a0c\u00edmmel <strong>m\u00e1jus 24 \u2013 j\u00fanius 30.<\/strong>\u00a0k\u00f6z\u00f6tt, a Vitkovics Alkot\u00f3h\u00e1zban mutatjuk be tematikus t\u00e1rlatunkat.<\/p>\n<p>A ki\u00e1ll\u00edt\u00e1st szabad bead\u00e1sos rendszerben, a ki\u00e1ll\u00edt\u00f3t\u00e9rnek megfelel\u0151 v\u00e1logat\u00e1ssal, zs\u0171riz\u00e9ssel rendezz\u00fck meg. F\u0151 rendez\u0151 elv, c\u00e9l: a bens\u0151s\u00e9ges t\u00e9r kialak\u00edt\u00e1sa.<\/p>\n<p>M\u0171faji, technikai megk\u00f6t\u00e9s nincs, az \u00fajonnan k\u00e9sz\u00fcl\u0151 m\u0171vekhez inspir\u00e1ci\u00f3k\u00e9nt We\u00f6res S\u00e1ndor verseit aj\u00e1nljuk (l. ekmkeger.hu).<\/p>\n<p><strong>A r\u00e9szv\u00e9teli sz\u00e1nd\u00e9kot legk\u00e9s\u0151bb 2016. \u00e1prilis 4-ig k\u00e9rj\u00fck jelezni<\/strong>, a beny\u00fajtand\u00f3 alkot\u00e1sok m\u0171faj\u00e1t, m\u00e9ret\u00e9t, c\u00edm\u00e9t, darabsz\u00e1m\u00e1t (legfeljebb 3 db!) meghat\u00e1rozva, az int\u00e9zm\u00e9nyi honlapr\u00f3l let\u00f6lthet\u0151 jelentkez\u00e9si lapon.<\/p>\n<p>\u200bA ki\u00e1ll\u00edt\u00e1sra az egri \u00e9s Egerhez k\u00f6t\u0151d\u0151 m\u0171v\u00e9szek mellett szeretettel v\u00e1runk Heves \u00e9s Borsod-Aba\u00faj-Zempl\u00e9n megye ter\u00fclet\u00e9r\u0151l is alkot\u00f3m\u0171v\u00e9szeket.<\/p>\n<p><strong>Az alkot\u00e1sok begy\u0171jt\u00e9s\u00e9nek helye \u00e9s ideje:<\/strong><\/p>\n<p><strong>EKMK Vitkovics Alkot\u00f3h\u00e1z \u00e9s M\u0171v\u00e9sztelep \u2013 Eger, Sz\u00e9chenyi utca 55.<\/strong><\/p>\n<ol start=\"2016\">\n<li><strong> \u00e1prilis 8., p\u00e9ntek 8.00 \u2013 17.00\u00a0<\/strong><\/li>\n<\/ol>\n<p><em>K\u00e9rj\u00fck, hogy a m\u0171vek biztons\u00e1ga \u00e9s \u00e9ps\u00e9ge \u00e9rdek\u00e9ben postai \u00faton ne k\u00fcldjenek alkot\u00e1sokat!<\/em><\/p>\n<p><em>A felk\u00e9r\u00e9s tov\u00e1bbi r\u00e9szletei: K. Fekete M\u00e1ria\u00a0szervez\u0151, Vitkovics Alkot\u00f3h\u00e1z \u00e9s M\u0171v\u00e9sztelep, 3300\u00a0Eger,\u00a0Sz\u00e9chenyi u. 55., 36\/ 515-051, 20\/247-1995,\u00a0<\/em><a href=\"mailto:k.fekete.maria@ekmk.eu\"><em>k.fekete.maria@ekmk.eu<\/em><\/a><em>, <\/em><a href=\"http:\/\/www.ekmkeger.hu\/\"><em>.ekmkeger.hu<\/em><\/a><\/p>\n<p>&nbsp;<\/p>\n<p>Az <strong>Egri T\u00e1rsasj\u00e1t\u00e9k Klub<\/strong>\u00a0\u00e1prilis 9-\u00e9n, szombaton tartja els\u0151 foglalkoz\u00e1s\u00e1t a Forr\u00e1s Gyermek \u00e9s Ifj\u00fas\u00e1gi H\u00e1zban. A csoport tagjai ett\u0151l kezdve k\u00e9thetente, szombaton 10 \u00f3rakor tal\u00e1lkoznak, logikai \u00e9s k\u00e9szs\u00e9gfejleszt\u0151 j\u00e1t\u00e9kokkal, t\u00e1bl\u00e1s csal\u00e1di j\u00e1t\u00e9kokkal j\u00e1tszanak, valamint h\u00e1zi versenyeket rendeznek. A hat\u00e9kony \u00e9s sz\u00f3rakoztat\u00f3 k\u00f6z\u00f6ss\u00e9gi id\u0151t\u00f6lt\u00e9st 7 \u2013 99 \u00e9ves korig mindenkinek aj\u00e1nljuk.<\/p>\n<p>A r\u00e9szv\u00e9tel ingyenes.<\/p>\n<p><em>Az \u00e9rdekl\u0151d\u0151k tov\u00e1bbi inform\u00e1ci\u00f3t k\u00e9rhetnek<\/em> <em>az\u00a0<\/em><a href=\"mailto:egritarsasjatekklub@gmail.com\"><em>egritarsasjatekklub@gmail.com<\/em><\/a><em>\u00a0<\/em><em>c\u00edmen, illetve a klub facebook oldal\u00e1n.<\/em><\/p>\n<p>&nbsp;<\/p>\n<p><strong>TRILLA<\/strong><\/p>\n<p>Az Egri Kultur\u00e1lis \u00e9s M\u0171v\u00e9szeti K\u00f6zpont \u00e9s az Egri Zen\u00e9szek Egyes\u00fclete\u00a0a Magyar Zenem\u0171v\u00e9szek \u00e9s T\u00e1ncm\u0171v\u00e9szek Szakszervezete \u00e9s a Magyar Zeneiskol\u00e1k \u00e9s M\u0171v\u00e9szeti Iskol\u00e1k Sz\u00f6vets\u00e9ge t\u00e1mogat\u00e1s\u00e1val\u00a0<strong>k\u00e9tfordul\u00f3s versenyt hirdet.<\/strong><\/p>\n<p>J\u00fanius 3-ig v\u00e1rjuk 16 \u00e9v f\u00f6l\u00f6tti zen\u00e9szek \u00e9s \u00e9nekesek jelentkez\u00e9s\u00e9t, akik b\u00e1rzen\u00e9t, jazzt, latin-amerikai zen\u00e9t, popzen\u00e9t, musicalt, operettet j\u00e1tszanak, \u00e9nekelnek.<\/p>\n<p>Az \u00fajabb tehets\u00e9gek felkutat\u00e1s\u00e1nak c\u00e9lja:\u00a0a m\u0171faj m\u0171v\u00e9szi sz\u00ednvonal\u00e1nak emel\u00e9se, \u00e9rt\u00e9kmeg\u0151rz\u00e9s \u00e9s \u00e1t\u00f6r\u00f6k\u00edt\u00e9s, a leend\u0151 \u00e9s gyakorl\u00f3 b\u00e1rzen\u00e9szek tal\u00e1lkoz\u00e1sa, tapasztalatcser\u00e9je, megm\u00e9ret\u00e9se, szakmai konzult\u00e1ci\u00f3 kiemelked\u0151 szakemberekkel.<\/p>\n<p>V\u00e1logat\u00f3 videofelv\u00e9tel alapj\u00e1n: 2016. j\u00faniusig<\/p>\n<p>D\u00f6nt\u0151: 2016. j\u00falius 11-\u00e9n, kedden Egerben<\/p>\n<p>D\u00edj\u00e1tad\u00f3 g\u00e1la: 2016. j\u00falius 12-\u00e9n, szerd\u00e1n Egerben<\/p>\n<p>&nbsp;<\/p>\n<p>&nbsp;<\/p>\n<p><strong>M\u00c1R MOST TERVEZZE MEG GYERMEKE NY\u00c1RI SZ\u00dcNIDEJ\u00c9T!<\/strong><\/p>\n<p>&nbsp;<\/p>\n<p>J\u00fanius 20 \u2013 24. \u00c1LLATI J\u00d3 T\u00c1BOR<\/p>\n<p><em>(minden, ami az \u00e1llatokkal kapcsolatos: \u00e1llatkerti kir\u00e1ndul\u00e1s, interakt\u00edv el\u0151ad\u00e1s\u2026)<\/em><\/p>\n<p>J\u00fanius 27 \u2013 j\u00falius 1. TANYA-T\u00daRA T\u00c1BOR<\/p>\n<p><em>(Eger k\u00f6rny\u00e9ki tany\u00e1k, helyi programok, \u00e1llatsimogat\u00f3\u2026)<\/em><\/p>\n<p>J\u00falius 4 \u2013 8. TENISZ T\u00c1BOR<\/p>\n<p>J\u00falius 4 \u2013 8. \u00a0WELCOME ANGOL T\u00c1BOR<\/p>\n<p>J\u00falius 11 \u2013 15. EXTR\u00c9M SPORT T\u00c1BOR<\/p>\n<p><em>(kalandpark, barlangt\u00fara, aqua park, ker\u00e9kp\u00e1r t\u00fara\u2026)<\/em><\/p>\n<p>J\u00falius 11 \u2013 15. TENISZ T\u00c1BOR<\/p>\n<p>J\u00falius 18 \u2013 22. AQUA T\u00c1BOR<\/p>\n<p><em>(minden, ami v\u00edz: strand, aqua park, term\u00e9szet- \u00e9s k\u00f6rnyezetv\u00e9delem\u2026)<\/em><\/p>\n<p>J\u00falius 25 \u2013 29. UTAZOO T\u00c1BOR<\/p>\n<p><em>(\u00e1llatkertek, vadasparkok\u2026)<\/em><\/p>\n<p><em>Inform\u00e1ci\u00f3 \u00e9s jelentkez\u00e9s: Forr\u00e1s Gyermek \u00e9s Ifj\u00fas\u00e1gi H\u00e1z, Kristonn\u00e9 Erdei M\u00e1ria 20\/7792875,<\/em><a href=\"mailto:erdei.maria@ekmk.eu\"><em>erdei.maria@ekmk.eu<\/em><\/a><\/p>\n<p>&nbsp;<\/p>\n<p>J\u00fanius 27 \u2013 j\u00falius 1. K\u00c9ZM\u0170VES-KER\u00c1MIA T\u00c1BOR<\/p>\n<p><em>Inform\u00e1ci\u00f3 \u00e9s jelentkez\u00e9s: Forr\u00e1s Gyermek \u00e9s Ifj\u00fas\u00e1gi H\u00e1z, Berzsenyi Mariann, 20\/245-1190, <\/em><a href=\"mailto:berzsenyi.mariann@ekmk.eu\"><em>berzsenyi.mariann@ekmk.eu<\/em><\/a><\/p>\n<p>&nbsp;<\/p>\n<p>J\u00falius 4 \u2013 13. S\u00e1torfalva erdei alkot\u00f3-, szem\u00e9lyis\u00e9gfejleszt\u0151 t\u00e1bor a nagyvisny\u00f3i B\u00e1n-v\u00f6lgyben<\/p>\n<p><em>R\u00e9szletes felvil\u00e1gos\u00edt\u00e1s: Kov\u00e1cs Katalin, 20\/779-2879 \u00e9s Luzsi Marg\u00f3 30\/594-0472<\/em><\/p>\n<p>J\u00falius 18 \u2013 22. T\u0171zman\u00f3 m\u0171v\u00e9szeti \u00e9s k\u00e9zm\u0171ves napk\u00f6zis t\u00e1bor<\/p>\n<p>J\u00falius 25 \u2013 augusztus 5. Szint\u00e9zis Orsz\u00e1gos Zom\u00e1ncm\u0171v\u00e9szeti Alkot\u00f3telep<\/p>\n<p><em>Inform\u00e1ci\u00f3 \u00e9s jelentkez\u00e9s: Forr\u00e1s Gyermek \u00e9s Ifj\u00fas\u00e1gi H\u00e1z, Kov\u00e1cs Katalin, 20\/779-2879<\/em><\/p>\n<p><strong>\u00a0<\/strong><\/p>\n<p>Augusztus 1 \u2013 5. Vid\u00e1m vackor t\u00e1bor \u00f3vod\u00e1soknak<\/p>\n<p>(kis\u00e1llat simogat\u00f3, lovaskocsik\u00e1z\u00e1s, kisvonatoz\u00e1s, \u00f6ko j\u00e1tsz\u00f3t\u00e9r, k\u00e9zm\u0171ves foglalkoz\u00e1s\u2026)<\/p>\n<p>Augusztus 8 \u2013 12. M\u00f3kaland t\u00e1bor<\/p>\n<p>(bepillant\u00e1s a t\u0171zolt\u00f3k mindennapjaiba, \u00e1llatkert, kir\u00e1ndul\u00e1s, \u00edj\u00e1szat, lovagl\u00e1s, k\u00e9zm\u0171ves technik\u00e1k kipr\u00f3b\u00e1l\u00e1sa\u2026)<\/p>\n<p><em>Inform\u00e1ci\u00f3 \u00e9s jelentkez\u00e9s: Forr\u00e1s Gyermek \u00e9s Ifj\u00fas\u00e1gi H\u00e1z, <\/em><em>K\u00e9kv\u00f6lgyi No\u00e9mi, 20\/247-55-65,\u00a0<\/em><a href=\"mailto:kekvolgyi.noemi@ekmk.eu\"><em>kekvolgyi.noemi@ekmk.eu<\/em><\/a><\/p>\n<p>&nbsp;<\/p>\n<p>&nbsp;<\/p>\n<p>&nbsp;<\/p>\n<p><strong>AZ EKMK GYERMEK-, IJ\u00daS\u00c1GI- \u00c9S FELN\u0150TT M\u0170VEL\u0150D\u0150 K\u00d6Z\u00d6SS\u00c9GEI<\/strong><\/p>\n<p><em>A tartalmas, cselekv\u0151 \u00e9let n\u00e9lk\u00fcl\u00f6zhetetlen r\u00e9sze a valamilyen kultur\u00e1lis k\u00f6z\u00f6ss\u00e9ghez val\u00f3 tartoz\u00e1s. Az EKMK \u00e9p\u00fcleteiben sokf\u00e9le \u00e9rdekl\u0151d\u00e9s\u0171 alkot\u00f3, ismeretterjeszt\u0151, eg\u00e9szs\u00e9gmeg\u00f3v\u00f3, hagyom\u00e1ny\u0151rz\u0151, irodalmi \u00e9s sz\u00ednj\u00e1tsz\u00f3 k\u00f6z\u00f6ss\u00e9g \u00e9li mindennapjait. Foglalkoz\u00e1saik, programjaik valamennyi koroszt\u00e1lynak k\u00edn\u00e1lnak \u00e9rdekes \u00e9s hasznos elfoglalts\u00e1got.\u00a0A k\u00fcl\u00f6nb\u00f6z\u0151 gyakoris\u00e1g\u00fa alkalmak \u00e9letkort\u00f3l f\u00fcgg\u0151en seg\u00edtik \u00f6nismeret\u00fcnket, kreat\u00edv fejl\u0151d\u00e9s\u00fcnket, gyarap\u00edtj\u00e1k tud\u00e1sunkat, kibontakoztatj\u00e1k tehets\u00e9g\u00fcnket, s egy\u00fattal a k\u00f6z\u00f6ss\u00e9ghez tartoz\u00e1s, a bar\u00e1ti egy\u00fcttl\u00e9tek, az otthonoss\u00e1g \u00e9rz\u00e9s\u00e9t adj\u00e1k.<\/em><\/p>\n<p><em>\u00dajonnan indul\u00f3 csoportok is v\u00e1rj\u00e1k az \u00e9rdekl\u0151d\u0151ket; pl. t\u00e1rsasj\u00e1t\u00e9k klub a Forr\u00e1sban \u00e9s tart\u00e1sjav\u00edt\u00f3 j\u00f3ga, \u00fajszer\u0171 hast\u00e1nck\u00e9pz\u00e9s a Bartakovics B\u00e9la K\u00f6z\u00f6ss\u00e9gi H\u00e1zban.<\/em><\/p>\n<p><em>\u00a0<\/em><\/p>\n<p><strong>Baba- \u00e9s gyermekruha b\u00f6rze<\/strong><\/p>\n<p><strong>a Nagycsal\u00e1dosok Egri Egyes\u00fclete szervez\u00e9s\u00e9ben 2016. \u00e1prilis 16-\u00e1n<\/strong>, szombaton 9.00 \u00e9s 14.00 \u00f3ra k\u00f6z\u00f6tt, <strong>a Tin\u00f3di Sebesty\u00e9n Tagiskol\u00e1ban<\/strong> (Eger, Vallon u. 2.).<\/p>\n<p>Tov\u00e1bbi r\u00e9szlet (helyfoglal\u00e1s, \u00e1rak, stb.): 70\/771-3567 <a href=\"http:\/\/www.nagycsaladosokegriegyesulete.hu\">www.nagycsaladosokegriegyesulete.hu<\/a>, <a href=\"mailto:nagycsaladosokegriegyesulete@gmail.com\">nagycsaladosokegriegyesulete@gmail.com<\/a><\/p>\n<p>&nbsp;<\/p>\n<p><em>\u00a0<\/em><\/p>\n<p><strong>A FOT\u00d3SULI PROGRAMJAI\u00a0<\/strong><\/p>\n<p><strong>a Horv\u00e1th Zsigmond Lajos Fot\u00f3klub foglalkoz\u00e1s\u00e1n, p\u00e9ntekenk\u00e9nt 17.00-t\u00f3l, a Bartakovics B\u00e9la K\u00f6z\u00f6ss\u00e9gi H\u00e1zban<\/strong><\/p>\n<p><strong>\u00c1prilisban k\u00e9k \u00f3ra: esti \u00e9s hajnali f\u00e9nyk\u00e9pez\u00e9s<\/strong><\/p>\n<ul>\n<li>\u00e1prilis 8. \u2013 K\u00e9pm\u00f3dos\u00edt\u00f3 elj\u00e1r\u00e1sok<\/li>\n<li>\u00e1prilis 15. \u2013 A megfelel\u0151 objekt\u00edvek haszn\u00e1lata<\/li>\n<li>\u00e1prilis 22. \u2013 A mozg\u00e1s f\u00e9nyk\u00e9pez\u00e9se<\/li>\n<li>\u00e1prilis 29. \u2013 A csend\u00e9let f\u00e9nyk\u00e9pez\u00e9se, eszk\u00f6zei<\/li>\n<\/ul>\n<p><strong>\u00a0<\/strong><\/p>\n<p><strong>\u00a0<\/strong><\/p>\n<p><strong>T \u00fa r \u00e1 k<\/strong><\/p>\n<p>&nbsp;<\/p>\n<p><strong>\u00c1prilis 2. szombat<\/strong><\/p>\n<p><strong>B\u00dcKKI V\u00d6R\u00d6S METEOR SPORTEGYES\u00dcLET \u2013 Eg\u00e9szs\u00e9g s\u00e9ta<\/strong><\/p>\n<p>\u00datvonal: Noszvaj \u2013 Forr\u00f3-k\u00fat \u2013 Avas-tet\u0151 \u2013 S\u00edkf\u0151k\u00fat \u2013 Attila-forr\u00e1s \u2013 S\u00edkf\u0151k\u00fat<\/p>\n<p>Tal\u00e1lkoz\u00e1s: 8.30 Vol\u00e1n pu.; \u00e9rkez\u00e9s : 13.15 Vol\u00e1n pu.<\/p>\n<p>&nbsp;<\/p>\n<p><strong>\u00c1prilis<\/strong> <strong>3. vas\u00e1rnap<\/strong><\/p>\n<p><strong>B\u00dcKKI V\u00d6R\u00d6S METEOR SPORTEGYES\u00dcLET <\/strong>\u2013 A B\u00fckk forr\u00e1sai<\/p>\n<p>\u00datvonal: Tam\u00e1s-k\u00fat \u2013 Im\u00f3-forr\u00e1s \u2013 Nagy-gyapj\u00fa-orom \u2013 Kurta-orom \u2013 Fels\u0151t\u00e1rk\u00e1ny<\/p>\n<p>Tal\u00e1lkoz\u00e1s: 8.20 Vol\u00e1n pu.; \u00e9rkez\u00e9s: 14.10 Vol\u00e1n pu.<\/p>\n<p>&nbsp;<\/p>\n<p><strong>\u00c1prilis 3. vas\u00e1rnap<\/strong><\/p>\n<p><strong>KISBAKANCSOSOK BAR\u00c1TI K\u00d6RE \u2013 \u201eForr\u00e1s t\u00fara\u201d<\/strong><\/p>\n<p>\u00datvonal: Tam\u00e1s-k\u00fat \u2013 Fekete-len forr\u00e1s \u2013 L\u00f6k-v\u00f6lgy \u2013 Im\u00f3-k\u0151 \u2013 Kuklya \u2013 Toldi-kunyh\u00f3 \u2013 V\u00f6r\u00f6sk\u0151-forr\u00e1s \u2013 V\u00f6r\u00f6sk\u0151-v\u00f6lgy \u2013 Stimecz-h\u00e1z \u2013 Varr\u00f3-h\u00e1z<\/p>\n<p>Indul\u00e1s: 8.30 Eger Vol\u00e1n pu.; \u00e9rkez\u00e9s: 16.30 Eger Vol\u00e1n pu.<\/p>\n<p>Gyalogosan megtett t\u00e1v: 16 km<\/p>\n<p><em>Inform\u00e1ci\u00f3: Forr\u00e1s GyIH, Kristonn\u00e9 Erdei M\u00e1ria, 20\/779-2875<\/em><\/p>\n<p>&nbsp;<\/p>\n<p><strong>\u00c1prilis <\/strong><strong>9. szombat<\/strong><\/p>\n<p><strong>B\u00dcKKI V\u00d6R\u00d6S METEOR SPORTEGYES\u00dcLET <\/strong><\/p>\n<p>\u00datvonal: Holl\u00f3stet\u0151 \u2013 H\u00f3r-v\u00f6lgy \u2013 Cser\u00e9pfalu<\/p>\n<p>Tal\u00e1lkoz\u00e1s: 8.20 Vol\u00e1n pu.; \u00e9rkez\u00e9s: 17.40 Vol\u00e1n pu.<\/p>\n<p>&nbsp;<\/p>\n<p><strong>\u00c1prilis 9. szombat<\/strong><\/p>\n<p><strong>V\u00c1NDORL\u00d3K BAR\u00c1TI K\u00d6RE<\/strong><\/p>\n<p>T\u00fara\u00fatvonal: M\u00f3nosb\u00e9l, Dar\u00e1zsk\u0151b\u00e1nya \u2013 Gilitka \u2013 Szarvask\u0151 \u2013 Les-r\u00e9t \u2013 Berva-v\u00f6lgy<\/p>\n<p>Indul\u00e1s: 9.00 Eger M\u00c1V pu.; \u00e9rkez\u00e9s: 18.10-kor<\/p>\n<p>Gyalogosan megtett t\u00e1v: 17 km<\/p>\n<p><em>Inform\u00e1ci\u00f3: Forr\u00e1s GyIH, Kristonn\u00e9 Erdei M\u00e1ria, 20\/779-2875<\/em><\/p>\n<p><em>\u00a0<\/em><\/p>\n<p><strong>\u00c1prilis 10. vas\u00e1rnap<\/strong><\/p>\n<p><strong>B\u00dcKKI V\u00d6R\u00d6S METEOR SPORTEGYES\u00dcLET <\/strong><\/p>\n<p>\u00datvonal: Fels\u0151t\u00e1rk\u00e1ny \u2013 Varr\u00f3h\u00e1z \u2013 Cs\u00f3k\u00e1s-szikla \u2013 Cs\u00f3k\u00e1s-r\u00e9t \u2013 Burger-r\u00e9t \u2013 Varr\u00f3h\u00e1z \u2013 Fels\u0151t\u00e1rk\u00e1ny<\/p>\n<p>Tal\u00e1lkoz\u00e1s: 8.40 Vol\u00e1n pu.; \u00e9rkez\u00e9s: 14.10 Vol\u00e1n pu.<\/p>\n<p><strong>\u00a0<\/strong><\/p>\n<p><strong>\u00c1prilis 16. szombat<\/strong><\/p>\n<p><strong>B\u00dcKKI V\u00d6R\u00d6S METEOR SPORTEGYES\u00dcLET \u2013 A B\u00fckk forr\u00e1sai<\/strong><\/p>\n<p>\u00datvonal: Lillaf\u00fcred \u2013 Lencs\u00e9s-forr\u00e1s \u2013 And\u00f3-k\u00fat \u2013 Siska-r\u00e9t \u2013 Varb\u00f3i-v\u00edzt\u00e1rol\u00f3 \u2013 Varb\u00f3i cukr\u00e1szda \u2013 Meleg-oldal \u2013 N\u00e1das-v\u00f6lgy \u2013 Miskolc, Pereces<\/p>\n<p>Tal\u00e1lkoz\u00e1s: 8.20 Vol\u00e1n pu.; \u00e9rkez\u00e9s: 17.15 Vol\u00e1n pu.<\/p>\n<p>&nbsp;<\/p>\n<p><strong>\u00c1prilis 16. szombat<\/strong><\/p>\n<p><strong>KISBAKANCSOSOK BAR\u00c1TI K\u00d6RE \u2013 <\/strong>\u201e<strong>Mez\u0151r\u0151l puszt\u00e1ra\u201d<\/strong><\/p>\n<p>\u00datvonal: Istenmezeje \u2013 Katus-g\u00f6d\u00f6r \u2013 K\u00f6rtv\u00e9lyes \u2013 Kajra-v\u00f6lgy \u2013 Holl\u00f3s l\u00e1pa \u2013 Szilaspagony \u2013 Szederk\u00e9nypuszta<\/p>\n<p>Indul\u00e1s: 9.20, Eger Vol\u00e1n pu.; \u00e9rkez\u00e9s: 17.20, Eger Vol\u00e1n pu.<\/p>\n<p>Gyalogosan megtett t\u00e1v: 16 km<\/p>\n<p><em>Inform\u00e1ci\u00f3: Forr\u00e1s GyIH, Kristonn\u00e9 Erdei M\u00e1ria, 20\/779-2875<\/em><\/p>\n<p>&nbsp;<\/p>\n<p><strong>\u00c1prilis 17. vas\u00e1rnap<\/strong><\/p>\n<p><strong>B\u00dcKKI V\u00d6R\u00d6S METEOR SPORTEGYES\u00dcLET <\/strong><\/p>\n<p>\u00datvonal: Fels\u0151t\u00e1rk\u00e1ny \u2013 Bar\u00e1t-r\u00e9t \u2013 V\u00f6lgyf\u0151-h\u00e1z \u2013 \u00d3dorv\u00e1r \u2013 F\u00e9ny-k\u0151 \u2013 Cser\u00e9pfalu<\/p>\n<p>Tal\u00e1lkoz\u00e1s: 8.40 Vol\u00e1n pu.; \u00e9rkez\u00e9s: 17.40 Vol\u00e1n pu.<\/p>\n<p>&nbsp;<\/p>\n<p><strong>\u00c1prilis 22. p\u00e9ntek \u2013 28. cs\u00fct\u00f6rt\u00f6k<\/strong><\/p>\n<p><strong>B\u00dcKKI V\u00d6R\u00d6S METEOR SPORTEGYES\u00dcLET \u2013 Alf\u00f6ldi K\u00e9kt\u00fara<\/strong><\/p>\n<p>\u00datvonal: Szeksz\u00e1rd \u2013 B\u00e1r\u00e1nyfok \u2013 Kesely\u0171si cs\u00e1rda \u2013 Baja \u2013 S\u00fck\u00f6sd \u2013 \u00c9rsekhalma \u2013 Haj\u00f3si pinc\u00e9k \u2013 Cs\u00e1sz\u00e1rt\u00f6lt\u00e9s \u2013 K\u00e9leshalom- Pici-paci tanya \u2013 Kunfeh\u00e9rt\u00f3<\/p>\n<p>Indul\u00e1s: \u00e1prilis 22., 6.50 M\u00c1V pu.; \u00e9rkez\u00e9s: \u00e1prilis 28., 21.25 M\u00c1V pu.<\/p>\n<p>Sz\u00e1ll\u00e1s: Baja, Ifj\u00fas\u00e1gi sz\u00e1ll\u00f3 \u00e9s kemping. T\u00faravezet\u0151: Jakab B\u00e9la, 70\/466-8556<\/p>\n<p>&nbsp;<\/p>\n<p><strong>\u00c1prilis 23. szombat<\/strong><\/p>\n<p><strong>V\u00c1NDORL\u00d3K BAR\u00c1TI K\u00d6RE<\/strong><\/p>\n<p>Tavaszi nagytakar\u00edt\u00e1s Alm\u00e1rban a P\u00e1los Kolostor romn\u00e1l az Egri Civil Kerekasztal Szabadid\u0151s Szekci\u00f3ja \u00e9s az Eger MJV Polg\u00e1rmesteri Hivatal \u00c9p\u00edt\u00e9s\u00fcgyi Irod\u00e1j\u00e1val k\u00f6z\u00f6s szervez\u00e9sben.<\/p>\n<p>&nbsp;<\/p>\n<p><strong>\u00c1prilis 24. vas\u00e1rnap<\/strong><\/p>\n<p><strong>B\u00dcKKI V\u00d6R\u00d6S METEOR SPORTEGYES\u00dcLET <\/strong><\/p>\n<p>\u00datvonal: Tam\u00e1s-k\u00fat \u2013 Pazsag \u0151rh\u00e1z \u2013 T\u00e1sk\u00e1s-r\u00e9t \u2013 Szusz\u00e9k-k\u0151 \u2013 Bar\u00e1t-r\u00e9t \u2013 Fels\u0151t\u00e1rk\u00e1ny<\/p>\n<p>Tal\u00e1lkoz\u00e1s: 8.20 Vol\u00e1n pu.; \u00e9rkez\u00e9s: 14.10 Vol\u00e1n pu.<\/p>\n<p>&nbsp;<\/p>\n<p><strong>\u00c1prilis 30. szombat<\/strong><\/p>\n<p><strong>KISBAKANCSOSOK BAR\u00c1TI K\u00d6RE \u2013 \u201e<\/strong>V\u00e1rosb\u00f3l falura\u201d<\/p>\n<p>\u00datvonal: \u00d3zd \u2013 Sz\u00e1las tet\u0151 \u2013 Csamasz \u2013 Bart\u00f3k-l\u00e1pa \u2013 K\u00edgy\u00f3s-hegy \u2013 Hangonyi t\u00f3 \u2013 Kissik\u00e1tor<\/p>\n<p>Indul\u00e1s: 7.30, Eger Vol\u00e1n pu., \u00e9rkez\u00e9s: 19.25, Eger Vol\u00e1n pu.<\/p>\n<p>Gyalogosan megtett t\u00e1v: 17 km<\/p>\n<p><em>Inform\u00e1ci\u00f3: Forr\u00e1s GyIH, Kristonn\u00e9 Erdei M\u00e1ria, 20\/779-2875<\/em><\/p>\n<p>&nbsp;<\/p>\n<p><strong>\u00c1prilis 30. szombat<\/strong><\/p>\n<p><strong>B\u00dcKKI V\u00d6R\u00d6S METEOR SPORTEGYES\u00dcLET <\/strong><\/p>\n<p>\u00datvonal: Szentdomonkos \u2013 Hossz\u00fa-v\u00f6lgy \u2013 K\u0151-hegyi \u00e1rny\u00e9k \u2013 Harasztos \u2013 \u00d3b\u00fckki-v\u00f6lgy \u2013 Borsodn\u00e1dasd \u2013 Szilaksz\u00f3-v\u00f6lgy \u2013 Bek\u00f6lce<\/p>\n<p>Tal\u00e1lkoz\u00e1s: 7.50 Vol\u00e1n pu.; \u00e9rkez\u00e9s: 16.30 Vol\u00e1n pu.<\/p>\n<p>&nbsp;<\/p>\n<p>&nbsp;<\/p>\n<p>EL\u0150ZETES<\/p>\n<p><strong>M\u00e1jus 7. szombat<\/strong><\/p>\n<p><strong>V\u00c1NDORL\u00d3K BAR\u00c1TI K\u00d6RE<\/strong><\/p>\n<p>T\u00fara\u00fatvonal: Recsk \u2013 Via Dolorosa Hungarie \u2013 Kett\u0151s Gy\u00f6rke \u2013 Remete forr\u00e1s \u2013 Gazos k\u0151 \u2013 S\u00f3lyom k\u00fat \u2013 Sirok<\/p>\n<p>Indul\u00e1s: 8.10, Eger Vol\u00e1n pu., \u00e9rkez\u00e9s: legk\u00e9s\u0151bb 17.10-kor<\/p>\n<p>Gyalogosan megtett t\u00e1v: 16 km<\/p>\n<p><em>Inform\u00e1ci\u00f3: Forr\u00e1s GyIH, Kristonn\u00e9 Erdei M\u00e1ria, 20\/779-2875<\/em><\/p>\n<p>&nbsp;<\/p>\n<p>&nbsp;<\/p>\n<p><strong><em>A m\u0171sorv\u00e1ltoztat\u00e1s jog\u00e1t fenntartjuk!<\/em><\/strong><\/p>\n<p>&nbsp;<\/p>\n<p>&nbsp;<\/p>\n","protected":false},"excerpt":{"rendered":"<p>\u00c1prilis 6. szerda 16.30<br \/>\nXVIII. EGER V\u00c1ROSI CIVIL F\u00d3RUM<br \/>\nHelysz\u00edn: V\u00e1rosh\u00e1za d\u00edszterme<br \/>\n\u00a0<br \/>\n\u00c1prilis 6. szerda 17.00<br \/>\nA SCH\u00dcSSLER-F\u00c9LE TER\u00c1PI\u00c1S RENDSZER<br \/>\nEl\u0151ad\u00f3: Dr. K\u00f3r\u00f3n\u00e9 Dr. Andrusk\u00f3 Andrea<br \/>\nEgy\u00fcttm\u0171k\u00f6d\u0151 partner: Egri Eg\u00e9szs\u00e9g- \u00e9s K\u00f6rnyezetv\u00e9d\u0151 Egyes\u00fclet<br \/>\nBel\u00e9p\u0151: 500 Ft, az egyes\u00fclet tagjainak ingyenes<br \/>\nHelysz\u00edn: Bartakovics B\u00e9la K\u00f6z\u00f6ss\u00e9gi H\u00e1z<br \/>\n\u00a0<br \/>\n\u00c1prilis 7. cs\u00fct\u00f6rt\u00f6k 16.00<br \/>\nEGRI ARCOK<br \/>\nVend\u00e9g: Moln\u00e1r Istv\u00e1n G\u00e9za \u201ef\u00e9ny\u00edr\u00f3\u201d<br \/>\nEgy\u00fcttm\u0171k\u00f6d\u0151 partner: Ez\u00fcstid\u0151 Szabadid\u0151s Egyes\u00fclet<br \/>\nHelysz\u00edn: Bartakovics B\u00e9la K\u00f6z\u00f6ss\u00e9gi H\u00e1z<br \/>\n&nbsp;<br \/>\n\u00c1prilis 8. p\u00e9ntek [&#8230;]<\/p>\n","protected":false},"author":4,"featured_media":0,"comment_status":"closed","ping_status":"closed","sticky":false,"template":"","format":"standard","meta":{"footnotes":""},"categories":[6,8,4],"tags":[36,262,389,2427],"class_list":["post-15584","post","type-post","status-publish","format-standard","hentry","category-belfold","category-kultura","category-szabadido","tag-eger","tag-ekmk","tag-program","tag-tavaszi-fesztival"],"_links":{"self":[{"href":"https:\/\/www.agriatv.hu\/index.php?rest_route=\/wp\/v2\/posts\/15584","targetHints":{"allow":["GET"]}}],"collection":[{"href":"https:\/\/www.agriatv.hu\/index.php?rest_route=\/wp\/v2\/posts"}],"about":[{"href":"https:\/\/www.agriatv.hu\/index.php?rest_route=\/wp\/v2\/types\/post"}],"author":[{"embeddable":true,"href":"https:\/\/www.agriatv.hu\/index.php?rest_route=\/wp\/v2\/users\/4"}],"replies":[{"embeddable":true,"href":"https:\/\/www.agriatv.hu\/index.php?rest_route=%2Fwp%2Fv2%2Fcomments&post=15584"}],"version-history":[{"count":2,"href":"https:\/\/www.agriatv.hu\/index.php?rest_route=\/wp\/v2\/posts\/15584\/revisions"}],"predecessor-version":[{"id":15587,"href":"https:\/\/www.agriatv.hu\/index.php?rest_route=\/wp\/v2\/posts\/15584\/revisions\/15587"}],"wp:attachment":[{"href":"https:\/\/www.agriatv.hu\/index.php?rest_route=%2Fwp%2Fv2%2Fmedia&parent=15584"}],"wp:term":[{"taxonomy":"category","embeddable":true,"href":"https:\/\/www.agriatv.hu\/index.php?rest_route=%2Fwp%2Fv2%2Fcategories&post=15584"},{"taxonomy":"post_tag","embeddable":true,"href":"https:\/\/www.agriatv.hu\/index.php?rest_route=%2Fwp%2Fv2%2Ftags&post=15584"}],"curies":[{"name":"wp","href":"https:\/\/api.w.org\/{rel}","templated":true}]}}