{"id":16001,"date":"2016-06-13T17:47:30","date_gmt":"2016-06-13T17:47:30","guid":{"rendered":"http:\/\/www.agriatv.hu\/?p=16001"},"modified":"2016-06-13T17:47:30","modified_gmt":"2016-06-13T17:47:30","slug":"nem-kaptak-tobb-penzt-a-vedonok","status":"publish","type":"post","link":"https:\/\/www.agriatv.hu\/?p=16001","title":{"rendered":"Nem kaptak t\u00f6bb p\u00e9nzt a v\u00e9d\u0151n\u0151k"},"content":{"rendered":"<p style=\"text-align: justify;\"><a href=\"https:\/\/www.agriatv.hu\/wp-content\/uploads\/2016\/06\/500257.720x405.jpg\"><img loading=\"lazy\" decoding=\"async\" class=\"alignleft wp-image-16002\" src=\"https:\/\/www.agriatv.hu\/wp-content\/uploads\/2016\/06\/500257.720x405-300x169.jpg\" alt=\"500257.720x405\" width=\"199\" height=\"112\" srcset=\"https:\/\/www.agriatv.hu\/wp-content\/uploads\/2016\/06\/500257.720x405-300x169.jpg 300w, https:\/\/www.agriatv.hu\/wp-content\/uploads\/2016\/06\/500257.720x405.jpg 720w\" sizes=\"auto, (max-width: 199px) 100vw, 199px\" \/><\/a>Sz\u00e1m\u00edtottak a p\u00e9nzre, v\u00e9g\u00fcl m\u00e9gis kimaradtak az eg\u00e9szs\u00e9g\u00fcgyi b\u00e9remel\u00e9sb\u0151l a v\u00e9d\u0151n\u0151k. M\u00falt h\u00e9ten der\u00fclt ki, hogy az eg\u00e9szs\u00e9g\u00fcgyi szakdolgoz\u00f3k b\u00e9r\u00e9t m\u00e1r id\u00e9n 26 sz\u00e1zal\u00e9kkal emelik, a v\u00e9d\u0151n\u0151k\u00e9t viszont nem. A magyar v\u00e9d\u0151n\u0151i szolg\u00e1lat hungarikum, egyed\u00fcl\u00e1ll\u00f3 a vil\u00e1gon, viszont egyre kevesebben v\u00e1lasztj\u00e1k ezt a szakm\u00e1t.<\/p>\n<p><iframe loading=\"lazy\" src=\"http:\/\/tenyek.hu\/neoplayer\/tv2\/embed\/212849_nem-kaptak-tobb-penzt-a-vedonok.html\/760\" width=\"760\" height=\"427\" frameborder=\"0\" scrolling=\"no\"><\/iframe><\/p>\n","protected":false},"excerpt":{"rendered":"<p>Sz\u00e1m\u00edtottak a p\u00e9nzre, v\u00e9g\u00fcl m\u00e9gis kimaradtak az eg\u00e9szs\u00e9g\u00fcgyi b\u00e9remel\u00e9sb\u0151l a v\u00e9d\u0151n\u0151k. M\u00falt h\u00e9ten der\u00fclt ki, hogy az eg\u00e9szs\u00e9g\u00fcgyi szakdolgoz\u00f3k b\u00e9r\u00e9t m\u00e1r id\u00e9n 26 sz\u00e1zal\u00e9kkal emelik, a v\u00e9d\u0151n\u0151k\u00e9t viszont nem. A magyar v\u00e9d\u0151n\u0151i szolg\u00e1lat hungarikum, egyed\u00fcl\u00e1ll\u00f3 a vil\u00e1gon, viszont egyre kevesebben v\u00e1lasztj\u00e1k ezt a szakm\u00e1t.<\/p>\n","protected":false},"author":4,"featured_media":0,"comment_status":"closed","ping_status":"closed","sticky":false,"template":"","format":"standard","meta":{"footnotes":""},"categories":[6,19,450],"tags":[2378,821,1359,2501],"class_list":["post-16001","post","type-post","status-publish","format-standard","hentry","category-belfold","category-egeszseg","category-gazdasag-2","tag-fizetes","tag-kamara","tag-penz","tag-vedono"],"_links":{"self":[{"href":"https:\/\/www.agriatv.hu\/index.php?rest_route=\/wp\/v2\/posts\/16001","targetHints":{"allow":["GET"]}}],"collection":[{"href":"https:\/\/www.agriatv.hu\/index.php?rest_route=\/wp\/v2\/posts"}],"about":[{"href":"https:\/\/www.agriatv.hu\/index.php?rest_route=\/wp\/v2\/types\/post"}],"author":[{"embeddable":true,"href":"https:\/\/www.agriatv.hu\/index.php?rest_route=\/wp\/v2\/users\/4"}],"replies":[{"embeddable":true,"href":"https:\/\/www.agriatv.hu\/index.php?rest_route=%2Fwp%2Fv2%2Fcomments&post=16001"}],"version-history":[{"count":1,"href":"https:\/\/www.agriatv.hu\/index.php?rest_route=\/wp\/v2\/posts\/16001\/revisions"}],"predecessor-version":[{"id":16003,"href":"https:\/\/www.agriatv.hu\/index.php?rest_route=\/wp\/v2\/posts\/16001\/revisions\/16003"}],"wp:attachment":[{"href":"https:\/\/www.agriatv.hu\/index.php?rest_route=%2Fwp%2Fv2%2Fmedia&parent=16001"}],"wp:term":[{"taxonomy":"category","embeddable":true,"href":"https:\/\/www.agriatv.hu\/index.php?rest_route=%2Fwp%2Fv2%2Fcategories&post=16001"},{"taxonomy":"post_tag","embeddable":true,"href":"https:\/\/www.agriatv.hu\/index.php?rest_route=%2Fwp%2Fv2%2Ftags&post=16001"}],"curies":[{"name":"wp","href":"https:\/\/api.w.org\/{rel}","templated":true}]}}