{"id":16064,"date":"2016-06-29T21:47:44","date_gmt":"2016-06-29T21:47:44","guid":{"rendered":"http:\/\/www.agriatv.hu\/?p=16064"},"modified":"2016-06-29T21:47:44","modified_gmt":"2016-06-29T21:47:44","slug":"betonlap-zuhant-a-kisfiura-meghalt","status":"publish","type":"post","link":"https:\/\/www.agriatv.hu\/?p=16064","title":{"rendered":"Betonlap zuhant a kisfi\u00fara, meghalt"},"content":{"rendered":"<p style=\"text-align: justify;\"><a href=\"https:\/\/www.agriatv.hu\/wp-content\/uploads\/2016\/06\/502235.720x405.jpg\"><img loading=\"lazy\" decoding=\"async\" class=\"alignleft wp-image-16065\" src=\"https:\/\/www.agriatv.hu\/wp-content\/uploads\/2016\/06\/502235.720x405-300x169.jpg\" alt=\"502235.720x405\" width=\"128\" height=\"72\" srcset=\"https:\/\/www.agriatv.hu\/wp-content\/uploads\/2016\/06\/502235.720x405-300x169.jpg 300w, https:\/\/www.agriatv.hu\/wp-content\/uploads\/2016\/06\/502235.720x405.jpg 720w\" sizes=\"auto, (max-width: 128px) 100vw, 128px\" \/><\/a>Beszakadt alatta a j\u00e1rda, \u00e9s sz\u00f6rnyet halt egy 11 \u00e9ves kisfi\u00fa a heves megyei Szentdomonkoson. A gyermek a bar\u00e1taival s\u00e9t\u00e1lt, amikor bezuhant a f\u00f6ld al\u00e1, \u00e9s a j\u00e1rda egy t\u00f6bb mint sz\u00e1z kil\u00f3s darabja r\u00e1esett. A k\u00f6rny\u00e9ken \u00e9l\u0151ket nagyon megr\u00e1zta az eset, mindenki ismerte a kisfi\u00fat. A megyei napilap \u00fagy tudja, a helyeik m\u00e1r t\u00f6bbsz\u00f6r sz\u00f3ltak, hogy a j\u00e1rda balesetvesz\u00e9lyes.<\/p>\n<p><iframe loading=\"lazy\" src=\"http:\/\/tenyek.hu\/neoplayer\/tv2\/embed\/213913_betonlap-zuhant-a-kisfiura-meghalt.html\/760\" width=\"760\" height=\"427\" frameborder=\"0\" scrolling=\"no\"><\/iframe><\/p>\n","protected":false},"excerpt":{"rendered":"<p>Beszakadt alatta a j\u00e1rda, \u00e9s sz\u00f6rnyet halt egy 11 \u00e9ves kisfi\u00fa a heves megyei Szentdomonkoson. A gyermek a bar\u00e1taival s\u00e9t\u00e1lt, amikor bezuhant a f\u00f6ld al\u00e1, \u00e9s a j\u00e1rda egy t\u00f6bb mint sz\u00e1z kil\u00f3s darabja r\u00e1esett. A k\u00f6rny\u00e9ken \u00e9l\u0151ket nagyon megr\u00e1zta az eset, mindenki ismerte a kisfi\u00fat. A megyei napilap \u00fagy tudja, a helyeik m\u00e1r t\u00f6bbsz\u00f6r [&#8230;]<\/p>\n","protected":false},"author":4,"featured_media":0,"comment_status":"closed","ping_status":"closed","sticky":false,"template":"","format":"standard","meta":{"footnotes":""},"categories":[5],"tags":[320,771,2518,380,122,2517],"class_list":["post-16064","post","type-post","status-publish","format-standard","hentry","category-kek-hirek","tag-gyermek","tag-halal","tag-jarda","tag-mento","tag-rendorseg","tag-szentdomonkos"],"_links":{"self":[{"href":"https:\/\/www.agriatv.hu\/index.php?rest_route=\/wp\/v2\/posts\/16064","targetHints":{"allow":["GET"]}}],"collection":[{"href":"https:\/\/www.agriatv.hu\/index.php?rest_route=\/wp\/v2\/posts"}],"about":[{"href":"https:\/\/www.agriatv.hu\/index.php?rest_route=\/wp\/v2\/types\/post"}],"author":[{"embeddable":true,"href":"https:\/\/www.agriatv.hu\/index.php?rest_route=\/wp\/v2\/users\/4"}],"replies":[{"embeddable":true,"href":"https:\/\/www.agriatv.hu\/index.php?rest_route=%2Fwp%2Fv2%2Fcomments&post=16064"}],"version-history":[{"count":1,"href":"https:\/\/www.agriatv.hu\/index.php?rest_route=\/wp\/v2\/posts\/16064\/revisions"}],"predecessor-version":[{"id":16066,"href":"https:\/\/www.agriatv.hu\/index.php?rest_route=\/wp\/v2\/posts\/16064\/revisions\/16066"}],"wp:attachment":[{"href":"https:\/\/www.agriatv.hu\/index.php?rest_route=%2Fwp%2Fv2%2Fmedia&parent=16064"}],"wp:term":[{"taxonomy":"category","embeddable":true,"href":"https:\/\/www.agriatv.hu\/index.php?rest_route=%2Fwp%2Fv2%2Fcategories&post=16064"},{"taxonomy":"post_tag","embeddable":true,"href":"https:\/\/www.agriatv.hu\/index.php?rest_route=%2Fwp%2Fv2%2Ftags&post=16064"}],"curies":[{"name":"wp","href":"https:\/\/api.w.org\/{rel}","templated":true}]}}