{"id":16082,"date":"2016-06-30T20:32:51","date_gmt":"2016-06-30T20:32:51","guid":{"rendered":"http:\/\/www.agriatv.hu\/?p=16082"},"modified":"2016-07-01T08:36:35","modified_gmt":"2016-07-01T08:36:35","slug":"a-bikaver-unnepe-egerben","status":"publish","type":"post","link":"https:\/\/www.agriatv.hu\/?p=16082","title":{"rendered":"A Bikav\u00e9r \u00fcnnepe Egerben"},"content":{"rendered":"<p style=\"text-align: justify;\"><strong><a href=\"https:\/\/www.agriatv.hu\/wp-content\/uploads\/2016\/07\/bvu.jpg\"><img loading=\"lazy\" decoding=\"async\" class=\"alignleft wp-image-16083\" src=\"https:\/\/www.agriatv.hu\/wp-content\/uploads\/2016\/07\/bvu-229x300.jpg\" alt=\"bvu\" width=\"138\" height=\"181\" srcset=\"https:\/\/www.agriatv.hu\/wp-content\/uploads\/2016\/07\/bvu-229x300.jpg 229w, https:\/\/www.agriatv.hu\/wp-content\/uploads\/2016\/07\/bvu-768x1008.jpg 768w, https:\/\/www.agriatv.hu\/wp-content\/uploads\/2016\/07\/bvu-780x1024.jpg 780w\" sizes=\"auto, (max-width: 138px) 100vw, 138px\" \/><\/a>Harmincn\u00e1l is t\u00f6bb bor\u00e1szat \u00e9s k\u00f6zel h\u00fasz \u00e9tterem garant\u00e1lja a p\u00e1ratlan borgasztron\u00f3miai \u00e9lm\u00e9nyt a XX. Egri Bikav\u00e9r \u00dcnnepen. Eger legnagyobb fesztiv\u00e1lj\u00e1n sz\u00e1mos koncert, csal\u00e1di \u00e9s szabadid\u0151s program \u00edg\u00e9r felh\u0151tlen kikapcsol\u00f3d\u00e1st.<\/strong><\/p>\n<p style=\"text-align: justify;\">A m\u00e1r huszadik Egri Bikav\u00e9r \u00dcnnep az \u00e9vek sor\u00e1n Eger legnagyobb borgasztron\u00f3miai fesztiv\u00e1lj\u00e1v\u00e1 n\u0151tte ki mag\u00e1t. A n\u00e9gy napon \u00e1t tart\u00f3 programsorozatra t\u00f6bb t\u00edzezer emberre sz\u00e1m\u00edtunk, akiknek az egri belv\u00e1ros szomsz\u00e9ds\u00e1g\u00e1ban, a kiv\u00e9teles adotts\u00e1g\u00fa \u00c9rsekkert k\u00f6rnyezet\u00e9ben igazi borgasztron\u00f3miai \u00e9lm\u00e9nyben lehet r\u00e9sz\u00fck.<\/p>\n<p style=\"text-align: justify;\">A fesztiv\u00e1lon itt lesz az Egri borvid\u00e9k szinte \u00f6sszes jelent\u0151s bor\u00e1szata, t\u00f6bb mint 100 f\u00e9le Egri Bikav\u00e9r, Egri Csillag \u00e9s roz\u00e9, valamint tokaji bor szerepel a k\u00edn\u00e1latban, a min\u0151s\u00e9gi ned\u0171kh\u00f6z pedig ebben az \u00e9vben is \u00e9ttermek aj\u00e1nlanak helyben k\u00e9sz\u00edtett, egyedi fog\u00e1sokat. Az idei Egri Bikav\u00e9r \u00dcnnepen el\u0151sz\u00f6r m\u00e1s borvid\u00e9knek is bemutatkoz\u00e1si lehet\u0151s\u00e9get biztos\u00edtunk, \u00edgy a fesztiv\u00e1l d\u00edszvend\u00e9ge ebben az \u00e9vben a Tokaj-Hegyalja Vil\u00e1g\u00f6r\u00f6ks\u00e9gi borvid\u00e9k \u00e9s turisztikai c\u00e9lter\u00fclet lesz.<\/p>\n<p style=\"text-align: justify;\">Ahogyan a kor\u00e1bbi \u00e9vekben, most is ingyenes a bel\u00e9p\u00e9s a fesztiv\u00e1l ter\u00fclet\u00e9re, ahol a borgasztron\u00f3miai k\u00edn\u00e1laton t\u00fal sz\u00e1mos koncerttel \u00e9s kieg\u00e9sz\u00edt\u0151 programmal v\u00e1rja az \u00e9rdekl\u0151d\u0151ket Eger V\u00e1ros Hegyk\u00f6zs\u00e9ge. K\u00e9t helysz\u00ednen t\u00f6bb tucat zenekar sz\u00f3rakoztatja majd a vend\u00e9geket, az Egri Bikav\u00e9r Sz\u00ednpadon fell\u00e9p t\u00f6bbek k\u00f6z\u00f6tt a Balkan Fanatik, a Hot Jazz Band, a Kerekes Band \u00e9s a VI. Szepesi Gy\u00f6rgy B\u00e1rzen\u00e9sz Tal\u00e1lkoz\u00f3 nyit\u00f3koncertj\u00e9n K\u00f6k\u00e9ny Attila, Mujahid Zolt\u00e1n \u00e9s Tab\u00e1ni Istv\u00e1n. Az Egri Csillag Sz\u00ednpadon dj-k, vend\u00e9geik \u00e9s k\u00fcl\u00f6nb\u00f6z\u0151 form\u00e1ci\u00f3k a nagysz\u00ednpadt\u00f3l elt\u00e9r\u0151 st\u00edlus\u00fa zen\u00e9ket j\u00e1tszanak; n\u00e9gy napon \u00e1t sz\u00e1mos fell\u00e9p\u0151 v\u00e1ltja egym\u00e1st, itt lesz sok m\u00e1s mellett a Fran Palermo, H\u00f3 M\u00e1rton illetve Szab\u00f3 Benedek \u00e9s a Galaxisok is. Az egri Part Egyes\u00fclet \u00e9gisze alatt m\u0171k\u00f6d\u0151 sz\u00ednpadn\u00e1l ebben az \u00e9vben is f\u00e9nyfest\u00e9ssel teszik hangulatosabb\u00e1 az egy\u00e9bk\u00e9nt is var\u00e1zslatos k\u00f6rnyezetet.<\/p>\n<p style=\"text-align: justify;\">Az Egri Bikav\u00e9r \u00dcnnep szervez\u0151je, Eger V\u00e1ros Hegyk\u00f6zs\u00e9ge \u00e9s a Magyar Nemzeti Gasztron\u00f3miai Sz\u00f6vets\u00e9g (MNGSZ) k\u00e9t \u00e9ve egy hosszabb t\u00e1v\u00fa meg\u00e1llapod\u00e1st k\u00f6t\u00f6tt, amely egyik fontos eleme, hogy a szervezet tagjai zs\u0171rizik a fesztiv\u00e1l \u00e9teleit. A legjobb \u00e9tel kiv\u00e1laszt\u00e1s\u00e1n\u00e1l k\u00fcl\u00f6n\u00f6sen fontos szempont, hogy az mennyire harmoniz\u00e1l a k\u00edn\u00e1lt Egri Bikav\u00e9rrel. Az eredm\u00e9nyhirdet\u00e9sre a fesztiv\u00e1l szombati napj\u00e1n ker\u00fcl sor, amikor kihirdetik az Egri Bikav\u00e9r \u00dcnnep legjobb bor\u00e1t is. Nagy megtiszteltet\u00e9s sz\u00e1munkra, hogy ebben az \u00e9vben a Magyar Fesztiv\u00e1l Sz\u00f6vets\u00e9g \u00e9s a Magyar Turisztikai \u00dcgyn\u00f6ks\u00e9g k\u00f6z\u00f6s szakmai \u00e9rt\u00e9kel\u00e9se alapj\u00e1n a XX. Egri Bikav\u00e9r \u00dcnnep ki\u00e9rdemelte a <em>Gasztro\u00e9lm\u00e9nyek \u00c9ve 2016.<\/em> aj\u00e1nl\u00e1st.<a href=\"https:\/\/www.agriatv.hu\/wp-content\/uploads\/2016\/07\/bvur.jpg\"><img loading=\"lazy\" decoding=\"async\" class=\"alignleft wp-image-16084 size-large\" src=\"https:\/\/www.agriatv.hu\/wp-content\/uploads\/2016\/07\/bvur-512x1024.jpg\" alt=\"bvur\" width=\"512\" height=\"1024\" srcset=\"https:\/\/www.agriatv.hu\/wp-content\/uploads\/2016\/07\/bvur-512x1024.jpg 512w, https:\/\/www.agriatv.hu\/wp-content\/uploads\/2016\/07\/bvur-150x300.jpg 150w, https:\/\/www.agriatv.hu\/wp-content\/uploads\/2016\/07\/bvur-768x1537.jpg 768w, https:\/\/www.agriatv.hu\/wp-content\/uploads\/2016\/07\/bvur.jpg 1418w\" sizes=\"auto, (max-width: 512px) 100vw, 512px\" \/><\/a><\/p>\n<p style=\"text-align: justify;\">Az Egri Bikav\u00e9r \u00dcnnep helysz\u00edn\u00e9n, a p\u00e9nteki \u00e9s a szombati nap kora est\u00e9j\u00e9t\u0151l az Egri V\u00e1rosi Sport Iskola bokszol\u00f3it is l\u00e1thatj\u00e1k majd az U21-es feln\u0151tt koroszt\u00e1lyos magyar kupa \u00f6sszecsap\u00e1sain. Az \u00e9rdekl\u0151d\u0151k ak\u00e1r egy v\u00e9rad\u00e1s ut\u00e1n is n\u00e9zhetik a bokszmeccseket, hiszen az Egri Bikav\u00e9r \u00dcnnepen m\u00e1r \u00e9vek \u00f3ta szok\u00e1s, hogy a Magyar V\u00f6r\u00f6skereszt munkat\u00e1rsai v\u00e1rj\u00e1k a \u201eBikav\u00e9rad\u00f3kat\u201d, akik egy poh\u00e1r egri bort kapnak az\u00e9rt, hogy \u00e9letet mentenek.<\/p>\n<p style=\"text-align: justify;\">A bor\u00fcnnep szombati d\u00e9lut\u00e1nj\u00e1n traktorok \u00e9s veter\u00e1n j\u00e1rm\u0171vek felvonul\u00e1s\u00e1n csod\u00e1lhatj\u00e1k meg az \u00e9rdekl\u0151d\u0151k a matuzs\u00e1lemeket \u00e9s azokat a j\u00e1rm\u0171veket, amelyek seg\u00edts\u00e9ge n\u00e9lk\u00fcl nem ker\u00fcln\u00e9nek a pr\u00e9sh\u00e1zakba az egri borok alapj\u00e1ul szolg\u00e1l\u00f3 sz\u0151l\u0151k. A traktorok \u00e9s veter\u00e1n j\u00e1rm\u0171vek, magyar gy\u00e1rt\u00e1s\u00fa motorker\u00e9kp\u00e1rok k\u00f6z\u00fcl t\u00f6bb a fesztiv\u00e1l ter\u00fclet\u00e9n is megtekinthet\u0151 lesz. Ezen fel\u00fcl sz\u00e1mos k\u00eds\u00e9r\u0151programot k\u00edn\u00e1lunk minden koroszt\u00e1ly sz\u00e1m\u00e1ra: lesz kis\u00e1llat-simogat\u00f3, k\u00e9zm\u0171ves v\u00e1s\u00e1r, \u00e9s az \u00c9rsekkertben tal\u00e1lhat\u00f3 korabeli k\u00f6rhinta, tov\u00e1bb\u00e1 a nagy illetve modern j\u00e1tsz\u00f3t\u00e9r remek kikapcsol\u00f3d\u00e1st ny\u00fajt a kisebbeknek.<\/p>\n<p style=\"text-align: justify;\">Fontos, hogy a focirajong\u00f3knak sem kell otthon maradniuk, hiszen t\u00f6bb s\u00e1torban is nyomon k\u00f6vethetik az Eur\u00f3pa-bajnoks\u00e1g v\u00e9gj\u00e1t\u00e9k\u00e1t ak\u00e1r egy j\u00f3 Egri Bikav\u00e9r vagy Egri Csillag mellett.<\/p>\n<p style=\"text-align: justify;\">A XX. Egri Bikav\u00e9r \u00dcnnepen hossz\u00fa id\u0151 ut\u00e1n ism\u00e9t kaphat\u00f3 lesz az <em>Ezredfordul\u00f3 Egri Bikav\u00e9re<\/em>. Ez az a ned\u0171, amelyet az Egri borvid\u00e9k sz\u0151l\u0151- \u00e9s bortermel\u0151i az \u00e1llamalap\u00edt\u00e1s ezer\u00e9ves tisztelet\u00e9re k\u00e9sz\u00edtettek el a pinc\u00e9k legkiv\u00e1l\u00f3bb 1997-es \u00e9vj\u00e1rat\u00fa boraib\u00f3l \u00fagy, hogy a bikav\u00e9r minden tekintetben megfeleljen a Magyarorsz\u00e1gon els\u0151k\u00e9nt megfogalmazott Egri Bikav\u00e9r Eredetv\u00e9delmi Szab\u00e1lyzatnak. 1998 december\u00e9ben hirdett\u00e9k ki, hogy 119 termel\u0151 11 ezer 369 liter bor\u00e1b\u00f3l elk\u00e9sz\u00fclt az <em>Ezredfordul\u00f3 Egri Bikav\u00e9re<\/em>, amelyre ett\u0151l kezdve fogadtak el egy 12 ezer 500 palackos el\u0151jegyz\u00e9st. A d\u00edszes tokodi palackokba t\u00f6lt\u00f6tt bort el\u0151sz\u00f6r az 1999-es Egri Bikav\u00e9r \u00dcnnep\u00e9n mutatt\u00e1k be, amelyet most, 17 \u00e9vvel k\u00e9s\u0151bb ism\u00e9t megk\u00f3stolhatnak \u00e9s megv\u00e1s\u00e1rolhatnak a bork\u00fcl\u00f6nlegess\u00e9gek rajong\u00f3i.<\/p>\n<p style=\"text-align: justify;\">Az Egri Bikav\u00e9r \u00dcnnep honlapj\u00e1n (<a href=\"http:\/\/www.bikaverunnep.hu\">www.bikaverunnep.hu<\/a>) naprak\u00e9sz inform\u00e1ci\u00f3k, felh\u00edv\u00e1sok, vide\u00f3k \u00e9s fot\u00f3k v\u00e1rj\u00e1k az \u00e9rdekl\u0151d\u0151ket. Az eg\u00e9sz fesztiv\u00e1l ter\u00fclet\u00e9n ingyenes WIFI-el\u00e9r\u00e9st biztos\u00edtunk, \u00edgy az \u00e9lm\u00e9nyek k\u00f6nnyen megoszthat\u00f3k lesznek ak\u00e1r a fesztiv\u00e1l hivatalos Facebook-oldal\u00e1n (<a href=\"http:\/\/www.facebook.com\/egribikaverunnep\">www.facebook.com\/egribikaverunnep<\/a>) vagy Facebook-esem\u00e9ny\u00e9n (<a href=\"https:\/\/www.facebook.com\/events\/1175518319155251\/\">https:\/\/www.facebook.com\/events\/1175518319155251\/<\/a>). A fesztiv\u00e1l beharangoz\u00f3 vide\u00f3ja itt tal\u00e1lhat\u00f3: <a href=\"https:\/\/www.youtube.com\/watch?v=3hXiGGot8tw\">https:\/\/www.youtube.com\/watch?v=3hXiGGot8tw<\/a>.<\/p>\n","protected":false},"excerpt":{"rendered":"<p>Harmincn\u00e1l is t\u00f6bb bor\u00e1szat \u00e9s k\u00f6zel h\u00fasz \u00e9tterem garant\u00e1lja a p\u00e1ratlan borgasztron\u00f3miai \u00e9lm\u00e9nyt a XX. Egri Bikav\u00e9r \u00dcnnepen. Eger legnagyobb fesztiv\u00e1lj\u00e1n sz\u00e1mos koncert, csal\u00e1di \u00e9s szabadid\u0151s program \u00edg\u00e9r felh\u0151tlen kikapcsol\u00f3d\u00e1st.<br \/>\nA m\u00e1r huszadik Egri Bikav\u00e9r \u00dcnnep az \u00e9vek sor\u00e1n Eger legnagyobb borgasztron\u00f3miai fesztiv\u00e1lj\u00e1v\u00e1 n\u0151tte ki mag\u00e1t. A n\u00e9gy napon \u00e1t tart\u00f3 programsorozatra t\u00f6bb t\u00edzezer emberre sz\u00e1m\u00edtunk, [&#8230;]<\/p>\n","protected":false},"author":4,"featured_media":0,"comment_status":"closed","ping_status":"closed","sticky":false,"template":"","format":"standard","meta":{"footnotes":""},"categories":[6,450,8,4],"tags":[155,36,2123,348,389,157],"class_list":["post-16082","post","type-post","status-publish","format-standard","hentry","category-belfold","category-gazdasag-2","category-kultura","category-szabadido","tag-bikaver","tag-eger","tag-gasztronomia","tag-koncert","tag-program","tag-unnep"],"_links":{"self":[{"href":"https:\/\/www.agriatv.hu\/index.php?rest_route=\/wp\/v2\/posts\/16082","targetHints":{"allow":["GET"]}}],"collection":[{"href":"https:\/\/www.agriatv.hu\/index.php?rest_route=\/wp\/v2\/posts"}],"about":[{"href":"https:\/\/www.agriatv.hu\/index.php?rest_route=\/wp\/v2\/types\/post"}],"author":[{"embeddable":true,"href":"https:\/\/www.agriatv.hu\/index.php?rest_route=\/wp\/v2\/users\/4"}],"replies":[{"embeddable":true,"href":"https:\/\/www.agriatv.hu\/index.php?rest_route=%2Fwp%2Fv2%2Fcomments&post=16082"}],"version-history":[{"count":1,"href":"https:\/\/www.agriatv.hu\/index.php?rest_route=\/wp\/v2\/posts\/16082\/revisions"}],"predecessor-version":[{"id":16085,"href":"https:\/\/www.agriatv.hu\/index.php?rest_route=\/wp\/v2\/posts\/16082\/revisions\/16085"}],"wp:attachment":[{"href":"https:\/\/www.agriatv.hu\/index.php?rest_route=%2Fwp%2Fv2%2Fmedia&parent=16082"}],"wp:term":[{"taxonomy":"category","embeddable":true,"href":"https:\/\/www.agriatv.hu\/index.php?rest_route=%2Fwp%2Fv2%2Fcategories&post=16082"},{"taxonomy":"post_tag","embeddable":true,"href":"https:\/\/www.agriatv.hu\/index.php?rest_route=%2Fwp%2Fv2%2Ftags&post=16082"}],"curies":[{"name":"wp","href":"https:\/\/api.w.org\/{rel}","templated":true}]}}