{"id":16172,"date":"2016-07-17T18:22:09","date_gmt":"2016-07-17T18:22:09","guid":{"rendered":"http:\/\/www.agriatv.hu\/?p=16172"},"modified":"2016-07-17T18:22:09","modified_gmt":"2016-07-17T18:22:09","slug":"megverhette-a-mentos-a-beteget","status":"publish","type":"post","link":"https:\/\/www.agriatv.hu\/?p=16172","title":{"rendered":"Megverhette a ment\u0151s a beteget"},"content":{"rendered":"<p style=\"text-align: justify;\"><a href=\"https:\/\/www.agriatv.hu\/wp-content\/uploads\/2016\/07\/504117.720x405.jpg\"><img loading=\"lazy\" decoding=\"async\" class=\"alignleft  wp-image-16173\" src=\"https:\/\/www.agriatv.hu\/wp-content\/uploads\/2016\/07\/504117.720x405-300x169.jpg\" alt=\"504117.720x405\" width=\"169\" height=\"95\" srcset=\"https:\/\/www.agriatv.hu\/wp-content\/uploads\/2016\/07\/504117.720x405-300x169.jpg 300w, https:\/\/www.agriatv.hu\/wp-content\/uploads\/2016\/07\/504117.720x405.jpg 720w\" sizes=\"auto, (max-width: 169px) 100vw, 169px\" \/><\/a>Megvert egy ment\u0151s egy beteget az egri k\u00f3rh\u00e1zban, ezt mondta a T\u00e9nyeknek egy f\u00e9rfi, aki l\u00e1tta az eg\u00e9szet. Azt mondta, a ment\u0151s\u00f6k nem figyeltek el\u00e9gg\u00e9 a betegre, aki elesett, ezut\u00e1n arrog\u00e1nsan besz\u00e9ltek vele \u00e9s meg\u00fct\u00f6tt\u00e9k. A f\u00e9rfi odament, megk\u00e9rdezte, mi\u00e9rt \u00fct\u00f6tte meg a beteget, \u00e9s vele is agressz\u00edv volt a ment\u0151s. Azt is mondta: &#8222;Mi k\u00f6z\u00f6d hozz\u00e1?!&#8221; A ment\u0151k szerint mindez eg\u00e9sz m\u00e1shogy t\u00f6rt\u00e9nt.<\/p>\n<p><iframe loading=\"lazy\" src=\"http:\/\/tenyek.hu\/neoplayer\/tv2\/embed\/214961_megverhette-a-mentos-a-beteget.html\/760\" width=\"760\" height=\"427\" frameborder=\"0\" scrolling=\"no\"><\/iframe><\/p>\n","protected":false},"excerpt":{"rendered":"<p>Megvert egy ment\u0151s egy beteget az egri k\u00f3rh\u00e1zban, ezt mondta a T\u00e9nyeknek egy f\u00e9rfi, aki l\u00e1tta az eg\u00e9szet. Azt mondta, a ment\u0151s\u00f6k nem figyeltek el\u00e9gg\u00e9 a betegre, aki elesett, ezut\u00e1n arrog\u00e1nsan besz\u00e9ltek vele \u00e9s meg\u00fct\u00f6tt\u00e9k. A f\u00e9rfi odament, megk\u00e9rdezte, mi\u00e9rt \u00fct\u00f6tte meg a beteget, \u00e9s vele is agressz\u00edv volt a ment\u0151s. Azt is mondta: &#8222;Mi [&#8230;]<\/p>\n","protected":false},"author":4,"featured_media":0,"comment_status":"closed","ping_status":"closed","sticky":false,"template":"","format":"standard","meta":{"footnotes":""},"categories":[6,5],"tags":[36,380,1263],"class_list":["post-16172","post","type-post","status-publish","format-standard","hentry","category-belfold","category-kek-hirek","tag-eger","tag-mento","tag-serules"],"_links":{"self":[{"href":"https:\/\/www.agriatv.hu\/index.php?rest_route=\/wp\/v2\/posts\/16172","targetHints":{"allow":["GET"]}}],"collection":[{"href":"https:\/\/www.agriatv.hu\/index.php?rest_route=\/wp\/v2\/posts"}],"about":[{"href":"https:\/\/www.agriatv.hu\/index.php?rest_route=\/wp\/v2\/types\/post"}],"author":[{"embeddable":true,"href":"https:\/\/www.agriatv.hu\/index.php?rest_route=\/wp\/v2\/users\/4"}],"replies":[{"embeddable":true,"href":"https:\/\/www.agriatv.hu\/index.php?rest_route=%2Fwp%2Fv2%2Fcomments&post=16172"}],"version-history":[{"count":1,"href":"https:\/\/www.agriatv.hu\/index.php?rest_route=\/wp\/v2\/posts\/16172\/revisions"}],"predecessor-version":[{"id":16174,"href":"https:\/\/www.agriatv.hu\/index.php?rest_route=\/wp\/v2\/posts\/16172\/revisions\/16174"}],"wp:attachment":[{"href":"https:\/\/www.agriatv.hu\/index.php?rest_route=%2Fwp%2Fv2%2Fmedia&parent=16172"}],"wp:term":[{"taxonomy":"category","embeddable":true,"href":"https:\/\/www.agriatv.hu\/index.php?rest_route=%2Fwp%2Fv2%2Fcategories&post=16172"},{"taxonomy":"post_tag","embeddable":true,"href":"https:\/\/www.agriatv.hu\/index.php?rest_route=%2Fwp%2Fv2%2Ftags&post=16172"}],"curies":[{"name":"wp","href":"https:\/\/api.w.org\/{rel}","templated":true}]}}