{"id":16235,"date":"2016-07-30T14:49:03","date_gmt":"2016-07-30T14:49:03","guid":{"rendered":"http:\/\/www.agriatv.hu\/?p=16235"},"modified":"2016-07-31T11:45:11","modified_gmt":"2016-07-31T11:45:11","slug":"16235","status":"publish","type":"post","link":"https:\/\/www.agriatv.hu\/?p=16235","title":{"rendered":"Baleset az M3-ason"},"content":{"rendered":"<p style=\"text-align: justify;\"><strong><a href=\"https:\/\/www.agriatv.hu\/wp-content\/uploads\/2016\/07\/160730m3_baleset.00_03_38_22.Still002.jpg\"><img loading=\"lazy\" decoding=\"async\" class=\"alignleft wp-image-16238\" src=\"https:\/\/www.agriatv.hu\/wp-content\/uploads\/2016\/07\/160730m3_baleset.00_03_38_22.Still002-300x240.jpg\" alt=\"160730m3_baleset.00_03_38_22.Still002\" width=\"160\" height=\"128\" srcset=\"https:\/\/www.agriatv.hu\/wp-content\/uploads\/2016\/07\/160730m3_baleset.00_03_38_22.Still002-300x240.jpg 300w, https:\/\/www.agriatv.hu\/wp-content\/uploads\/2016\/07\/160730m3_baleset.00_03_38_22.Still002-100x80.jpg 100w, https:\/\/www.agriatv.hu\/wp-content\/uploads\/2016\/07\/160730m3_baleset.00_03_38_22.Still002.jpg 720w\" sizes=\"auto, (max-width: 160px) 100vw, 160px\" \/><\/a>K\u00e9t szem\u00e9lyaut\u00f3 \u00e9s egy mikrobusz karambolozott F\u00fczesabony t\u00e9rs\u00e9g\u00e9ben.<\/strong><\/p>\n<p style=\"text-align: justify;\">12 \u00f3ra k\u00f6r\u00fcl baleset t\u00f6rt\u00e9nt az M3 aut\u00f3p\u00e1lya 119km k\u00f6v\u00e9n\u00e9l. A feltorl\u00f3dott aut\u00f3k \u00e1llva v\u00e1rt\u00e1k a helysz\u00ednel\u00e9s befejez\u00e9s\u00e9t. M\u00e1r kb. 3 km-es volt a kocsisor, amikor a k\u00e9t szem\u00e9lyaut\u00f3 is meg\u00e1llt. Nem sokkal k\u00e9s\u0151bb f\u00e9kez\u00e9s n\u00e9lk\u00fcl csap\u00f3dott bel\u00e9j\u00fck az \u00e9rkez\u0151 mikrobusz.<\/p>\n<p style=\"text-align: justify;\">A vezet\u0151 kamer\u00e1n k\u00edv\u00fcl elmondta: v\u00e1llalja a felel\u0151ss\u00e9get, hiszen nem tagadja, \u00e9pp GPS-t babr\u00e1lta. Mire feln\u00e9zett, m\u00e1r nem tudott f\u00e9kezni.<\/p>\n<p style=\"text-align: justify;\">A mikrobusz nekiment a Fordnak, illetve m\u00e9g egy el\u0151tt\u00fck \u00e1ll\u00f3 Seat is megs\u00e9r\u00fclt.<\/p>\n<p style=\"text-align: justify;\">Az els\u0151 aut\u00f3ban 3 ember tart\u00f3zkodott: k\u00f6z\u00fcl\u00fck kett\u0151t elvittek a ment\u0151k. A Fordban 3 feln\u0151tt 1 gyermek \u00e9s egy kutya utazott. Valamennyien megs\u00e9r\u00fcltek, egyik\u00fck\u00e9rt ment\u0151helikopter \u00e9rkezett. A s\u00e9r\u00fcltek beszorultak a kocsiba, \u0151ket a t\u0171zolt\u00f3k v\u00e1gt\u00e1k ki a j\u00e1rm\u0171b\u0151l.<\/p>\n<p style=\"text-align: justify;\">A mikrobusz vezet\u0151je nem s\u00e9r\u00fclt meg.<\/p>\n<p style=\"text-align: justify;\">A helysz\u00ednel\u00e9s idej\u00e9n a le\u00e1ll\u00f3s\u00e1vban lehetett haladni, de a k\u00f6zleked\u00e9st lass\u00edtotta, hogy a vezet\u0151k mobillal f\u00e9nyk\u00e9pezt\u00e9k a helysz\u00ednt, gyakran meg is \u00e1lltak.<\/p>\n<blockquote class=\"embedly-card\" data-card-controls=\"1\" data-card-align=\"center\" data-card-theme=\"light\" data-card-key=\"bbb82e0305934450ba516e363ef455a7\">\n<h4><a href=\"https:\/\/www.youtube.com\/watch?v=Sa1KCXoHpHk\">160730m3 baleset<\/a><\/h4>\n<p>Uploaded by Agria Tv Bt on 2016-07-30.<\/p>\n<\/blockquote>\n<p><script async src=\"\/\/cdn.embedly.com\/widgets\/platform.js\" charset=\"UTF-8\"><\/script><\/p>\n<p><iframe loading=\"lazy\" src=\"http:\/\/tenyek.hu\/neoplayer\/tv2\/embed\/215866_tomegkarambol-dugo-a-palyan.html\/760\" width=\"760\" height=\"427\" frameborder=\"0\" scrolling=\"no\"><\/iframe><\/p>\n<blockquote class=\"embedly-card\" data-card-controls=\"1\" data-card-align=\"center\" data-card-theme=\"light\" data-card-key=\"bbb82e0305934450ba516e363ef455a7\">\n<h4><a href=\"http:\/\/rtl.hu\/rtlklub\/hirek\/nem-vette-eszre-az-elotte-fekezoket\">RTL.hu<\/a><\/h4>\n<p>No Description<\/p>\n<\/blockquote>\n<p><script async src=\"\/\/cdn.embedly.com\/widgets\/platform.js\" charset=\"UTF-8\"><\/script><\/p>\n<p>&nbsp;<\/p>\n","protected":false},"excerpt":{"rendered":"<p>K\u00e9t szem\u00e9lyaut\u00f3 \u00e9s egy mikrobusz karambolozott F\u00fczesabony t\u00e9rs\u00e9g\u00e9ben.<br \/>\n12 \u00f3ra k\u00f6r\u00fcl baleset t\u00f6rt\u00e9nt az M3 aut\u00f3p\u00e1lya 119km k\u00f6v\u00e9n\u00e9l. A feltorl\u00f3dott aut\u00f3k \u00e1llva v\u00e1rt\u00e1k a helysz\u00ednel\u00e9s befejez\u00e9s\u00e9t. M\u00e1r kb. 3 km-es volt a kocsisor, amikor a k\u00e9t szem\u00e9lyaut\u00f3 is meg\u00e1llt. Nem sokkal k\u00e9s\u0151bb f\u00e9kez\u00e9s n\u00e9lk\u00fcl csap\u00f3dott bel\u00e9j\u00fck az \u00e9rkez\u0151 mikrobusz.<br \/>\nA vezet\u0151 kamer\u00e1n k\u00edv\u00fcl elmondta: v\u00e1llalja a felel\u0151ss\u00e9get, [&#8230;]<\/p>\n","protected":false},"author":4,"featured_media":0,"comment_status":"open","ping_status":"open","sticky":false,"template":"","format":"standard","meta":{"footnotes":""},"categories":[5],"tags":[41,2543,876,719,844,458],"class_list":["post-16235","post","type-post","status-publish","format-standard","hentry","category-kek-hirek","tag-baleset","tag-gps","tag-helikopter","tag-helyszineles","tag-m3","tag-serult"],"_links":{"self":[{"href":"https:\/\/www.agriatv.hu\/index.php?rest_route=\/wp\/v2\/posts\/16235","targetHints":{"allow":["GET"]}}],"collection":[{"href":"https:\/\/www.agriatv.hu\/index.php?rest_route=\/wp\/v2\/posts"}],"about":[{"href":"https:\/\/www.agriatv.hu\/index.php?rest_route=\/wp\/v2\/types\/post"}],"author":[{"embeddable":true,"href":"https:\/\/www.agriatv.hu\/index.php?rest_route=\/wp\/v2\/users\/4"}],"replies":[{"embeddable":true,"href":"https:\/\/www.agriatv.hu\/index.php?rest_route=%2Fwp%2Fv2%2Fcomments&post=16235"}],"version-history":[{"count":5,"href":"https:\/\/www.agriatv.hu\/index.php?rest_route=\/wp\/v2\/posts\/16235\/revisions"}],"predecessor-version":[{"id":16244,"href":"https:\/\/www.agriatv.hu\/index.php?rest_route=\/wp\/v2\/posts\/16235\/revisions\/16244"}],"wp:attachment":[{"href":"https:\/\/www.agriatv.hu\/index.php?rest_route=%2Fwp%2Fv2%2Fmedia&parent=16235"}],"wp:term":[{"taxonomy":"category","embeddable":true,"href":"https:\/\/www.agriatv.hu\/index.php?rest_route=%2Fwp%2Fv2%2Fcategories&post=16235"},{"taxonomy":"post_tag","embeddable":true,"href":"https:\/\/www.agriatv.hu\/index.php?rest_route=%2Fwp%2Fv2%2Ftags&post=16235"}],"curies":[{"name":"wp","href":"https:\/\/api.w.org\/{rel}","templated":true}]}}