{"id":16324,"date":"2016-08-25T17:44:14","date_gmt":"2016-08-25T17:44:14","guid":{"rendered":"http:\/\/www.agriatv.hu\/?p=16324"},"modified":"2016-08-25T17:44:14","modified_gmt":"2016-08-25T17:44:14","slug":"3-ember-halalat-okozta-a-drogos-sofor","status":"publish","type":"post","link":"https:\/\/www.agriatv.hu\/?p=16324","title":{"rendered":"3 ember hal\u00e1l\u00e1t okozta a drogos sof\u0151r"},"content":{"rendered":"<p style=\"text-align: justify;\"><a href=\"https:\/\/www.agriatv.hu\/wp-content\/uploads\/2016\/08\/12000.jpg\"><img loading=\"lazy\" decoding=\"async\" class=\"alignleft size-full wp-image-16331\" src=\"https:\/\/www.agriatv.hu\/wp-content\/uploads\/2016\/08\/12000.jpg\" alt=\"12000\" width=\"240\" height=\"135\" \/><\/a>Bedrogozott f\u00e9rfi miatt halt meg h\u00e1rom ember egy aut\u00f3balesetben Gy\u00f6ngy\u00f6s\u00f6n. 50 helyett sz\u00e1zzal ment, \u00e1tt\u00e9rt a szemk\u00f6zti s\u00e1vba, ekkor \u00fctk\u00f6z\u00f6tt a m\u00e1sik aut\u00f3val. A baleset ut\u00e1n pedig ahelyett, hogy seg\u00edtett volna, egyszer\u0171en elment a k\u00f6zeli b\u00fcf\u00e9be, \u00e9s vizet vett mag\u00e1nak. Ez tavaly novemberben t\u00f6rt\u00e9nt, most emeltek v\u00e1dat a f\u00e9rfi ellen.<\/p>\n<p><iframe loading=\"lazy\" src=\"http:\/\/tenyek.hu\/neoplayer\/tv2\/embed\/217641_segitseg-helyett-vizet-ivott.html\/760\" width=\"760\" height=\"427\" frameborder=\"0\" scrolling=\"no\"><\/iframe><\/p>\n<blockquote class=\"embedly-card\" data-card-controls=\"1\" data-card-align=\"center\" data-card-theme=\"light\" data-card-key=\"bbb82e0305934450ba516e363ef455a7\">\n<h4><a href=\"http:\/\/rtl.hu\/rtlklub\/hirek\/3-ember-halalat-okozta-a-drogos-sofor?utm_source=Facebook&#038;utm_medium=Hirado&#038;utm_campaign=post\">RTL.hu<\/a><\/h4>\n<p>No Description<\/p>\n<\/blockquote>\n<p><script async src=\"\/\/cdn.embedly.com\/widgets\/platform.js\" charset=\"UTF-8\"><\/script><\/p>\n<p>\u00e9<\/p>\n<blockquote class=\"embedly-card\" data-card-controls=\"1\" data-card-align=\"center\" data-card-theme=\"light\" data-card-key=\"bbb82e0305934450ba516e363ef455a7\">\n<h4><a href=\"http:\/\/www.atv.hu\/videok\/video-20160825-halalos-baleset-cserbenhagyas\">ATV.hu<\/a><\/h4>\n<p>Az ATV az els\u0151 mag\u00e1ntelev\u00edzi\u00f3 haz\u00e1nkban. A min\u0151s\u00e9gi, sz\u00ednvonalas, magas \u00e9rt\u00e9krend\u0171 m\u0171sorok k\u00e9sz\u00edt\u00e9s\u00e9t \u00e9s sug\u00e1rz\u00e1s\u00e1t c\u00e9lul kit\u0171z\u0151 kereskedelmi csatorna.<\/p>\n<\/blockquote>\n<p><script async src=\"\/\/cdn.embedly.com\/widgets\/platform.js\" charset=\"UTF-8\"><\/script><\/p>\n<p>&nbsp;<\/p>\n<p>&nbsp;<\/p>\n<p>&nbsp;<\/p>\n","protected":false},"excerpt":{"rendered":"<p>Bedrogozott f\u00e9rfi miatt halt meg h\u00e1rom ember egy aut\u00f3balesetben Gy\u00f6ngy\u00f6s\u00f6n. 50 helyett sz\u00e1zzal ment, \u00e1tt\u00e9rt a szemk\u00f6zti s\u00e1vba, ekkor \u00fctk\u00f6z\u00f6tt a m\u00e1sik aut\u00f3val. A baleset ut\u00e1n pedig ahelyett, hogy seg\u00edtett volna, egyszer\u0171en elment a k\u00f6zeli b\u00fcf\u00e9be, \u00e9s vizet vett mag\u00e1nak. Ez tavaly novemberben t\u00f6rt\u00e9nt, most emeltek v\u00e1dat a f\u00e9rfi ellen.<\/p>\n<p>RTL.hu<br \/>\nNo Description<\/p>\n<p>\u00e9<\/p>\n<p>ATV.hu<br \/>\nAz ATV az els\u0151 mag\u00e1ntelev\u00edzi\u00f3 [&#8230;]<\/p>\n","protected":false},"author":4,"featured_media":0,"comment_status":"open","ping_status":"closed","sticky":false,"template":"","format":"standard","meta":{"footnotes":""},"categories":[6,5],"tags":[41,1528,235,771,447],"class_list":["post-16324","post","type-post","status-publish","format-standard","hentry","category-belfold","category-kek-hirek","tag-baleset","tag-drog","tag-gyongyos","tag-halal","tag-ugyeszseg"],"_links":{"self":[{"href":"https:\/\/www.agriatv.hu\/index.php?rest_route=\/wp\/v2\/posts\/16324","targetHints":{"allow":["GET"]}}],"collection":[{"href":"https:\/\/www.agriatv.hu\/index.php?rest_route=\/wp\/v2\/posts"}],"about":[{"href":"https:\/\/www.agriatv.hu\/index.php?rest_route=\/wp\/v2\/types\/post"}],"author":[{"embeddable":true,"href":"https:\/\/www.agriatv.hu\/index.php?rest_route=\/wp\/v2\/users\/4"}],"replies":[{"embeddable":true,"href":"https:\/\/www.agriatv.hu\/index.php?rest_route=%2Fwp%2Fv2%2Fcomments&post=16324"}],"version-history":[{"count":2,"href":"https:\/\/www.agriatv.hu\/index.php?rest_route=\/wp\/v2\/posts\/16324\/revisions"}],"predecessor-version":[{"id":16332,"href":"https:\/\/www.agriatv.hu\/index.php?rest_route=\/wp\/v2\/posts\/16324\/revisions\/16332"}],"wp:attachment":[{"href":"https:\/\/www.agriatv.hu\/index.php?rest_route=%2Fwp%2Fv2%2Fmedia&parent=16324"}],"wp:term":[{"taxonomy":"category","embeddable":true,"href":"https:\/\/www.agriatv.hu\/index.php?rest_route=%2Fwp%2Fv2%2Fcategories&post=16324"},{"taxonomy":"post_tag","embeddable":true,"href":"https:\/\/www.agriatv.hu\/index.php?rest_route=%2Fwp%2Fv2%2Ftags&post=16324"}],"curies":[{"name":"wp","href":"https:\/\/api.w.org\/{rel}","templated":true}]}}