{"id":16474,"date":"2016-09-30T17:48:11","date_gmt":"2016-09-30T17:48:11","guid":{"rendered":"http:\/\/www.agriatv.hu\/?p=16474"},"modified":"2016-10-01T20:49:59","modified_gmt":"2016-10-01T20:49:59","slug":"segedmotoros-serult-egy-balesetben","status":"publish","type":"post","link":"https:\/\/www.agriatv.hu\/?p=16474","title":{"rendered":"Seg\u00e9dmotoros s\u00e9r\u00fclt egy balesetben"},"content":{"rendered":"<p style=\"text-align: justify;\"><a href=\"https:\/\/www.agriatv.hu\/wp-content\/uploads\/2016\/09\/160930baleset_eger.00_01_09_14.Still002.jpg\"><img loading=\"lazy\" decoding=\"async\" class=\"alignleft wp-image-16476\" src=\"https:\/\/www.agriatv.hu\/wp-content\/uploads\/2016\/09\/160930baleset_eger.00_01_09_14.Still002-300x240.jpg\" alt=\"160930baleset_eger-00_01_09_14-still002\" width=\"163\" height=\"130\" srcset=\"https:\/\/www.agriatv.hu\/wp-content\/uploads\/2016\/09\/160930baleset_eger.00_01_09_14.Still002-300x240.jpg 300w, https:\/\/www.agriatv.hu\/wp-content\/uploads\/2016\/09\/160930baleset_eger.00_01_09_14.Still002-100x80.jpg 100w, https:\/\/www.agriatv.hu\/wp-content\/uploads\/2016\/09\/160930baleset_eger.00_01_09_14.Still002.jpg 720w\" sizes=\"auto, (max-width: 163px) 100vw, 163px\" \/><\/a>Egy seg\u00e9dmotoros s\u00e9r\u00fclt meg abban a balesetben, ami p\u00e9ntek k\u00e9s\u0151 d\u00e9lut\u00e1n t\u00f6rt\u00e9nt \u00a0Egerben.<\/p>\n<p style=\"text-align: justify;\">\u00dagy tudjuk,\u00a0a motoros a v\u00e9dett \u00faton haladt, amikor a viadukt alatt, a Ver\u0151szala utc\u00e1b\u00f3l kihajtott egy aut\u00f3. Val\u00f3sz\u00edn\u0171leg a kocsi vezet\u0151je nem vette \u00e9szre a motorost, aminek nekiment. A motoros az \u00fctk\u00f6z\u00e9s k\u00f6vetkezt\u00e9ben elvesztette egyens\u00faly\u00e1t \u00e9s elesett. Az els\u0151dleges meg\u00e1llap\u00edt\u00e1sok szerint nem s\u00e9r\u00fclt meg s\u00falyosan,\u00a0\u00a0a ment\u0151k k\u00f3rh\u00e1zba sz\u00e1ll\u00edtott\u00e1k.<\/p>\n<p style=\"text-align: justify;\">A s\u00e9r\u00fclt feles\u00e9ge elmondta: f\u00e9rj\u00e9vel mindketten robog\u00f3val mentek hazafel\u00e9, \u0151 csak a k\u00f6zeli temet\u0151n\u00e9l vette \u00e9szre, hogy f\u00e9rje nem j\u00f6n ut\u00e1na. Ekkor h\u00edvta telefonon, de m\u00e1r a ment\u0151ben az ell\u00e1t\u00e1s hangjait hallotta.<\/p>\n<p style=\"text-align: justify;\">A rend\u0151rs\u00e9g a helysz\u00ednel\u00e9s idej\u00e9re elterelte a forgalmat.<\/p>\n<p style=\"text-align: justify;\">\n<div class=\"youtube-embed ye-container\" itemprop=\"video\" itemscope itemtype=\"https:\/\/schema.org\/VideoObject\">\n\t<meta itemprop=\"url\" content=\"https:\/\/www.youtube.com\/v\/4ErQd0loVLk\" \/>\n\t<meta itemprop=\"name\" content=\"Seg\u00e9dmotoros s\u00e9r\u00fclt egy balesetben\" \/>\n\t<meta itemprop=\"description\" content=\"Seg\u00e9dmotoros s\u00e9r\u00fclt egy balesetben\" \/>\n\t<meta itemprop=\"uploadDate\" content=\"2016-09-30T17:48:11+00:00\" \/>\n\t<meta itemprop=\"thumbnailUrl\" content=\"https:\/\/i.ytimg.com\/vi\/4ErQd0loVLk\/default.jpg\" \/>\n\t<meta itemprop=\"embedUrl\" content=\"https:\/\/www.youtube.com\/embed\/4ErQd0loVLk\" \/>\n\t<meta itemprop=\"height\" content=\"1080\" \/>\n\t<meta itemprop=\"width\" content=\"1920\" \/>\n\t<iframe loading=\"lazy\" style=\"border: 0;\" class=\"youtube-player\" width=\"1920\" height=\"1080\" src=\"https:\/\/www.youtube.com\/embed\/4ErQd0loVLk?modestbranding=1&fs=0&rel=0\"><\/iframe>\n<\/div>\n<\/p>\n<p><iframe loading=\"lazy\" src=\"http:\/\/tenyek.hu\/neoplayer\/tv2\/embed\/220696_nem-vette-eszre-hogy-elutottek.html\/760\" width=\"760\" height=\"427\" frameborder=\"0\" scrolling=\"no\"><\/iframe><\/p>\n","protected":false},"excerpt":{"rendered":"<p>Egy seg\u00e9dmotoros s\u00e9r\u00fclt meg abban a balesetben, ami p\u00e9ntek k\u00e9s\u0151 d\u00e9lut\u00e1n t\u00f6rt\u00e9nt \u00a0Egerben.<br \/>\n\u00dagy tudjuk,\u00a0a motoros a v\u00e9dett \u00faton haladt, amikor a viadukt alatt, a Ver\u0151szala utc\u00e1b\u00f3l kihajtott egy aut\u00f3. Val\u00f3sz\u00edn\u0171leg a kocsi vezet\u0151je nem vette \u00e9szre a motorost, aminek nekiment. A motoros az \u00fctk\u00f6z\u00e9s k\u00f6vetkezt\u00e9ben elvesztette egyens\u00faly\u00e1t \u00e9s elesett. Az els\u0151dleges meg\u00e1llap\u00edt\u00e1sok szerint nem s\u00e9r\u00fclt [&#8230;]<\/p>\n","protected":false},"author":4,"featured_media":0,"comment_status":"open","ping_status":"closed","sticky":false,"template":"","format":"standard","meta":{"footnotes":""},"categories":[5],"tags":[41,36,2577,458,2576,2171],"class_list":["post-16474","post","type-post","status-publish","format-standard","hentry","category-kek-hirek","tag-baleset","tag-eger","tag-segedmotor","tag-serult","tag-veroszala-utca","tag-viadukt"],"_links":{"self":[{"href":"https:\/\/www.agriatv.hu\/index.php?rest_route=\/wp\/v2\/posts\/16474","targetHints":{"allow":["GET"]}}],"collection":[{"href":"https:\/\/www.agriatv.hu\/index.php?rest_route=\/wp\/v2\/posts"}],"about":[{"href":"https:\/\/www.agriatv.hu\/index.php?rest_route=\/wp\/v2\/types\/post"}],"author":[{"embeddable":true,"href":"https:\/\/www.agriatv.hu\/index.php?rest_route=\/wp\/v2\/users\/4"}],"replies":[{"embeddable":true,"href":"https:\/\/www.agriatv.hu\/index.php?rest_route=%2Fwp%2Fv2%2Fcomments&post=16474"}],"version-history":[{"count":3,"href":"https:\/\/www.agriatv.hu\/index.php?rest_route=\/wp\/v2\/posts\/16474\/revisions"}],"predecessor-version":[{"id":16493,"href":"https:\/\/www.agriatv.hu\/index.php?rest_route=\/wp\/v2\/posts\/16474\/revisions\/16493"}],"wp:attachment":[{"href":"https:\/\/www.agriatv.hu\/index.php?rest_route=%2Fwp%2Fv2%2Fmedia&parent=16474"}],"wp:term":[{"taxonomy":"category","embeddable":true,"href":"https:\/\/www.agriatv.hu\/index.php?rest_route=%2Fwp%2Fv2%2Fcategories&post=16474"},{"taxonomy":"post_tag","embeddable":true,"href":"https:\/\/www.agriatv.hu\/index.php?rest_route=%2Fwp%2Fv2%2Ftags&post=16474"}],"curies":[{"name":"wp","href":"https:\/\/api.w.org\/{rel}","templated":true}]}}