{"id":16542,"date":"2016-10-15T17:39:51","date_gmt":"2016-10-15T17:39:51","guid":{"rendered":"http:\/\/www.agriatv.hu\/?p=16542"},"modified":"2016-10-15T18:02:44","modified_gmt":"2016-10-15T18:02:44","slug":"vadkutyak-tartjak-oket-rettegesbe","status":"publish","type":"post","link":"https:\/\/www.agriatv.hu\/?p=16542","title":{"rendered":"Vadkuty\u00e1k tartj\u00e1k \u0151ket retteg\u00e9sben"},"content":{"rendered":"<p style=\"text-align: justify;\"><a href=\"https:\/\/www.agriatv.hu\/wp-content\/uploads\/2016\/10\/517386.325x183.jpg\"><img loading=\"lazy\" decoding=\"async\" class=\"alignleft wp-image-16543\" src=\"https:\/\/www.agriatv.hu\/wp-content\/uploads\/2016\/10\/517386.325x183-300x169.jpg\" alt=\"517386-325x183\" width=\"172\" height=\"97\" srcset=\"https:\/\/www.agriatv.hu\/wp-content\/uploads\/2016\/10\/517386.325x183-300x169.jpg 300w, https:\/\/www.agriatv.hu\/wp-content\/uploads\/2016\/10\/517386.325x183.jpg 325w\" sizes=\"auto, (max-width: 172px) 100vw, 172px\" \/><\/a>T\u00f6bb j\u00e1r\u00f3kel\u0151re is r\u00e1t\u00e1madtak m\u00e1r azok a vadkuty\u00e1k, amelyek Eger utc\u00e1it lept\u00e9k el. Szemtelen\u00fcl odamennek a turist\u00e1khoz, \u00e9telt k\u00e9rnek, \u00e9s a borospinc\u00e9kbe is bet\u00f6rnek. Tulajdonosaikat m\u00e1r t\u00f6bbsz\u00f6r is figyelmeztett\u00e9k, de \u0151k azt mondj\u00e1k, nem tehetnek r\u00f3la, hogy az \u00e1llatok kisz\u00f6knek a ker\u00edt\u00e9sen.<\/p>\n<p><iframe loading=\"lazy\" src=\"http:\/\/tenyek.hu\/neoplayer\/tv2\/embed\/221882_vadkutyak-tartjak-oket-rettegesbe.html\/760\" width=\"760\" height=\"428\" frameborder=\"0\" scrolling=\"no\"><\/iframe><\/p>\n","protected":false},"excerpt":{"rendered":"<p>T\u00f6bb j\u00e1r\u00f3kel\u0151re is r\u00e1t\u00e1madtak m\u00e1r azok a vadkuty\u00e1k, amelyek Eger utc\u00e1it lept\u00e9k el. Szemtelen\u00fcl odamennek a turist\u00e1khoz, \u00e9telt k\u00e9rnek, \u00e9s a borospinc\u00e9kbe is bet\u00f6rnek. Tulajdonosaikat m\u00e1r t\u00f6bbsz\u00f6r is figyelmeztett\u00e9k, de \u0151k azt mondj\u00e1k, nem tehetnek r\u00f3la, hogy az \u00e1llatok kisz\u00f6knek a ker\u00edt\u00e9sen.<\/p>\n","protected":false},"author":4,"featured_media":0,"comment_status":"open","ping_status":"closed","sticky":false,"template":"","format":"standard","meta":{"footnotes":""},"categories":[6],"tags":[832,1024,2585,2409],"class_list":["post-16542","post","type-post","status-publish","format-standard","hentry","category-belfold","tag-kutya","tag-pince","tag-szepasszonyvolgy","tag-szokes"],"_links":{"self":[{"href":"https:\/\/www.agriatv.hu\/index.php?rest_route=\/wp\/v2\/posts\/16542","targetHints":{"allow":["GET"]}}],"collection":[{"href":"https:\/\/www.agriatv.hu\/index.php?rest_route=\/wp\/v2\/posts"}],"about":[{"href":"https:\/\/www.agriatv.hu\/index.php?rest_route=\/wp\/v2\/types\/post"}],"author":[{"embeddable":true,"href":"https:\/\/www.agriatv.hu\/index.php?rest_route=\/wp\/v2\/users\/4"}],"replies":[{"embeddable":true,"href":"https:\/\/www.agriatv.hu\/index.php?rest_route=%2Fwp%2Fv2%2Fcomments&post=16542"}],"version-history":[{"count":2,"href":"https:\/\/www.agriatv.hu\/index.php?rest_route=\/wp\/v2\/posts\/16542\/revisions"}],"predecessor-version":[{"id":16548,"href":"https:\/\/www.agriatv.hu\/index.php?rest_route=\/wp\/v2\/posts\/16542\/revisions\/16548"}],"wp:attachment":[{"href":"https:\/\/www.agriatv.hu\/index.php?rest_route=%2Fwp%2Fv2%2Fmedia&parent=16542"}],"wp:term":[{"taxonomy":"category","embeddable":true,"href":"https:\/\/www.agriatv.hu\/index.php?rest_route=%2Fwp%2Fv2%2Fcategories&post=16542"},{"taxonomy":"post_tag","embeddable":true,"href":"https:\/\/www.agriatv.hu\/index.php?rest_route=%2Fwp%2Fv2%2Ftags&post=16542"}],"curies":[{"name":"wp","href":"https:\/\/api.w.org\/{rel}","templated":true}]}}