{"id":16575,"date":"2016-10-21T19:38:55","date_gmt":"2016-10-21T19:38:55","guid":{"rendered":"http:\/\/www.agriatv.hu\/?p=16575"},"modified":"2016-10-21T19:38:55","modified_gmt":"2016-10-21T19:38:55","slug":"reszegen-vezette-az-iskolabuszt","status":"publish","type":"post","link":"https:\/\/www.agriatv.hu\/?p=16575","title":{"rendered":"R\u00e9szegen vezette az iskolabuszt"},"content":{"rendered":"<p style=\"text-align: justify;\"><a href=\"https:\/\/www.agriatv.hu\/wp-content\/uploads\/2016\/10\/518525.325x183.jpg\"><img loading=\"lazy\" decoding=\"async\" class=\"alignleft wp-image-16576\" src=\"https:\/\/www.agriatv.hu\/wp-content\/uploads\/2016\/10\/518525.325x183-300x169.jpg\" alt=\"518525-325x183\" width=\"193\" height=\"109\" srcset=\"https:\/\/www.agriatv.hu\/wp-content\/uploads\/2016\/10\/518525.325x183-300x169.jpg 300w, https:\/\/www.agriatv.hu\/wp-content\/uploads\/2016\/10\/518525.325x183.jpg 325w\" sizes=\"auto, (max-width: 193px) 100vw, 193px\" \/><\/a>R\u00e9szeg volt az iskolabusz vezet\u0151je, amikor j\u00e1rm\u0171v\u00e9vel az \u00e1rokba borult cs\u00fct\u00f6rt\u00f6k\u00f6n Borsod megy\u00e9ben. A balesetben t\u00f6bb gyerek is megs\u00e9r\u00fclt. A sof\u0151r otthagyta a di\u00e1kokat, \u00e9s elmenek\u00fclt a helysz\u00ednr\u0151l. A rend\u0151r\u00f6k azonban hamar elfogt\u00e1k a 62 \u00e9ves f\u00e9rfit, aki bevallotta, hogy ivott a baleset el\u0151tt.<\/p>\n<p><iframe loading=\"lazy\" src=\"http:\/\/tenyek.hu\/neoplayer\/tv2\/embed\/222415_reszegen-vezette-az-iskolabuszt.html\/760\" width=\"760\" height=\"427\" frameborder=\"0\" scrolling=\"no\"><\/iframe><\/p>\n","protected":false},"excerpt":{"rendered":"<p>R\u00e9szeg volt az iskolabusz vezet\u0151je, amikor j\u00e1rm\u0171v\u00e9vel az \u00e1rokba borult cs\u00fct\u00f6rt\u00f6k\u00f6n Borsod megy\u00e9ben. A balesetben t\u00f6bb gyerek is megs\u00e9r\u00fclt. A sof\u0151r otthagyta a di\u00e1kokat, \u00e9s elmenek\u00fclt a helysz\u00ednr\u0151l. A rend\u0151r\u00f6k azonban hamar elfogt\u00e1k a 62 \u00e9ves f\u00e9rfit, aki bevallotta, hogy ivott a baleset el\u0151tt.<\/p>\n","protected":false},"author":4,"featured_media":0,"comment_status":"open","ping_status":"closed","sticky":false,"template":"","format":"standard","meta":{"footnotes":""},"categories":[5],"tags":[921,2183,41,2591,458,1929],"class_list":["post-16575","post","type-post","status-publish","format-standard","hentry","category-kek-hirek","tag-alkohol","tag-arok","tag-baleset","tag-iskolabusz","tag-serult","tag-sofor"],"_links":{"self":[{"href":"https:\/\/www.agriatv.hu\/index.php?rest_route=\/wp\/v2\/posts\/16575","targetHints":{"allow":["GET"]}}],"collection":[{"href":"https:\/\/www.agriatv.hu\/index.php?rest_route=\/wp\/v2\/posts"}],"about":[{"href":"https:\/\/www.agriatv.hu\/index.php?rest_route=\/wp\/v2\/types\/post"}],"author":[{"embeddable":true,"href":"https:\/\/www.agriatv.hu\/index.php?rest_route=\/wp\/v2\/users\/4"}],"replies":[{"embeddable":true,"href":"https:\/\/www.agriatv.hu\/index.php?rest_route=%2Fwp%2Fv2%2Fcomments&post=16575"}],"version-history":[{"count":1,"href":"https:\/\/www.agriatv.hu\/index.php?rest_route=\/wp\/v2\/posts\/16575\/revisions"}],"predecessor-version":[{"id":16577,"href":"https:\/\/www.agriatv.hu\/index.php?rest_route=\/wp\/v2\/posts\/16575\/revisions\/16577"}],"wp:attachment":[{"href":"https:\/\/www.agriatv.hu\/index.php?rest_route=%2Fwp%2Fv2%2Fmedia&parent=16575"}],"wp:term":[{"taxonomy":"category","embeddable":true,"href":"https:\/\/www.agriatv.hu\/index.php?rest_route=%2Fwp%2Fv2%2Fcategories&post=16575"},{"taxonomy":"post_tag","embeddable":true,"href":"https:\/\/www.agriatv.hu\/index.php?rest_route=%2Fwp%2Fv2%2Ftags&post=16575"}],"curies":[{"name":"wp","href":"https:\/\/api.w.org\/{rel}","templated":true}]}}