{"id":16578,"date":"2016-10-23T08:13:41","date_gmt":"2016-10-23T08:13:41","guid":{"rendered":"http:\/\/www.agriatv.hu\/?p=16578"},"modified":"2016-10-23T08:19:02","modified_gmt":"2016-10-23T08:19:02","slug":"menet-kozben-gyulladt-ki-a-kocsi","status":"publish","type":"post","link":"https:\/\/www.agriatv.hu\/?p=16578","title":{"rendered":"Menet k\u00f6zben gyulladt ki a kocsi"},"content":{"rendered":"<p style=\"text-align: justify;\"><strong><a href=\"https:\/\/www.agriatv.hu\/wp-content\/uploads\/2016\/10\/161023kocsituz_kal.00_00_49_18.Still001.jpg\"><img loading=\"lazy\" decoding=\"async\" class=\"alignleft wp-image-16579\" src=\"https:\/\/www.agriatv.hu\/wp-content\/uploads\/2016\/10\/161023kocsituz_kal.00_00_49_18.Still001-300x240.jpg\" alt=\"161023kocsituz_kal-00_00_49_18-still001\" width=\"176\" height=\"141\" srcset=\"https:\/\/www.agriatv.hu\/wp-content\/uploads\/2016\/10\/161023kocsituz_kal.00_00_49_18.Still001-300x240.jpg 300w, https:\/\/www.agriatv.hu\/wp-content\/uploads\/2016\/10\/161023kocsituz_kal.00_00_49_18.Still001-100x80.jpg 100w, https:\/\/www.agriatv.hu\/wp-content\/uploads\/2016\/10\/161023kocsituz_kal.00_00_49_18.Still001.jpg 720w\" sizes=\"auto, (max-width: 176px) 100vw, 176px\" \/><\/a>Kigyulladt \u00e9s ki\u00e9gett egy szem\u00e9lyaut\u00f3 vas\u00e1rnap reggel 7 \u00f3ra k\u00f6r\u00fcl a K\u00e1l \u00e9s Erd\u0151telek k\u00f6z\u00f6tti \u00faton, az M3-as aut\u00f3p\u00e1lya k\u00f6zel\u00e9ben.<\/strong><\/p>\n<p style=\"text-align: justify;\">A\u00a0riasztott t\u0171zolt\u00f3k\u00a0egy v\u00edzsug\u00e1rral r\u00f6vid id\u0151n bel\u00fcl eloltotta a l\u00e1ngokat, majd megkezdt\u00e9k a j\u00e1rm\u0171 visszah\u0171t\u00e9s\u00e9t \u00e9s \u00e1tvizsg\u00e1l\u00e1s\u00e1t. Az eset sor\u00e1n senki nem s\u00e9r\u00fclt meg.<\/p>\n<p style=\"text-align: justify;\">A tulajdonos elmondta: a kocsit nemr\u00e9g vette Budapesten egy keresked\u0151t\u0151l 200 ezer forint\u00e9rt, de az\u00f3ta is csak a szerel\u0151n\u00e9l volt. A sok k\u00f6lts\u00e9ge miatt m\u00e9g \u00e1t sem \u00edratta, biztos\u00edt\u00e1sa sem volt.<\/p>\n<p style=\"text-align: justify;\">K\u00e1l fel\u00e9 tartott a kocsival, amikor f\u00fcst\u00f6t \u00e9szlelt a m\u0171szerfal al\u00f3l. Hamarosan cs\u00f6p\u00f6g\u00f6tt az olvadt m\u0171anyag is. Egy m\u00e1sik aut\u00f3ssal pr\u00f3b\u00e1lt\u00e1k eloltani a t\u00fczet, eredm\u00e9nytelen\u00fcl. A kocsiban minden el\u00e9gett, m\u00e9g a gyerek\u00fcl\u00e9st sem tudta a sof\u0151r kiszedni. Amikor felh\u00edvta a feles\u00e9g\u00e9t, hogy ki\u00e9gett a kocsi, az azt hitte csak viccel.<\/p>\n<p style=\"text-align: justify;\">\n<div class=\"youtube-embed ye-container\" itemprop=\"video\" itemscope itemtype=\"https:\/\/schema.org\/VideoObject\">\n\t<meta itemprop=\"url\" content=\"https:\/\/www.youtube.com\/v\/ch_Bs_6SkRg\" \/>\n\t<meta itemprop=\"name\" content=\"Menet k\u00f6zben gyulladt ki a kocsi\" \/>\n\t<meta itemprop=\"description\" content=\"Menet k\u00f6zben gyulladt ki a kocsi\" \/>\n\t<meta itemprop=\"uploadDate\" content=\"2016-10-23T08:13:41+00:00\" \/>\n\t<meta itemprop=\"thumbnailUrl\" content=\"https:\/\/i.ytimg.com\/vi\/ch_Bs_6SkRg\/default.jpg\" \/>\n\t<meta itemprop=\"embedUrl\" content=\"https:\/\/www.youtube.com\/embed\/ch_Bs_6SkRg\" \/>\n\t<meta itemprop=\"height\" content=\"1080\" \/>\n\t<meta itemprop=\"width\" content=\"1920\" \/>\n\t<iframe loading=\"lazy\" style=\"border: 0;\" class=\"youtube-player\" width=\"1920\" height=\"1080\" src=\"https:\/\/www.youtube.com\/embed\/ch_Bs_6SkRg?modestbranding=1&fs=0&rel=0\"><\/iframe>\n<\/div>\n<\/p>\n","protected":false},"excerpt":{"rendered":"<p>Kigyulladt \u00e9s ki\u00e9gett egy szem\u00e9lyaut\u00f3 vas\u00e1rnap reggel 7 \u00f3ra k\u00f6r\u00fcl a K\u00e1l \u00e9s Erd\u0151telek k\u00f6z\u00f6tti \u00faton, az M3-as aut\u00f3p\u00e1lya k\u00f6zel\u00e9ben.<br \/>\nA\u00a0riasztott t\u0171zolt\u00f3k\u00a0egy v\u00edzsug\u00e1rral r\u00f6vid id\u0151n bel\u00fcl eloltotta a l\u00e1ngokat, majd megkezdt\u00e9k a j\u00e1rm\u0171 visszah\u0171t\u00e9s\u00e9t \u00e9s \u00e1tvizsg\u00e1l\u00e1s\u00e1t. Az eset sor\u00e1n senki nem s\u00e9r\u00fclt meg.<br \/>\nA tulajdonos elmondta: a kocsit nemr\u00e9g vette Budapesten egy keresked\u0151t\u0151l 200 ezer forint\u00e9rt, de [&#8230;]<\/p>\n","protected":false},"author":4,"featured_media":0,"comment_status":"open","ping_status":"closed","sticky":false,"template":"","format":"standard","meta":{"footnotes":""},"categories":[5],"tags":[1805,196,1214,1342,484,161],"class_list":["post-16578","post","type-post","status-publish","format-standard","hentry","category-kek-hirek","tag-kal","tag-kar","tag-kocsi","tag-lang","tag-tuz","tag-tuzolto"],"_links":{"self":[{"href":"https:\/\/www.agriatv.hu\/index.php?rest_route=\/wp\/v2\/posts\/16578","targetHints":{"allow":["GET"]}}],"collection":[{"href":"https:\/\/www.agriatv.hu\/index.php?rest_route=\/wp\/v2\/posts"}],"about":[{"href":"https:\/\/www.agriatv.hu\/index.php?rest_route=\/wp\/v2\/types\/post"}],"author":[{"embeddable":true,"href":"https:\/\/www.agriatv.hu\/index.php?rest_route=\/wp\/v2\/users\/4"}],"replies":[{"embeddable":true,"href":"https:\/\/www.agriatv.hu\/index.php?rest_route=%2Fwp%2Fv2%2Fcomments&post=16578"}],"version-history":[{"count":1,"href":"https:\/\/www.agriatv.hu\/index.php?rest_route=\/wp\/v2\/posts\/16578\/revisions"}],"predecessor-version":[{"id":16580,"href":"https:\/\/www.agriatv.hu\/index.php?rest_route=\/wp\/v2\/posts\/16578\/revisions\/16580"}],"wp:attachment":[{"href":"https:\/\/www.agriatv.hu\/index.php?rest_route=%2Fwp%2Fv2%2Fmedia&parent=16578"}],"wp:term":[{"taxonomy":"category","embeddable":true,"href":"https:\/\/www.agriatv.hu\/index.php?rest_route=%2Fwp%2Fv2%2Fcategories&post=16578"},{"taxonomy":"post_tag","embeddable":true,"href":"https:\/\/www.agriatv.hu\/index.php?rest_route=%2Fwp%2Fv2%2Ftags&post=16578"}],"curies":[{"name":"wp","href":"https:\/\/api.w.org\/{rel}","templated":true}]}}