{"id":16734,"date":"2016-11-27T19:03:43","date_gmt":"2016-11-27T19:03:43","guid":{"rendered":"http:\/\/www.agriatv.hu\/?p=16734"},"modified":"2016-11-27T19:03:43","modified_gmt":"2016-11-27T19:03:43","slug":"hideg-jon-minusz-10-fok-is-lehet","status":"publish","type":"post","link":"https:\/\/www.agriatv.hu\/?p=16734","title":{"rendered":"Hideg j\u00f6n, m\u00ednusz 10 fok is lehet"},"content":{"rendered":"<p style=\"text-align: justify;\"><a href=\"https:\/\/www.agriatv.hu\/wp-content\/uploads\/2016\/11\/523940.325x183.jpg\"><img loading=\"lazy\" decoding=\"async\" class=\"alignleft  wp-image-16735\" src=\"https:\/\/www.agriatv.hu\/wp-content\/uploads\/2016\/11\/523940.325x183-300x169.jpg\" alt=\"523940-325x183\" width=\"197\" height=\"111\" srcset=\"https:\/\/www.agriatv.hu\/wp-content\/uploads\/2016\/11\/523940.325x183-300x169.jpg 300w, https:\/\/www.agriatv.hu\/wp-content\/uploads\/2016\/11\/523940.325x183.jpg 325w\" sizes=\"auto, (max-width: 197px) 100vw, 197px\" \/><\/a>Vir\u00e1goznak a r\u00f3zs\u00e1k t\u00f6bb Dun\u00e1nt\u00fali telep\u00fcl\u00e9sen, annyira enyhe az id\u0151. 10 fok f\u00f6l\u00f6tt volt a h\u0151m\u00e9rs\u00e9klet szinte mindenhol, pedig november v\u00e9g\u00e9n \u00e1ltal\u00e1ban fagypont k\u00f6r\u00fcl szokott lenni. Az enyhe id\u0151ben nagyon sokan voltak az adventi v\u00e1s\u00e1rokban. Holnapt\u00f3l viszont nagyon er\u0151s leh\u0171l\u00e9s v\u00e1rhat\u00f3, \u00e9jszakai m\u00ednuszokkal.<\/p>\n<p><iframe loading=\"lazy\" src=\"http:\/\/tenyek.hu\/neoplayer\/tv2\/embed\/225142_hideg-jon-minusz-10-fok-is-lehet.html\/760\" width=\"760\" height=\"428\" frameborder=\"0\" scrolling=\"no\"><\/iframe><\/p>\n","protected":false},"excerpt":{"rendered":"<p>Vir\u00e1goznak a r\u00f3zs\u00e1k t\u00f6bb Dun\u00e1nt\u00fali telep\u00fcl\u00e9sen, annyira enyhe az id\u0151. 10 fok f\u00f6l\u00f6tt volt a h\u0151m\u00e9rs\u00e9klet szinte mindenhol, pedig november v\u00e9g\u00e9n \u00e1ltal\u00e1ban fagypont k\u00f6r\u00fcl szokott lenni. Az enyhe id\u0151ben nagyon sokan voltak az adventi v\u00e1s\u00e1rokban. Holnapt\u00f3l viszont nagyon er\u0151s leh\u0171l\u00e9s v\u00e1rhat\u00f3, \u00e9jszakai m\u00ednuszokkal.<\/p>\n","protected":false},"author":4,"featured_media":0,"comment_status":"open","ping_status":"closed","sticky":false,"template":"","format":"standard","meta":{"footnotes":""},"categories":[6,4],"tags":[659,892,1869,648],"class_list":["post-16734","post","type-post","status-publish","format-standard","hentry","category-belfold","category-szabadido","tag-advent","tag-hideg","tag-kekesteto","tag-tel"],"_links":{"self":[{"href":"https:\/\/www.agriatv.hu\/index.php?rest_route=\/wp\/v2\/posts\/16734","targetHints":{"allow":["GET"]}}],"collection":[{"href":"https:\/\/www.agriatv.hu\/index.php?rest_route=\/wp\/v2\/posts"}],"about":[{"href":"https:\/\/www.agriatv.hu\/index.php?rest_route=\/wp\/v2\/types\/post"}],"author":[{"embeddable":true,"href":"https:\/\/www.agriatv.hu\/index.php?rest_route=\/wp\/v2\/users\/4"}],"replies":[{"embeddable":true,"href":"https:\/\/www.agriatv.hu\/index.php?rest_route=%2Fwp%2Fv2%2Fcomments&post=16734"}],"version-history":[{"count":1,"href":"https:\/\/www.agriatv.hu\/index.php?rest_route=\/wp\/v2\/posts\/16734\/revisions"}],"predecessor-version":[{"id":16736,"href":"https:\/\/www.agriatv.hu\/index.php?rest_route=\/wp\/v2\/posts\/16734\/revisions\/16736"}],"wp:attachment":[{"href":"https:\/\/www.agriatv.hu\/index.php?rest_route=%2Fwp%2Fv2%2Fmedia&parent=16734"}],"wp:term":[{"taxonomy":"category","embeddable":true,"href":"https:\/\/www.agriatv.hu\/index.php?rest_route=%2Fwp%2Fv2%2Fcategories&post=16734"},{"taxonomy":"post_tag","embeddable":true,"href":"https:\/\/www.agriatv.hu\/index.php?rest_route=%2Fwp%2Fv2%2Ftags&post=16734"}],"curies":[{"name":"wp","href":"https:\/\/api.w.org\/{rel}","templated":true}]}}