{"id":16742,"date":"2016-11-29T19:12:21","date_gmt":"2016-11-29T19:12:21","guid":{"rendered":"http:\/\/www.agriatv.hu\/?p=16742"},"modified":"2016-11-29T19:12:21","modified_gmt":"2016-11-29T19:12:21","slug":"soha-nem-lesz-mar-feher-karacsony","status":"publish","type":"post","link":"https:\/\/www.agriatv.hu\/?p=16742","title":{"rendered":"Soha nem lesz m\u00e1r feh\u00e9r kar\u00e1csony"},"content":{"rendered":"<p style=\"text-align: justify;\"><a href=\"https:\/\/www.agriatv.hu\/wp-content\/uploads\/2016\/11\/524246.325x183.jpg\"><img loading=\"lazy\" decoding=\"async\" class=\"alignleft  wp-image-16743\" src=\"https:\/\/www.agriatv.hu\/wp-content\/uploads\/2016\/11\/524246.325x183-300x169.jpg\" alt=\"524246-325x183\" width=\"197\" height=\"111\" srcset=\"https:\/\/www.agriatv.hu\/wp-content\/uploads\/2016\/11\/524246.325x183-300x169.jpg 300w, https:\/\/www.agriatv.hu\/wp-content\/uploads\/2016\/11\/524246.325x183.jpg 325w\" sizes=\"auto, (max-width: 197px) 100vw, 197px\" \/><\/a>Nem lesz feh\u00e9r kar\u00e1csonyunk az elk\u00f6vetkez\u0151 \u00e9vekben \u00e9s \u00e9vtizedekben sem a meteorol\u00f3gus szerint. Az elm\u00falt \u00e9vekben nem volt feh\u00e9r kar\u00e1csony, utolj\u00e1ra pedig 20 \u00e9vvel ezel\u0151tt, 1996-ban havazott orsz\u00e1gszerte kar\u00e1csonykor. A gyorsul\u00f3 felmeleged\u00e9s lehet a felel\u0151s az\u00e9rt, hogy tart\u00f3san nem alakul ki \u00f6sszef\u00fcgg\u0151 h\u00f3takar\u00f3.<\/p>\n<p><iframe loading=\"lazy\" width=\"760\" height=\"427\" src=\"http:\/\/tenyek.hu\/neoplayer\/tv2\/embed\/225289_soha-nem-lesz-mar-feher-karacsony.html\/760\" frameborder=\"0\" scrolling=\"no\"><\/iframe><\/p>\n","protected":false},"excerpt":{"rendered":"<p>Nem lesz feh\u00e9r kar\u00e1csonyunk az elk\u00f6vetkez\u0151 \u00e9vekben \u00e9s \u00e9vtizedekben sem a meteorol\u00f3gus szerint. Az elm\u00falt \u00e9vekben nem volt feh\u00e9r kar\u00e1csony, utolj\u00e1ra pedig 20 \u00e9vvel ezel\u0151tt, 1996-ban havazott orsz\u00e1gszerte kar\u00e1csonykor. A gyorsul\u00f3 felmeleged\u00e9s lehet a felel\u0151s az\u00e9rt, hogy tart\u00f3san nem alakul ki \u00f6sszef\u00fcgg\u0151 h\u00f3takar\u00f3.<\/p>\n","protected":false},"author":4,"featured_media":0,"comment_status":"open","ping_status":"closed","sticky":false,"template":"","format":"standard","meta":{"footnotes":""},"categories":[6],"tags":[872,899,658,897,672],"class_list":["post-16742","post","type-post","status-publish","format-standard","hentry","category-belfold","tag-ho","tag-idojaras","tag-karacsony","tag-meteorologia","tag-valtozas"],"_links":{"self":[{"href":"https:\/\/www.agriatv.hu\/index.php?rest_route=\/wp\/v2\/posts\/16742","targetHints":{"allow":["GET"]}}],"collection":[{"href":"https:\/\/www.agriatv.hu\/index.php?rest_route=\/wp\/v2\/posts"}],"about":[{"href":"https:\/\/www.agriatv.hu\/index.php?rest_route=\/wp\/v2\/types\/post"}],"author":[{"embeddable":true,"href":"https:\/\/www.agriatv.hu\/index.php?rest_route=\/wp\/v2\/users\/4"}],"replies":[{"embeddable":true,"href":"https:\/\/www.agriatv.hu\/index.php?rest_route=%2Fwp%2Fv2%2Fcomments&post=16742"}],"version-history":[{"count":1,"href":"https:\/\/www.agriatv.hu\/index.php?rest_route=\/wp\/v2\/posts\/16742\/revisions"}],"predecessor-version":[{"id":16744,"href":"https:\/\/www.agriatv.hu\/index.php?rest_route=\/wp\/v2\/posts\/16742\/revisions\/16744"}],"wp:attachment":[{"href":"https:\/\/www.agriatv.hu\/index.php?rest_route=%2Fwp%2Fv2%2Fmedia&parent=16742"}],"wp:term":[{"taxonomy":"category","embeddable":true,"href":"https:\/\/www.agriatv.hu\/index.php?rest_route=%2Fwp%2Fv2%2Fcategories&post=16742"},{"taxonomy":"post_tag","embeddable":true,"href":"https:\/\/www.agriatv.hu\/index.php?rest_route=%2Fwp%2Fv2%2Ftags&post=16742"}],"curies":[{"name":"wp","href":"https:\/\/api.w.org\/{rel}","templated":true}]}}