{"id":16936,"date":"2017-01-13T19:09:55","date_gmt":"2017-01-13T19:09:55","guid":{"rendered":"http:\/\/www.agriatv.hu\/?p=16936"},"modified":"2017-01-13T19:09:55","modified_gmt":"2017-01-13T19:09:55","slug":"megbenitotta-a-ho-az-orszagot","status":"publish","type":"post","link":"https:\/\/www.agriatv.hu\/?p=16936","title":{"rendered":"Megb\u00e9n\u00edtotta a h\u00f3 az orsz\u00e1got"},"content":{"rendered":"<div id=\"cikktorzs_inner\" style=\"text-align: justify;\"><a href=\"https:\/\/www.agriatv.hu\/wp-content\/uploads\/2017\/01\/528954.325x183.jpg\"><img loading=\"lazy\" decoding=\"async\" class=\"alignleft  wp-image-16937\" src=\"https:\/\/www.agriatv.hu\/wp-content\/uploads\/2017\/01\/528954.325x183-300x169.jpg\" alt=\"\" width=\"195\" height=\"110\" srcset=\"https:\/\/www.agriatv.hu\/wp-content\/uploads\/2017\/01\/528954.325x183-300x169.jpg 300w, https:\/\/www.agriatv.hu\/wp-content\/uploads\/2017\/01\/528954.325x183.jpg 325w\" sizes=\"auto, (max-width: 195px) 100vw, 195px\" \/><\/a>Megb\u00e9n\u00edtotta az orsz\u00e1got a havaz\u00e1s, van ahol 20-30 centi h\u00f3 is esett. Bakonyban buszok akadtak el, Budapesten pedig a magasabban fekv\u0151 jeges, cs\u00fasz\u00f3s szakaszokra nem tudtak felmenni a buszok. Ez\u00e9rt a j\u00e1ratok egy r\u00e9sze r\u00f6vid\u00edtett \u00fatvonalon vagy egy\u00e1ltal\u00e1n nem k\u00f6zlekedett. A rend\u0151r\u00f6k napk\u00f6zben egym\u00e1s ut\u00e1n z\u00e1rt\u00e1k le a j\u00e1rhatatlan utakat, \u00e9s t\u00f6bb helyen teljes volt a kamionstop.<\/div>\n<p><iframe loading=\"lazy\" src=\"http:\/\/tenyek.hu\/neoplayer\/tv2\/embed\/227833_megbenitotta-a-ho-az-orszagot.html\/760\" width=\"760\" height=\"427\" frameborder=\"0\" scrolling=\"no\"><\/iframe><\/p>\n","protected":false},"excerpt":{"rendered":"<p>Megb\u00e9n\u00edtotta az orsz\u00e1got a havaz\u00e1s, van ahol 20-30 centi h\u00f3 is esett. Bakonyban buszok akadtak el, Budapesten pedig a magasabban fekv\u0151 jeges, cs\u00fasz\u00f3s szakaszokra nem tudtak felmenni a buszok. Ez\u00e9rt a j\u00e1ratok egy r\u00e9sze r\u00f6vid\u00edtett \u00fatvonalon vagy egy\u00e1ltal\u00e1n nem k\u00f6zlekedett. A rend\u0151r\u00f6k napk\u00f6zben egym\u00e1s ut\u00e1n z\u00e1rt\u00e1k le a j\u00e1rhatatlan utakat, \u00e9s t\u00f6bb helyen teljes volt [&#8230;]<\/p>\n","protected":false},"author":4,"featured_media":0,"comment_status":"open","ping_status":"closed","sticky":false,"template":"","format":"standard","meta":{"footnotes":""},"categories":[6],"tags":[1438,968,872,2658,650],"class_list":["post-16936","post","type-post","status-publish","format-standard","hentry","category-belfold","tag-akadaly","tag-busz","tag-ho","tag-kamionstop","tag-kozlekedes"],"_links":{"self":[{"href":"https:\/\/www.agriatv.hu\/index.php?rest_route=\/wp\/v2\/posts\/16936","targetHints":{"allow":["GET"]}}],"collection":[{"href":"https:\/\/www.agriatv.hu\/index.php?rest_route=\/wp\/v2\/posts"}],"about":[{"href":"https:\/\/www.agriatv.hu\/index.php?rest_route=\/wp\/v2\/types\/post"}],"author":[{"embeddable":true,"href":"https:\/\/www.agriatv.hu\/index.php?rest_route=\/wp\/v2\/users\/4"}],"replies":[{"embeddable":true,"href":"https:\/\/www.agriatv.hu\/index.php?rest_route=%2Fwp%2Fv2%2Fcomments&post=16936"}],"version-history":[{"count":1,"href":"https:\/\/www.agriatv.hu\/index.php?rest_route=\/wp\/v2\/posts\/16936\/revisions"}],"predecessor-version":[{"id":16938,"href":"https:\/\/www.agriatv.hu\/index.php?rest_route=\/wp\/v2\/posts\/16936\/revisions\/16938"}],"wp:attachment":[{"href":"https:\/\/www.agriatv.hu\/index.php?rest_route=%2Fwp%2Fv2%2Fmedia&parent=16936"}],"wp:term":[{"taxonomy":"category","embeddable":true,"href":"https:\/\/www.agriatv.hu\/index.php?rest_route=%2Fwp%2Fv2%2Fcategories&post=16936"},{"taxonomy":"post_tag","embeddable":true,"href":"https:\/\/www.agriatv.hu\/index.php?rest_route=%2Fwp%2Fv2%2Ftags&post=16936"}],"curies":[{"name":"wp","href":"https:\/\/api.w.org\/{rel}","templated":true}]}}