{"id":16939,"date":"2017-01-13T19:37:08","date_gmt":"2017-01-13T19:37:08","guid":{"rendered":"http:\/\/www.agriatv.hu\/?p=16939"},"modified":"2017-01-13T19:37:08","modified_gmt":"2017-01-13T19:37:08","slug":"radiatorral-melegitik-az-allatokat","status":"publish","type":"post","link":"https:\/\/www.agriatv.hu\/?p=16939","title":{"rendered":"Radi\u00e1torral meleg\u00edtik az \u00e1llatokat"},"content":{"rendered":"<div id=\"cikktorzs_inner\" style=\"text-align: justify;\"><a href=\"https:\/\/www.agriatv.hu\/wp-content\/uploads\/2017\/01\/528967.325x183.jpg\"><img loading=\"lazy\" decoding=\"async\" class=\"alignleft wp-image-16940\" src=\"https:\/\/www.agriatv.hu\/wp-content\/uploads\/2017\/01\/528967.325x183-300x169.jpg\" alt=\"\" width=\"172\" height=\"97\" srcset=\"https:\/\/www.agriatv.hu\/wp-content\/uploads\/2017\/01\/528967.325x183-300x169.jpg 300w, https:\/\/www.agriatv.hu\/wp-content\/uploads\/2017\/01\/528967.325x183.jpg 325w\" sizes=\"auto, (max-width: 172px) 100vw, 172px\" \/><\/a>Rengeteg gy\u00fcm\u00f6lcs, vitaminporok, folyamatos v\u00edzell\u00e1t\u00e1s, a ragadoz\u00f3knak pedig el\u0151meleg\u00edtett h\u00fas. \u00cdgy v\u00e9dik a hidegt\u0151l a gy\u00f6ngy\u00f6si \u00e1llatkert lak\u00f3it. A f\u00e1z\u00f3sabbak m\u00e9g plusz radi\u00e1tort is kaptak a nagy hidegben. Az \u00e1llatok t\u00f6bbs\u00e9ge ugyan hozz\u00e1szokott a sz\u00e9ls\u0151s\u00e9ges id\u0151j\u00e1r\u00e1shoz, de p\u00e9ld\u00e1ul a gy\u0171r\u0171sfark\u00fa makik megfagyn\u00e1nak a nagy hidegben.<\/div>\n<p><iframe loading=\"lazy\" src=\"http:\/\/tenyek.hu\/neoplayer\/tv2\/embed\/227846_radiatorral-melegitik-az-allatokat.html\/760\" width=\"760\" height=\"427\" frameborder=\"0\" scrolling=\"no\"><\/iframe><\/p>\n","protected":false},"excerpt":{"rendered":"<p>Rengeteg gy\u00fcm\u00f6lcs, vitaminporok, folyamatos v\u00edzell\u00e1t\u00e1s, a ragadoz\u00f3knak pedig el\u0151meleg\u00edtett h\u00fas. \u00cdgy v\u00e9dik a hidegt\u0151l a gy\u00f6ngy\u00f6si \u00e1llatkert lak\u00f3it. A f\u00e1z\u00f3sabbak m\u00e9g plusz radi\u00e1tort is kaptak a nagy hidegben. Az \u00e1llatok t\u00f6bbs\u00e9ge ugyan hozz\u00e1szokott a sz\u00e9ls\u0151s\u00e9ges id\u0151j\u00e1r\u00e1shoz, de p\u00e9ld\u00e1ul a gy\u0171r\u0171sfark\u00fa makik megfagyn\u00e1nak a nagy hidegben.<\/p>\n","protected":false},"author":4,"featured_media":0,"comment_status":"open","ping_status":"closed","sticky":false,"template":"","format":"standard","meta":{"footnotes":""},"categories":[6,4],"tags":[1225,235,1911,1892],"class_list":["post-16939","post","type-post","status-publish","format-standard","hentry","category-belfold","category-szabadido","tag-allatkert","tag-gyongyos","tag-meleg","tag-vitamin"],"_links":{"self":[{"href":"https:\/\/www.agriatv.hu\/index.php?rest_route=\/wp\/v2\/posts\/16939","targetHints":{"allow":["GET"]}}],"collection":[{"href":"https:\/\/www.agriatv.hu\/index.php?rest_route=\/wp\/v2\/posts"}],"about":[{"href":"https:\/\/www.agriatv.hu\/index.php?rest_route=\/wp\/v2\/types\/post"}],"author":[{"embeddable":true,"href":"https:\/\/www.agriatv.hu\/index.php?rest_route=\/wp\/v2\/users\/4"}],"replies":[{"embeddable":true,"href":"https:\/\/www.agriatv.hu\/index.php?rest_route=%2Fwp%2Fv2%2Fcomments&post=16939"}],"version-history":[{"count":1,"href":"https:\/\/www.agriatv.hu\/index.php?rest_route=\/wp\/v2\/posts\/16939\/revisions"}],"predecessor-version":[{"id":16941,"href":"https:\/\/www.agriatv.hu\/index.php?rest_route=\/wp\/v2\/posts\/16939\/revisions\/16941"}],"wp:attachment":[{"href":"https:\/\/www.agriatv.hu\/index.php?rest_route=%2Fwp%2Fv2%2Fmedia&parent=16939"}],"wp:term":[{"taxonomy":"category","embeddable":true,"href":"https:\/\/www.agriatv.hu\/index.php?rest_route=%2Fwp%2Fv2%2Fcategories&post=16939"},{"taxonomy":"post_tag","embeddable":true,"href":"https:\/\/www.agriatv.hu\/index.php?rest_route=%2Fwp%2Fv2%2Ftags&post=16939"}],"curies":[{"name":"wp","href":"https:\/\/api.w.org\/{rel}","templated":true}]}}