{"id":17011,"date":"2017-01-28T20:30:11","date_gmt":"2017-01-28T20:30:11","guid":{"rendered":"http:\/\/www.agriatv.hu\/?p=17011"},"modified":"2017-01-28T20:30:11","modified_gmt":"2017-01-28T20:30:11","slug":"tomegek-keltek-at-a-jeges-balatonon","status":"publish","type":"post","link":"https:\/\/www.agriatv.hu\/?p=17011","title":{"rendered":"T\u00f6megek keltek \u00e1t a jeges Balatonon"},"content":{"rendered":"<p style=\"text-align: justify;\"><a href=\"https:\/\/www.agriatv.hu\/wp-content\/uploads\/2017\/01\/530701.325x183.jpg\"><img loading=\"lazy\" decoding=\"async\" class=\"alignleft  wp-image-17012\" src=\"https:\/\/www.agriatv.hu\/wp-content\/uploads\/2017\/01\/530701.325x183-300x169.jpg\" alt=\"\" width=\"201\" height=\"113\" srcset=\"https:\/\/www.agriatv.hu\/wp-content\/uploads\/2017\/01\/530701.325x183-300x169.jpg 300w, https:\/\/www.agriatv.hu\/wp-content\/uploads\/2017\/01\/530701.325x183.jpg 325w\" sizes=\"auto, (max-width: 201px) 100vw, 201px\" \/><\/a>Ezrek t\u00f6lt\u00f6tt\u00e9k a szabadban a mai napot: volt aki Badacsony \u00e9s Fony\u00f3d k\u00f6z\u00f6tt, korcsoly\u00e1val, biciklivel vagy gyalog \u00e1tkelt a Balatonon, de akadt, aki Balatonlell\u00e9n a j\u00e9gb\u00e1rban iszogatott. M\u00e1traszentistv\u00e1non telth\u00e1zas h\u00f3fesztiv\u00e1lt tartottak, ahol t\u00f6bb sz\u00e1zan vehetettek r\u00e9szt ingyenes s\u00edoktat\u00e1son.<\/p>\n<p><iframe loading=\"lazy\" src=\"http:\/\/tenyek.hu\/neoplayer\/tv2\/embed\/228697_tomegek-keltek-at-a-jeges-balatonon.html\" width=\"640\" height=\"360\" frameborder=\"0\" scrolling=\"no\" allowfullscreen=\"allowfullscreen\"><\/iframe><\/p>\n","protected":false},"excerpt":{"rendered":"<p>Ezrek t\u00f6lt\u00f6tt\u00e9k a szabadban a mai napot: volt aki Badacsony \u00e9s Fony\u00f3d k\u00f6z\u00f6tt, korcsoly\u00e1val, biciklivel vagy gyalog \u00e1tkelt a Balatonon, de akadt, aki Balatonlell\u00e9n a j\u00e9gb\u00e1rban iszogatott. M\u00e1traszentistv\u00e1non telth\u00e1zas h\u00f3fesztiv\u00e1lt tartottak, ahol t\u00f6bb sz\u00e1zan vehetettek r\u00e9szt ingyenes s\u00edoktat\u00e1son.<\/p>\n","protected":false},"author":4,"featured_media":0,"comment_status":"open","ping_status":"closed","sticky":false,"template":"","format":"standard","meta":{"footnotes":""},"categories":[6,19,4],"tags":[2294,194,1619,1947,831,1542],"class_list":["post-17011","post","type-post","status-publish","format-standard","hentry","category-belfold","category-egeszseg","category-szabadido","tag-balaton","tag-fesztival","tag-matraszentistvan","tag-retro","tag-si","tag-sipark"],"_links":{"self":[{"href":"https:\/\/www.agriatv.hu\/index.php?rest_route=\/wp\/v2\/posts\/17011","targetHints":{"allow":["GET"]}}],"collection":[{"href":"https:\/\/www.agriatv.hu\/index.php?rest_route=\/wp\/v2\/posts"}],"about":[{"href":"https:\/\/www.agriatv.hu\/index.php?rest_route=\/wp\/v2\/types\/post"}],"author":[{"embeddable":true,"href":"https:\/\/www.agriatv.hu\/index.php?rest_route=\/wp\/v2\/users\/4"}],"replies":[{"embeddable":true,"href":"https:\/\/www.agriatv.hu\/index.php?rest_route=%2Fwp%2Fv2%2Fcomments&post=17011"}],"version-history":[{"count":1,"href":"https:\/\/www.agriatv.hu\/index.php?rest_route=\/wp\/v2\/posts\/17011\/revisions"}],"predecessor-version":[{"id":17013,"href":"https:\/\/www.agriatv.hu\/index.php?rest_route=\/wp\/v2\/posts\/17011\/revisions\/17013"}],"wp:attachment":[{"href":"https:\/\/www.agriatv.hu\/index.php?rest_route=%2Fwp%2Fv2%2Fmedia&parent=17011"}],"wp:term":[{"taxonomy":"category","embeddable":true,"href":"https:\/\/www.agriatv.hu\/index.php?rest_route=%2Fwp%2Fv2%2Fcategories&post=17011"},{"taxonomy":"post_tag","embeddable":true,"href":"https:\/\/www.agriatv.hu\/index.php?rest_route=%2Fwp%2Fv2%2Ftags&post=17011"}],"curies":[{"name":"wp","href":"https:\/\/api.w.org\/{rel}","templated":true}]}}