{"id":17020,"date":"2017-01-29T20:49:04","date_gmt":"2017-01-29T20:49:04","guid":{"rendered":"http:\/\/www.agriatv.hu\/?p=17020"},"modified":"2017-01-29T20:49:04","modified_gmt":"2017-01-29T20:49:04","slug":"osszevesztek-otthagyta-a-jegen","status":"publish","type":"post","link":"https:\/\/www.agriatv.hu\/?p=17020","title":{"rendered":"\u00d6sszevesztek, otthagyta a j\u00e9gen"},"content":{"rendered":"<p style=\"text-align: justify;\"><a href=\"https:\/\/www.agriatv.hu\/wp-content\/uploads\/2017\/01\/530723.325x183.jpg\"><img loading=\"lazy\" decoding=\"async\" class=\"alignleft wp-image-17021\" src=\"https:\/\/www.agriatv.hu\/wp-content\/uploads\/2017\/01\/530723.325x183-300x169.jpg\" alt=\"\" width=\"195\" height=\"110\" srcset=\"https:\/\/www.agriatv.hu\/wp-content\/uploads\/2017\/01\/530723.325x183-300x169.jpg 300w, https:\/\/www.agriatv.hu\/wp-content\/uploads\/2017\/01\/530723.325x183.jpg 325w\" sizes=\"auto, (max-width: 195px) 100vw, 195px\" \/><\/a>Elt\u00e9vedt egy 68 \u00e9ves asszony a k\u00f6dben &#8211; fagyban Poroszl\u00f3n\u00e1l a Tisza-tavon. T\u00far\u00e1zni ment f\u00e9rj\u00e9vel, de \u00fatk\u00f6zben \u00f6sszevesztek, ez\u00e9rt a f\u00e9rfi visszament a partra. A n\u0151 ijedten h\u00edvta a rend\u0151r\u00f6ket, hogy nem tudja hol van, m\u00e1sf\u00e9l \u00f3ra bolyong\u00e1s ut\u00e1n jutott ki a partra \u00dajl\u0151rincfalv\u00e1n\u00e1l. Csorn\u00e1n\u00e1l pedig egy 73 \u00e9ves n\u0151 aut\u00f3j\u00e1val az \u00e1rokba cs\u00faszott. A jeges v\u00edzben tal\u00e1ltak r\u00e1 a rend\u0151r\u00f6k. M\u00e1r nem tudott besz\u00e9lni, teljesen \u00e1tfagyott.<\/p>\n<p><iframe loading=\"lazy\" src=\"http:\/\/tenyek.hu\/neoplayer\/tv2\/embed\/228718_osszevesztek-otthagyta-a-jegen.html\" width=\"640\" height=\"360\" frameborder=\"0\" scrolling=\"no\" allowfullscreen=\"allowfullscreen\"><\/iframe><\/p>\n","protected":false},"excerpt":{"rendered":"<p>Elt\u00e9vedt egy 68 \u00e9ves asszony a k\u00f6dben &#8211; fagyban Poroszl\u00f3n\u00e1l a Tisza-tavon. T\u00far\u00e1zni ment f\u00e9rj\u00e9vel, de \u00fatk\u00f6zben \u00f6sszevesztek, ez\u00e9rt a f\u00e9rfi visszament a partra. A n\u0151 ijedten h\u00edvta a rend\u0151r\u00f6ket, hogy nem tudja hol van, m\u00e1sf\u00e9l \u00f3ra bolyong\u00e1s ut\u00e1n jutott ki a partra \u00dajl\u0151rincfalv\u00e1n\u00e1l. Csorn\u00e1n\u00e1l pedig egy 73 \u00e9ves n\u0151 aut\u00f3j\u00e1val az \u00e1rokba cs\u00faszott. A [&#8230;]<\/p>\n","protected":false},"author":4,"featured_media":0,"comment_status":"open","ping_status":"closed","sticky":false,"template":"","format":"standard","meta":{"footnotes":""},"categories":[6,5,4],"tags":[1304,2592,111,243,2674],"class_list":["post-17020","post","type-post","status-publish","format-standard","hentry","category-belfold","category-kek-hirek","category-szabadido","tag-jeg","tag-kod","tag-tisza-to","tag-tura","tag-vita"],"_links":{"self":[{"href":"https:\/\/www.agriatv.hu\/index.php?rest_route=\/wp\/v2\/posts\/17020","targetHints":{"allow":["GET"]}}],"collection":[{"href":"https:\/\/www.agriatv.hu\/index.php?rest_route=\/wp\/v2\/posts"}],"about":[{"href":"https:\/\/www.agriatv.hu\/index.php?rest_route=\/wp\/v2\/types\/post"}],"author":[{"embeddable":true,"href":"https:\/\/www.agriatv.hu\/index.php?rest_route=\/wp\/v2\/users\/4"}],"replies":[{"embeddable":true,"href":"https:\/\/www.agriatv.hu\/index.php?rest_route=%2Fwp%2Fv2%2Fcomments&post=17020"}],"version-history":[{"count":1,"href":"https:\/\/www.agriatv.hu\/index.php?rest_route=\/wp\/v2\/posts\/17020\/revisions"}],"predecessor-version":[{"id":17022,"href":"https:\/\/www.agriatv.hu\/index.php?rest_route=\/wp\/v2\/posts\/17020\/revisions\/17022"}],"wp:attachment":[{"href":"https:\/\/www.agriatv.hu\/index.php?rest_route=%2Fwp%2Fv2%2Fmedia&parent=17020"}],"wp:term":[{"taxonomy":"category","embeddable":true,"href":"https:\/\/www.agriatv.hu\/index.php?rest_route=%2Fwp%2Fv2%2Fcategories&post=17020"},{"taxonomy":"post_tag","embeddable":true,"href":"https:\/\/www.agriatv.hu\/index.php?rest_route=%2Fwp%2Fv2%2Ftags&post=17020"}],"curies":[{"name":"wp","href":"https:\/\/api.w.org\/{rel}","templated":true}]}}