{"id":17038,"date":"2017-02-01T20:44:12","date_gmt":"2017-02-01T20:44:12","guid":{"rendered":"http:\/\/www.agriatv.hu\/?p=17038"},"modified":"2017-02-01T20:44:12","modified_gmt":"2017-02-01T20:44:12","slug":"tiz-eve-nem-volt-ekkora-jarvany","status":"publish","type":"post","link":"https:\/\/www.agriatv.hu\/?p=17038","title":{"rendered":"T\u00edz \u00e9ve nem volt ekkora j\u00e1rv\u00e1ny"},"content":{"rendered":"<p style=\"text-align: justify;\"><a href=\"https:\/\/www.agriatv.hu\/wp-content\/uploads\/2017\/02\/531135.325x183.jpg\"><img loading=\"lazy\" decoding=\"async\" class=\"alignleft wp-image-17039\" src=\"https:\/\/www.agriatv.hu\/wp-content\/uploads\/2017\/02\/531135.325x183-300x169.jpg\" alt=\"\" width=\"188\" height=\"106\" srcset=\"https:\/\/www.agriatv.hu\/wp-content\/uploads\/2017\/02\/531135.325x183-300x169.jpg 300w, https:\/\/www.agriatv.hu\/wp-content\/uploads\/2017\/02\/531135.325x183.jpg 325w\" sizes=\"auto, (max-width: 188px) 100vw, 188px\" \/><\/a>10 \u00e9ve nem volt akkora influenzaj\u00e1rv\u00e1ny Magyarorsz\u00e1gon, mint most. A m\u00falt h\u00e9thez k\u00e9pest m\u00e1sf\u00e9lszer t\u00f6bben betegedtek meg. A gyenges\u00e9ggel, izomf\u00e1jdalommal \u00e9s magas l\u00e1zzal j\u00e1r\u00f3 betegs\u00e9g legink\u00e1bb a gyerekeket, a fiatal feln\u0151tteket \u00e9s az id\u0151seket d\u00f6nti le a l\u00e1bukr\u00f3l. A felmeleged\u00e9s miatt tov\u00e1bb terjedhet a j\u00e1rv\u00e1ny.<\/p>\n<p><iframe loading=\"lazy\" src=\"http:\/\/tenyek.hu\/neoplayer\/tv2\/embed\/228913_tiz-eve-nem-volt-ekkora-jarvany.html\" width=\"640\" height=\"360\" frameborder=\"0\" scrolling=\"no\" allowfullscreen=\"allowfullscreen\"><\/iframe><\/p>\n","protected":false},"excerpt":{"rendered":"<p>10 \u00e9ve nem volt akkora influenzaj\u00e1rv\u00e1ny Magyarorsz\u00e1gon, mint most. A m\u00falt h\u00e9thez k\u00e9pest m\u00e1sf\u00e9lszer t\u00f6bben betegedtek meg. A gyenges\u00e9ggel, izomf\u00e1jdalommal \u00e9s magas l\u00e1zzal j\u00e1r\u00f3 betegs\u00e9g legink\u00e1bb a gyerekeket, a fiatal feln\u0151tteket \u00e9s az id\u0151seket d\u00f6nti le a l\u00e1bukr\u00f3l. A felmeleged\u00e9s miatt tov\u00e1bb terjedhet a j\u00e1rv\u00e1ny.<\/p>\n","protected":false},"author":4,"featured_media":0,"comment_status":"open","ping_status":"closed","sticky":false,"template":"","format":"standard","meta":{"footnotes":""},"categories":[6,19],"tags":[1279,1932,2364,2677,1535],"class_list":["post-17038","post","type-post","status-publish","format-standard","hentry","category-belfold","category-egeszseg","tag-beteg","tag-influenza","tag-jarvany","tag-laz","tag-orvos"],"_links":{"self":[{"href":"https:\/\/www.agriatv.hu\/index.php?rest_route=\/wp\/v2\/posts\/17038","targetHints":{"allow":["GET"]}}],"collection":[{"href":"https:\/\/www.agriatv.hu\/index.php?rest_route=\/wp\/v2\/posts"}],"about":[{"href":"https:\/\/www.agriatv.hu\/index.php?rest_route=\/wp\/v2\/types\/post"}],"author":[{"embeddable":true,"href":"https:\/\/www.agriatv.hu\/index.php?rest_route=\/wp\/v2\/users\/4"}],"replies":[{"embeddable":true,"href":"https:\/\/www.agriatv.hu\/index.php?rest_route=%2Fwp%2Fv2%2Fcomments&post=17038"}],"version-history":[{"count":1,"href":"https:\/\/www.agriatv.hu\/index.php?rest_route=\/wp\/v2\/posts\/17038\/revisions"}],"predecessor-version":[{"id":17040,"href":"https:\/\/www.agriatv.hu\/index.php?rest_route=\/wp\/v2\/posts\/17038\/revisions\/17040"}],"wp:attachment":[{"href":"https:\/\/www.agriatv.hu\/index.php?rest_route=%2Fwp%2Fv2%2Fmedia&parent=17038"}],"wp:term":[{"taxonomy":"category","embeddable":true,"href":"https:\/\/www.agriatv.hu\/index.php?rest_route=%2Fwp%2Fv2%2Fcategories&post=17038"},{"taxonomy":"post_tag","embeddable":true,"href":"https:\/\/www.agriatv.hu\/index.php?rest_route=%2Fwp%2Fv2%2Ftags&post=17038"}],"curies":[{"name":"wp","href":"https:\/\/api.w.org\/{rel}","templated":true}]}}