{"id":17041,"date":"2017-02-01T20:47:16","date_gmt":"2017-02-01T20:47:16","guid":{"rendered":"http:\/\/www.agriatv.hu\/?p=17041"},"modified":"2017-02-01T20:47:16","modified_gmt":"2017-02-01T20:47:16","slug":"balesetveszely-nincs-eleg-so-szorni","status":"publish","type":"post","link":"https:\/\/www.agriatv.hu\/?p=17041","title":{"rendered":"Balesetvesz\u00e9ly, nincs el\u00e9g s\u00f3 sz\u00f3rni"},"content":{"rendered":"<p style=\"text-align: justify;\"><a href=\"https:\/\/www.agriatv.hu\/wp-content\/uploads\/2017\/02\/531123.325x183.jpg\"><img loading=\"lazy\" decoding=\"async\" class=\"alignleft wp-image-17042\" src=\"https:\/\/www.agriatv.hu\/wp-content\/uploads\/2017\/02\/531123.325x183-300x169.jpg\" alt=\"\" width=\"224\" height=\"126\" srcset=\"https:\/\/www.agriatv.hu\/wp-content\/uploads\/2017\/02\/531123.325x183-300x169.jpg 300w, https:\/\/www.agriatv.hu\/wp-content\/uploads\/2017\/02\/531123.325x183.jpg 325w\" sizes=\"auto, (max-width: 224px) 100vw, 224px\" \/><\/a>Nincs el\u00e9g s\u00f3, hogy sz\u00f3rj\u00e1k vele az utakat, pedig azok az \u00f3nos es\u0151 \u00e9s a j\u00e9g miatt rendk\u00edv\u00fcl cs\u00fasz\u00f3sak, ami nagyon balesetvesz\u00e9lyes. A nagykeresked\u0151knek sincs el\u00e9g, \u00edgy a benzinkutakon \u00e9s az \u00e1ruh\u00e1zakban is hi\u00e1nycikk az \u00fatsz\u00f3r\u00f3 s\u00f3. Sokan emiatt norm\u00e1l asztali s\u00f3t sz\u00f3rnak a jeges utc\u00e1kra. A ment\u0151knek is sokkal t\u00f6bb most a dolguk, mivel nagyon sokan esnek el a cs\u00fasz\u00f3s utakon \u00e9s t\u00f6rik el valamij\u00fcket.<\/p>\n<p><iframe loading=\"lazy\" src=\"http:\/\/tenyek.hu\/neoplayer\/tv2\/embed\/228901_balesetveszely-nincs-eleg-so-szorni.html\" width=\"640\" height=\"360\" frameborder=\"0\" scrolling=\"no\" allowfullscreen=\"allowfullscreen\"><\/iframe><\/p>\n","protected":false},"excerpt":{"rendered":"<p>Nincs el\u00e9g s\u00f3, hogy sz\u00f3rj\u00e1k vele az utakat, pedig azok az \u00f3nos es\u0151 \u00e9s a j\u00e9g miatt rendk\u00edv\u00fcl cs\u00fasz\u00f3sak, ami nagyon balesetvesz\u00e9lyes. A nagykeresked\u0151knek sincs el\u00e9g, \u00edgy a benzinkutakon \u00e9s az \u00e1ruh\u00e1zakban is hi\u00e1nycikk az \u00fatsz\u00f3r\u00f3 s\u00f3. Sokan emiatt norm\u00e1l asztali s\u00f3t sz\u00f3rnak a jeges utc\u00e1kra. A ment\u0151knek is sokkal t\u00f6bb most a dolguk, mivel [&#8230;]<\/p>\n","protected":false},"author":4,"featured_media":0,"comment_status":"open","ping_status":"closed","sticky":false,"template":"","format":"standard","meta":{"footnotes":""},"categories":[6],"tags":[2375,2158,649,321],"class_list":["post-17041","post","type-post","status-publish","format-standard","hentry","category-belfold","tag-csuszas","tag-so","tag-ut","tag-veszely"],"_links":{"self":[{"href":"https:\/\/www.agriatv.hu\/index.php?rest_route=\/wp\/v2\/posts\/17041","targetHints":{"allow":["GET"]}}],"collection":[{"href":"https:\/\/www.agriatv.hu\/index.php?rest_route=\/wp\/v2\/posts"}],"about":[{"href":"https:\/\/www.agriatv.hu\/index.php?rest_route=\/wp\/v2\/types\/post"}],"author":[{"embeddable":true,"href":"https:\/\/www.agriatv.hu\/index.php?rest_route=\/wp\/v2\/users\/4"}],"replies":[{"embeddable":true,"href":"https:\/\/www.agriatv.hu\/index.php?rest_route=%2Fwp%2Fv2%2Fcomments&post=17041"}],"version-history":[{"count":1,"href":"https:\/\/www.agriatv.hu\/index.php?rest_route=\/wp\/v2\/posts\/17041\/revisions"}],"predecessor-version":[{"id":17043,"href":"https:\/\/www.agriatv.hu\/index.php?rest_route=\/wp\/v2\/posts\/17041\/revisions\/17043"}],"wp:attachment":[{"href":"https:\/\/www.agriatv.hu\/index.php?rest_route=%2Fwp%2Fv2%2Fmedia&parent=17041"}],"wp:term":[{"taxonomy":"category","embeddable":true,"href":"https:\/\/www.agriatv.hu\/index.php?rest_route=%2Fwp%2Fv2%2Fcategories&post=17041"},{"taxonomy":"post_tag","embeddable":true,"href":"https:\/\/www.agriatv.hu\/index.php?rest_route=%2Fwp%2Fv2%2Ftags&post=17041"}],"curies":[{"name":"wp","href":"https:\/\/api.w.org\/{rel}","templated":true}]}}