{"id":17053,"date":"2017-02-03T19:15:38","date_gmt":"2017-02-03T19:15:38","guid":{"rendered":"http:\/\/www.agriatv.hu\/?p=17053"},"modified":"2017-02-03T19:25:49","modified_gmt":"2017-02-03T19:25:49","slug":"halalra-razta-kisfiat-a-ferfi","status":"publish","type":"post","link":"https:\/\/www.agriatv.hu\/?p=17053","title":{"rendered":"Hal\u00e1lra r\u00e1zta kisfi\u00e1t a f\u00e9rfi"},"content":{"rendered":"<div id=\"cikktorzs_inner\" style=\"text-align: justify;\">\n<p><a href=\"https:\/\/www.agriatv.hu\/wp-content\/uploads\/2017\/02\/531452.325x183.jpg\"><img loading=\"lazy\" decoding=\"async\" class=\"alignleft wp-image-17054\" src=\"https:\/\/www.agriatv.hu\/wp-content\/uploads\/2017\/02\/531452.325x183-300x169.jpg\" alt=\"\" width=\"193\" height=\"109\" srcset=\"https:\/\/www.agriatv.hu\/wp-content\/uploads\/2017\/02\/531452.325x183-300x169.jpg 300w, https:\/\/www.agriatv.hu\/wp-content\/uploads\/2017\/02\/531452.325x183.jpg 325w\" sizes=\"auto, (max-width: 193px) 100vw, 193px\" \/><\/a>Kisfi\u00e1t meg\u00f6lte, kisl\u00e1ny\u00e1val pedig kis h\u00edj\u00e1n v\u00e9gzett egy recski f\u00e9rfi, aki ellen a napokban emelt v\u00e1dat a Heves Megyei F\u0151\u00fcgy\u00e9szs\u00e9g. A f\u00e9rfit ideges\u00edtette a p\u00e1r h\u00f3napos csecsem\u0151 s\u00edr\u00e1sa, ez\u00e9rt t\u00f6rt\u00e9nt a trag\u00e9dia. Amikor a kisfi\u00fa \u00fcgy\u00e9ben nyomozni kezdtek, akkor der\u00fclt ki, hogy a p\u00e1rnak volt kor\u00e1bban egy kisl\u00e1nya is, akit h\u00e1romszor vittek koponyaalapi t\u00f6r\u00e9ssel k\u00f3rh\u00e1zba. Most az \u0151 b\u00e1ntalmaz\u00e1s\u00e1val is megv\u00e1dolt\u00e1k a f\u00e9rfit.<\/p>\n<p style=\"text-align: justify;\">Ha \u00f6nt vagy ismer\u0151s\u00e9t, rokon\u00e1t er\u0151szak \u00e9ri a kapcsolat\u00e1ban, vagy ha valakir\u0151l \u00fagy v\u00e9li, emberkereskedelem \u00e1ldozata lett, akkor h\u00edvja az Orsz\u00e1gos Kr\u00edziskezel\u0151 \u00e9s Inform\u00e1ci\u00f3s Telefonszolg\u00e1latot, ami belf\u00f6ldr\u0151l minden h\u00e1l\u00f3zaton kereszt\u00fcl ingyenes: 06-80-20-55-20<\/p>\n<\/div>\n<p><iframe loading=\"lazy\" src=\"http:\/\/tenyek.hu\/neoplayer\/tv2\/embed\/229088_halalra-razta-kisfiat-a-ferfi.html\" width=\"640\" height=\"360\" frameborder=\"0\" scrolling=\"no\" allowfullscreen=\"allowfullscreen\"><\/iframe><\/p>\n","protected":false},"excerpt":{"rendered":"<p>Kisfi\u00e1t meg\u00f6lte, kisl\u00e1ny\u00e1val pedig kis h\u00edj\u00e1n v\u00e9gzett egy recski f\u00e9rfi, aki ellen a napokban emelt v\u00e1dat a Heves Megyei F\u0151\u00fcgy\u00e9szs\u00e9g. A f\u00e9rfit ideges\u00edtette a p\u00e1r h\u00f3napos csecsem\u0151 s\u00edr\u00e1sa, ez\u00e9rt t\u00f6rt\u00e9nt a trag\u00e9dia. Amikor a kisfi\u00fa \u00fcgy\u00e9ben nyomozni kezdtek, akkor der\u00fclt ki, hogy a p\u00e1rnak volt kor\u00e1bban egy kisl\u00e1nya is, akit h\u00e1romszor vittek koponyaalapi t\u00f6r\u00e9ssel k\u00f3rh\u00e1zba. [&#8230;]<\/p>\n","protected":false},"author":4,"featured_media":0,"comment_status":"open","ping_status":"closed","sticky":false,"template":"","format":"standard","meta":{"footnotes":""},"categories":[5],"tags":[320,771,533,447,2152],"class_list":["post-17053","post","type-post","status-publish","format-standard","hentry","category-kek-hirek","tag-gyermek","tag-halal","tag-recsk","tag-ugyeszseg","tag-vademeles"],"_links":{"self":[{"href":"https:\/\/www.agriatv.hu\/index.php?rest_route=\/wp\/v2\/posts\/17053","targetHints":{"allow":["GET"]}}],"collection":[{"href":"https:\/\/www.agriatv.hu\/index.php?rest_route=\/wp\/v2\/posts"}],"about":[{"href":"https:\/\/www.agriatv.hu\/index.php?rest_route=\/wp\/v2\/types\/post"}],"author":[{"embeddable":true,"href":"https:\/\/www.agriatv.hu\/index.php?rest_route=\/wp\/v2\/users\/4"}],"replies":[{"embeddable":true,"href":"https:\/\/www.agriatv.hu\/index.php?rest_route=%2Fwp%2Fv2%2Fcomments&post=17053"}],"version-history":[{"count":1,"href":"https:\/\/www.agriatv.hu\/index.php?rest_route=\/wp\/v2\/posts\/17053\/revisions"}],"predecessor-version":[{"id":17055,"href":"https:\/\/www.agriatv.hu\/index.php?rest_route=\/wp\/v2\/posts\/17053\/revisions\/17055"}],"wp:attachment":[{"href":"https:\/\/www.agriatv.hu\/index.php?rest_route=%2Fwp%2Fv2%2Fmedia&parent=17053"}],"wp:term":[{"taxonomy":"category","embeddable":true,"href":"https:\/\/www.agriatv.hu\/index.php?rest_route=%2Fwp%2Fv2%2Fcategories&post=17053"},{"taxonomy":"post_tag","embeddable":true,"href":"https:\/\/www.agriatv.hu\/index.php?rest_route=%2Fwp%2Fv2%2Ftags&post=17053"}],"curies":[{"name":"wp","href":"https:\/\/api.w.org\/{rel}","templated":true}]}}