{"id":17330,"date":"2017-04-02T21:35:55","date_gmt":"2017-04-02T21:35:55","guid":{"rendered":"http:\/\/www.agriatv.hu\/?p=17330"},"modified":"2017-04-02T21:35:55","modified_gmt":"2017-04-02T21:35:55","slug":"eletveszelyes-vasuti-atkelo","status":"publish","type":"post","link":"https:\/\/www.agriatv.hu\/?p=17330","title":{"rendered":"\u00c9letvesz\u00e9lyes vas\u00fati \u00e1tkel\u0151"},"content":{"rendered":"<p style=\"text-align: justify;\"><a href=\"https:\/\/www.agriatv.hu\/wp-content\/uploads\/2017\/04\/538652.325x183.jpg\"><img loading=\"lazy\" decoding=\"async\" class=\"alignleft wp-image-17331\" src=\"https:\/\/www.agriatv.hu\/wp-content\/uploads\/2017\/04\/538652.325x183-300x169.jpg\" alt=\"\" width=\"186\" height=\"105\" srcset=\"https:\/\/www.agriatv.hu\/wp-content\/uploads\/2017\/04\/538652.325x183-300x169.jpg 300w, https:\/\/www.agriatv.hu\/wp-content\/uploads\/2017\/04\/538652.325x183.jpg 325w\" sizes=\"auto, (max-width: 186px) 100vw, 186px\" \/><\/a>\u00c9letvesz\u00e9lyes, elromlott soromp\u00f3 miatt hars\u00e1nyan dud\u00e1lnak egy vas\u00fati \u00e1tj\u00e1r\u00f3n\u00e1l a vonatok az egri V\u00e1r\u00e1lom\u00e1sn\u00e1l, erre \u00e9bredtek a k\u00f6rny\u00e9ken lak\u00f3k hajnalban. A soromp\u00f3 szabadr\u00f3l p\u00e1r pillanatra pirosra v\u00e1lt, majd vissza, vagy indok n\u00e9lk\u00fcl lecsuk\u00f3dik, az aut\u00f3sok nem mernek elindulni a s\u00ednek fel\u00e9, nem tudj\u00e1k ugyanis hogy a l\u00e1mpa \u00e9ppen j\u00f3-e, j\u00f6n a vonat vagy sem. Nem is el\u0151sz\u00f6r romlott el.<\/p>\n<p><iframe loading=\"lazy\" src=\"http:\/\/tenyek.hu\/neoplayer\/tv2\/embed\/232754_eletveszelyes-vasuti-atkelo.html\" width=\"640\" height=\"360\" frameborder=\"0\" scrolling=\"no\" allowfullscreen=\"allowfullscreen\"><\/iframe><\/p>\n","protected":false},"excerpt":{"rendered":"<p>\u00c9letvesz\u00e9lyes, elromlott soromp\u00f3 miatt hars\u00e1nyan dud\u00e1lnak egy vas\u00fati \u00e1tj\u00e1r\u00f3n\u00e1l a vonatok az egri V\u00e1r\u00e1lom\u00e1sn\u00e1l, erre \u00e9bredtek a k\u00f6rny\u00e9ken lak\u00f3k hajnalban. A soromp\u00f3 szabadr\u00f3l p\u00e1r pillanatra pirosra v\u00e1lt, majd vissza, vagy indok n\u00e9lk\u00fcl lecsuk\u00f3dik, az aut\u00f3sok nem mernek elindulni a s\u00ednek fel\u00e9, nem tudj\u00e1k ugyanis hogy a l\u00e1mpa \u00e9ppen j\u00f3-e, j\u00f6n a vonat vagy sem. Nem [&#8230;]<\/p>\n","protected":false},"author":4,"featured_media":0,"comment_status":"open","ping_status":"closed","sticky":false,"template":"","format":"standard","meta":{"footnotes":""},"categories":[6],"tags":[1750,1861,1093,321,1037],"class_list":["post-17330","post","type-post","status-publish","format-standard","hentry","category-belfold","tag-lampa","tag-sorompo","tag-vasut","tag-veszely","tag-vonat"],"_links":{"self":[{"href":"https:\/\/www.agriatv.hu\/index.php?rest_route=\/wp\/v2\/posts\/17330","targetHints":{"allow":["GET"]}}],"collection":[{"href":"https:\/\/www.agriatv.hu\/index.php?rest_route=\/wp\/v2\/posts"}],"about":[{"href":"https:\/\/www.agriatv.hu\/index.php?rest_route=\/wp\/v2\/types\/post"}],"author":[{"embeddable":true,"href":"https:\/\/www.agriatv.hu\/index.php?rest_route=\/wp\/v2\/users\/4"}],"replies":[{"embeddable":true,"href":"https:\/\/www.agriatv.hu\/index.php?rest_route=%2Fwp%2Fv2%2Fcomments&post=17330"}],"version-history":[{"count":1,"href":"https:\/\/www.agriatv.hu\/index.php?rest_route=\/wp\/v2\/posts\/17330\/revisions"}],"predecessor-version":[{"id":17332,"href":"https:\/\/www.agriatv.hu\/index.php?rest_route=\/wp\/v2\/posts\/17330\/revisions\/17332"}],"wp:attachment":[{"href":"https:\/\/www.agriatv.hu\/index.php?rest_route=%2Fwp%2Fv2%2Fmedia&parent=17330"}],"wp:term":[{"taxonomy":"category","embeddable":true,"href":"https:\/\/www.agriatv.hu\/index.php?rest_route=%2Fwp%2Fv2%2Fcategories&post=17330"},{"taxonomy":"post_tag","embeddable":true,"href":"https:\/\/www.agriatv.hu\/index.php?rest_route=%2Fwp%2Fv2%2Ftags&post=17330"}],"curies":[{"name":"wp","href":"https:\/\/api.w.org\/{rel}","templated":true}]}}