{"id":17360,"date":"2017-04-10T18:29:55","date_gmt":"2017-04-10T18:29:55","guid":{"rendered":"http:\/\/www.agriatv.hu\/?p=17360"},"modified":"2017-04-10T18:30:09","modified_gmt":"2017-04-10T18:30:09","slug":"17360","status":"publish","type":"post","link":"https:\/\/www.agriatv.hu\/?p=17360","title":{"rendered":"Lemondatn\u00e1k a polg\u00e1rmestert"},"content":{"rendered":"<p style=\"text-align: justify;\"><a href=\"https:\/\/www.agriatv.hu\/wp-content\/uploads\/2017\/04\/539924.325x183.jpg\"><img loading=\"lazy\" decoding=\"async\" class=\"alignleft wp-image-17361\" src=\"https:\/\/www.agriatv.hu\/wp-content\/uploads\/2017\/04\/539924.325x183-300x169.jpg\" alt=\"\" width=\"233\" height=\"131\" srcset=\"https:\/\/www.agriatv.hu\/wp-content\/uploads\/2017\/04\/539924.325x183-300x169.jpg 300w, https:\/\/www.agriatv.hu\/wp-content\/uploads\/2017\/04\/539924.325x183.jpg 325w\" sizes=\"auto, (max-width: 233px) 100vw, 233px\" \/><\/a>A k\u00e9pvisel\u0151test\u00fclet lemond\u00e1s\u00e1t k\u00f6vetelik egy hevesi faluban. \u00c1t\u00e1nyban r\u00e9g\u00f3ta forrnak az indulatok, t\u00f6bbek szerint ugyanis az \u00f6nkorm\u00e1nyzat k\u00e9tes \u00fcgyekben lehet \u00e9rintett, mik\u00f6zben semmit nem tesz a falu\u00e9rt. Azt mondj\u00e1k, ha es\u0151 van a ment\u0151 sem tud bejutni a faluba. A polg\u00e1rmester viszont ellenz\u00e9ki t\u00e1mad\u00e1sr\u00f3l besz\u00e9l, aminek szerinte egy\u00e1ltal\u00e1n nincs alapja.<\/p>\n<p><iframe loading=\"lazy\" src=\"http:\/\/tenyek.hu\/neoplayer\/tv2\/embed\/233350_lemondatnak-a-polgarmestert.html\" width=\"640\" height=\"360\" frameborder=\"0\" scrolling=\"no\" allowfullscreen=\"allowfullscreen\"><\/iframe><\/p>\n","protected":false},"excerpt":{"rendered":"<p>A k\u00e9pvisel\u0151test\u00fclet lemond\u00e1s\u00e1t k\u00f6vetelik egy hevesi faluban. \u00c1t\u00e1nyban r\u00e9g\u00f3ta forrnak az indulatok, t\u00f6bbek szerint ugyanis az \u00f6nkorm\u00e1nyzat k\u00e9tes \u00fcgyekben lehet \u00e9rintett, mik\u00f6zben semmit nem tesz a falu\u00e9rt. Azt mondj\u00e1k, ha es\u0151 van a ment\u0151 sem tud bejutni a faluba. A polg\u00e1rmester viszont ellenz\u00e9ki t\u00e1mad\u00e1sr\u00f3l besz\u00e9l, aminek szerinte egy\u00e1ltal\u00e1n nincs alapja.<\/p>\n","protected":false},"author":4,"featured_media":0,"comment_status":"open","ping_status":"closed","sticky":false,"template":"","format":"standard","meta":{"footnotes":""},"categories":[6,3],"tags":[1710,2716,654,217,53,829,2715],"class_list":["post-17360","post","type-post","status-publish","format-standard","hentry","category-belfold","category-politika","tag-atany","tag-indulat","tag-kepviselo","tag-onkormanyzat","tag-polgarmester","tag-tamadas","tag-testulet"],"_links":{"self":[{"href":"https:\/\/www.agriatv.hu\/index.php?rest_route=\/wp\/v2\/posts\/17360","targetHints":{"allow":["GET"]}}],"collection":[{"href":"https:\/\/www.agriatv.hu\/index.php?rest_route=\/wp\/v2\/posts"}],"about":[{"href":"https:\/\/www.agriatv.hu\/index.php?rest_route=\/wp\/v2\/types\/post"}],"author":[{"embeddable":true,"href":"https:\/\/www.agriatv.hu\/index.php?rest_route=\/wp\/v2\/users\/4"}],"replies":[{"embeddable":true,"href":"https:\/\/www.agriatv.hu\/index.php?rest_route=%2Fwp%2Fv2%2Fcomments&post=17360"}],"version-history":[{"count":2,"href":"https:\/\/www.agriatv.hu\/index.php?rest_route=\/wp\/v2\/posts\/17360\/revisions"}],"predecessor-version":[{"id":17363,"href":"https:\/\/www.agriatv.hu\/index.php?rest_route=\/wp\/v2\/posts\/17360\/revisions\/17363"}],"wp:attachment":[{"href":"https:\/\/www.agriatv.hu\/index.php?rest_route=%2Fwp%2Fv2%2Fmedia&parent=17360"}],"wp:term":[{"taxonomy":"category","embeddable":true,"href":"https:\/\/www.agriatv.hu\/index.php?rest_route=%2Fwp%2Fv2%2Fcategories&post=17360"},{"taxonomy":"post_tag","embeddable":true,"href":"https:\/\/www.agriatv.hu\/index.php?rest_route=%2Fwp%2Fv2%2Ftags&post=17360"}],"curies":[{"name":"wp","href":"https:\/\/api.w.org\/{rel}","templated":true}]}}