{"id":17433,"date":"2017-03-29T17:07:14","date_gmt":"2017-03-29T17:07:14","guid":{"rendered":"http:\/\/www.agriatv.hu\/?p=17433"},"modified":"2017-04-22T17:14:54","modified_gmt":"2017-04-22T17:14:54","slug":"irodalom-es-turazas-biharban","status":"publish","type":"post","link":"https:\/\/www.agriatv.hu\/?p=17433","title":{"rendered":"Irodalom \u00e9s T\u00far\u00e1z\u00e1s Biharban"},"content":{"rendered":"<p style=\"text-align: justify;\"><a href=\"https:\/\/www.agriatv.hu\/wp-content\/uploads\/2017\/04\/67.jpg\"><img loading=\"lazy\" decoding=\"async\" class=\"alignleft wp-image-17434\" src=\"https:\/\/www.agriatv.hu\/wp-content\/uploads\/2017\/04\/67-300x200.jpg\" alt=\"\" width=\"179\" height=\"119\" srcset=\"https:\/\/www.agriatv.hu\/wp-content\/uploads\/2017\/04\/67-300x200.jpg 300w, https:\/\/www.agriatv.hu\/wp-content\/uploads\/2017\/04\/67-768x512.jpg 768w, https:\/\/www.agriatv.hu\/wp-content\/uploads\/2017\/04\/67-1024x683.jpg 1024w, https:\/\/www.agriatv.hu\/wp-content\/uploads\/2017\/04\/67.jpg 1620w\" sizes=\"auto, (max-width: 179px) 100vw, 179px\" \/><\/a>A Hatvani Kod\u00e1ly Zolt\u00e1n \u00c9rt\u00e9kk\u00f6zvet\u00edt\u0151 \u00e9s K\u00e9pess\u00e9gfejleszt\u0151 \u00c1ltal\u00e1nos Iskola 26 hetedik, 4 nyolcadik oszt\u00e1lyos tanul\u00f3ja \u00e9s 3 k\u00eds\u00e9r\u0151 pedag\u00f3gus a HAT-16-01-0650 p\u00e1ly\u00e1zat keret\u00e9ben tanulm\u00e1nyi kir\u00e1ndul\u00e1son vett r\u00e9szt, 2017. m\u00e1rcius 13. \u00e9s 15. k\u00f6z\u00f6tt.<\/p>\n<p style=\"text-align: justify;\">P\u00e1lyamunk\u00e1nk c\u00edme: \u201eIrodalom \u00e9s t\u00far\u00e1z\u00e1s Biharban\u201d.<\/p>\n<p style=\"text-align: justify;\">Els\u0151 meg\u00e1ll\u00f3nk Nagyv\u00e1rad volt, ahol a r\u00f3mai katolikus sz\u00e9kesegyh\u00e1zat \u00e9s a v\u00e1ros sz\u00fcl\u00f6tt\u00e9nek, Szent L\u00e1szl\u00f3 kir\u00e1lyunknak a szobr\u00e1t tekintett\u00fck meg. Els\u00e9t\u00e1ltunk a Pet\u0151fi-parkba, ahol koszor\u00fat helyezt\u00fcnk el Pet\u0151fi S\u00e1ndor szobr\u00e1n\u00e1l, majd ell\u00e1togattunk Ady Endre t\u00f6rzshely\u00e9re is, az EMKE k\u00e1v\u00e9h\u00e1zba. Ezut\u00e1n v\u00e1rosn\u00e9z\u0151 s\u00e9t\u00e1t tett\u00fcnk Nagyv\u00e1rad t\u00f6rt\u00e9nelmi eml\u00e9kekkel, szobrokkal, sz\u00e9p terekkel \u00e9kes\u00edtett k\u00f6zpontj\u00e1ban. Utunk Nagyszalont\u00e1ra vezetett, ahol Arany J\u00e1nos \u201enyom\u00e1ban j\u00e1rtunk\u201d. Megtekintett\u00fck a Toldi szerz\u0151j\u00e9nek szobr\u00e1t a l\u00edceum el\u0151tt, a sz\u00fcl\u0151h\u00e1z hely\u00e9n \u00e1ll\u00f3 eml\u00e9kh\u00e1zat \u00e9s a Csonka-toronyban berendezett eml\u00e9kki\u00e1ll\u00edt\u00e1st. Ell\u00e1togattunk a szalontai gyermekotthonba, ahol a fi\u00fak futballm\u00e9rk\u0151z\u00e9sen m\u00e9rhett\u00e9k \u00f6ssze a tud\u00e1sukat. A nap v\u00e9g\u00e9n pedig \u00e1tadtuk a gyerekeknek gy\u0171jt\u00f6tt j\u00e1t\u00e9k- \u00e9s k\u00f6nyvadom\u00e1nyunkat.<\/p>\n<p style=\"text-align: justify;\">A m\u00e1sodik napon az UNESCO vil\u00e1g\u00f6r\u00f6ks\u00e9gek\u00e9nt tartott a P\u00e1dis-fenns\u00edkra kir\u00e1ndultunk, ahol j\u00e1rtas t\u00faravezet\u0151nk, Andr\u00e1s ir\u00e1ny\u00edt\u00e1s\u00e1val k\u00f6zel 10 kilom\u00e9tert tett\u00fcnk meg a 40-60 cm-es h\u00f3ban. A havas kalandok ut\u00e1n a Glavoj-r\u00e9ten pihent\u00fcnk meg.<\/p>\n<p style=\"text-align: justify;\">A harmadik \u00e9s egyben kir\u00e1ndul\u00e1sunk utols\u00f3 napj\u00e1n K\u00f6r\u00f6st\u00e1rk\u00e1nyba ment\u00fcnk. G\u00e1bor Ferenc neves \u00edr\u00f3 \u00e9s helyt\u00f6rt\u00e9n\u00e9sz mes\u00e9lt a t\u00e1rk\u00e1nyi hagyom\u00e1nyokr\u00f3l \u00e9s ler\u00f3ttuk kegyelet\u00fcnket a m\u00e1rciusi esem\u00e9nyek \u00e1ldozatai el\u0151tt. V\u00e1rasfenesen a k\u00f6rny\u00e9k leggazdagabb t\u00e1jh\u00e1z\u00e1t, \u00e9s a Gy\u0151rffy Istv\u00e1n N\u00e9pismereti Otthon ki\u00e1ll\u00edt\u00e1s\u00e1t n\u00e9zt\u00fck meg, majd a Kir\u00e1lyerd\u0151 vadreg\u00e9nyes t\u00e1jain haladtunk az \u00e9rmell\u00e9ki ter\u00fcletekre. \u00c9rmindszenten Ady Endre sz\u00fcl\u0151h\u00e1z\u00e1t \u00e9s a benne ki\u00e1ll\u00edtott szem\u00e9lyes t\u00e1rgyakat, majd Nagyk\u00e1rolyban a fel\u00faj\u00edtott K\u00e1rolyi-kast\u00e9lyt j\u00e1rtuk be.<\/p>\n<p style=\"text-align: justify;\">Kir\u00e1ndul\u00e1sunk megval\u00f3s\u00edt\u00e1s\u00e1t az Emberi Er\u0151forr\u00e1s T\u00e1mogat\u00e1skezel\u0151 897 000 Ft-tal t\u00e1mogatta. K\u00f6sz\u00f6nj\u00fck az eml\u00e9kezetes utat!<\/p>\n<p style=\"text-align: justify;\">\n<div class=\"youtube-embed ye-container\" itemprop=\"video\" itemscope itemtype=\"https:\/\/schema.org\/VideoObject\">\n\t<meta itemprop=\"url\" content=\"https:\/\/www.youtube.com\/v\/pitdYiLcNaQ\" \/>\n\t<meta itemprop=\"name\" content=\"Irodalom \u00e9s T\u00far\u00e1z\u00e1s Biharban\" \/>\n\t<meta itemprop=\"description\" content=\"Irodalom \u00e9s T\u00far\u00e1z\u00e1s Biharban\" \/>\n\t<meta itemprop=\"uploadDate\" content=\"2017-03-29T17:07:14+00:00\" \/>\n\t<meta itemprop=\"thumbnailUrl\" content=\"https:\/\/i.ytimg.com\/vi\/pitdYiLcNaQ\/default.jpg\" \/>\n\t<meta itemprop=\"embedUrl\" content=\"https:\/\/www.youtube.com\/embed\/pitdYiLcNaQ\" \/>\n\t<meta itemprop=\"height\" content=\"1080\" \/>\n\t<meta itemprop=\"width\" content=\"1920\" \/>\n\t<iframe loading=\"lazy\" style=\"border: 0;\" class=\"youtube-player\" width=\"1920\" height=\"1080\" src=\"https:\/\/www.youtube.com\/embed\/pitdYiLcNaQ?modestbranding=1&fs=0&rel=0\"><\/iframe>\n<\/div>\n<\/p>\n","protected":false},"excerpt":{"rendered":"<p>A Hatvani Kod\u00e1ly Zolt\u00e1n \u00c9rt\u00e9kk\u00f6zvet\u00edt\u0151 \u00e9s K\u00e9pess\u00e9gfejleszt\u0151 \u00c1ltal\u00e1nos Iskola 26 hetedik, 4 nyolcadik oszt\u00e1lyos tanul\u00f3ja \u00e9s 3 k\u00eds\u00e9r\u0151 pedag\u00f3gus a HAT-16-01-0650 p\u00e1ly\u00e1zat keret\u00e9ben tanulm\u00e1nyi kir\u00e1ndul\u00e1son vett r\u00e9szt, 2017. m\u00e1rcius 13. \u00e9s 15. k\u00f6z\u00f6tt.<br \/>\nP\u00e1lyamunk\u00e1nk c\u00edme: \u201eIrodalom \u00e9s t\u00far\u00e1z\u00e1s Biharban\u201d.<br \/>\nEls\u0151 meg\u00e1ll\u00f3nk Nagyv\u00e1rad volt, ahol a r\u00f3mai katolikus sz\u00e9kesegyh\u00e1zat \u00e9s a v\u00e1ros sz\u00fcl\u00f6tt\u00e9nek, Szent L\u00e1szl\u00f3 kir\u00e1lyunknak a szobr\u00e1t [&#8230;]<\/p>\n","protected":false},"author":4,"featured_media":0,"comment_status":"open","ping_status":"closed","sticky":false,"template":"","format":"standard","meta":{"footnotes":""},"categories":[6,7,8,9,4],"tags":[2730,236,1052,133,243],"class_list":["post-17433","post","type-post","status-publish","format-standard","hentry","category-belfold","category-kulfold","category-kultura","category-oktatas","category-szabadido","tag-bihar","tag-hatvan","tag-irodalom","tag-iskola","tag-tura"],"_links":{"self":[{"href":"https:\/\/www.agriatv.hu\/index.php?rest_route=\/wp\/v2\/posts\/17433","targetHints":{"allow":["GET"]}}],"collection":[{"href":"https:\/\/www.agriatv.hu\/index.php?rest_route=\/wp\/v2\/posts"}],"about":[{"href":"https:\/\/www.agriatv.hu\/index.php?rest_route=\/wp\/v2\/types\/post"}],"author":[{"embeddable":true,"href":"https:\/\/www.agriatv.hu\/index.php?rest_route=\/wp\/v2\/users\/4"}],"replies":[{"embeddable":true,"href":"https:\/\/www.agriatv.hu\/index.php?rest_route=%2Fwp%2Fv2%2Fcomments&post=17433"}],"version-history":[{"count":1,"href":"https:\/\/www.agriatv.hu\/index.php?rest_route=\/wp\/v2\/posts\/17433\/revisions"}],"predecessor-version":[{"id":17435,"href":"https:\/\/www.agriatv.hu\/index.php?rest_route=\/wp\/v2\/posts\/17433\/revisions\/17435"}],"wp:attachment":[{"href":"https:\/\/www.agriatv.hu\/index.php?rest_route=%2Fwp%2Fv2%2Fmedia&parent=17433"}],"wp:term":[{"taxonomy":"category","embeddable":true,"href":"https:\/\/www.agriatv.hu\/index.php?rest_route=%2Fwp%2Fv2%2Fcategories&post=17433"},{"taxonomy":"post_tag","embeddable":true,"href":"https:\/\/www.agriatv.hu\/index.php?rest_route=%2Fwp%2Fv2%2Ftags&post=17433"}],"curies":[{"name":"wp","href":"https:\/\/api.w.org\/{rel}","templated":true}]}}