{"id":17621,"date":"2017-05-28T16:53:43","date_gmt":"2017-05-28T16:53:43","guid":{"rendered":"http:\/\/www.agriatv.hu\/?p=17621"},"modified":"2017-05-28T16:53:52","modified_gmt":"2017-05-28T16:53:52","slug":"fagyi-hinta-vattacukor-gyermeknap-egerben","status":"publish","type":"post","link":"https:\/\/www.agriatv.hu\/?p=17621","title":{"rendered":"Fagyi, hinta, vattacukor: gyermeknap Egerben"},"content":{"rendered":"<p style=\"text-align: justify;\"><a href=\"https:\/\/www.agriatv.hu\/wp-content\/uploads\/2017\/05\/f-7.jpg\"><img loading=\"lazy\" decoding=\"async\" class=\"alignleft wp-image-17622\" src=\"https:\/\/www.agriatv.hu\/wp-content\/uploads\/2017\/05\/f-7-300x169.jpg\" alt=\"\" width=\"218\" height=\"123\" srcset=\"https:\/\/www.agriatv.hu\/wp-content\/uploads\/2017\/05\/f-7-300x169.jpg 300w, https:\/\/www.agriatv.hu\/wp-content\/uploads\/2017\/05\/f-7-768x432.jpg 768w, https:\/\/www.agriatv.hu\/wp-content\/uploads\/2017\/05\/f-7-1024x576.jpg 1024w, https:\/\/www.agriatv.hu\/wp-content\/uploads\/2017\/05\/f-7.jpg 1920w\" sizes=\"auto, (max-width: 218px) 100vw, 218px\" \/><\/a>Soksz\u00edn\u0171 programok \u00e9s ami szem-sz\u00e1jnak ingere, azt mind megtal\u00e1lhatt\u00e1k ma az \u00c9rsekkertbe l\u00e1togat\u00f3k.<\/p>\n<p style=\"text-align: justify;\">Gy\u00f6ny\u00f6r\u0171 naps\u00fct\u00e9s v\u00e1rta ma a gyerekeket \u00e9s sz\u00fcleiket az EKMK \u00e1ltal szervezett programokon. Kipr\u00f3b\u00e1lhatt\u00e1k a harckocsit, \u00fclhettek traktorban, lehettek ment\u0151s\u00f6k.<\/p>\n<p style=\"text-align: justify;\">\n<div class=\"youtube-embed ye-container\" itemprop=\"video\" itemscope itemtype=\"https:\/\/schema.org\/VideoObject\">\n\t<meta itemprop=\"url\" content=\"https:\/\/www.youtube.com\/v\/CeUoyzQn9CQ\" \/>\n\t<meta itemprop=\"name\" content=\"Fagyi, hinta, vattacukor: gyermeknap Egerben\" \/>\n\t<meta itemprop=\"description\" content=\"Fagyi, hinta, vattacukor: gyermeknap Egerben\" \/>\n\t<meta itemprop=\"uploadDate\" content=\"2017-05-28T16:53:43+00:00\" \/>\n\t<meta itemprop=\"thumbnailUrl\" content=\"https:\/\/i.ytimg.com\/vi\/CeUoyzQn9CQ\/default.jpg\" \/>\n\t<meta itemprop=\"embedUrl\" content=\"https:\/\/www.youtube.com\/embed\/CeUoyzQn9CQ\" \/>\n\t<meta itemprop=\"height\" content=\"1080\" \/>\n\t<meta itemprop=\"width\" content=\"1920\" \/>\n\t<iframe loading=\"lazy\" style=\"border: 0;\" class=\"youtube-player\" width=\"1920\" height=\"1080\" src=\"https:\/\/www.youtube.com\/embed\/CeUoyzQn9CQ?modestbranding=1&fs=0&rel=0\"><\/iframe>\n<\/div>\n<\/p>\n","protected":false},"excerpt":{"rendered":"<p>Soksz\u00edn\u0171 programok \u00e9s ami szem-sz\u00e1jnak ingere, azt mind megtal\u00e1lhatt\u00e1k ma az \u00c9rsekkertbe l\u00e1togat\u00f3k.<br \/>\nGy\u00f6ny\u00f6r\u0171 naps\u00fct\u00e9s v\u00e1rta ma a gyerekeket \u00e9s sz\u00fcleiket az EKMK \u00e1ltal szervezett programokon. Kipr\u00f3b\u00e1lhatt\u00e1k a harckocsit, \u00fclhettek traktorban, lehettek ment\u0151s\u00f6k.<\/p>\n","protected":false},"author":4,"featured_media":0,"comment_status":"open","ping_status":"closed","sticky":false,"template":"","format":"standard","meta":{"footnotes":""},"categories":[6,4],"tags":[36,199,1675,389],"class_list":["post-17621","post","type-post","status-publish","format-standard","hentry","category-belfold","category-szabadido","tag-eger","tag-ersekkert","tag-gyermeknap","tag-program"],"_links":{"self":[{"href":"https:\/\/www.agriatv.hu\/index.php?rest_route=\/wp\/v2\/posts\/17621","targetHints":{"allow":["GET"]}}],"collection":[{"href":"https:\/\/www.agriatv.hu\/index.php?rest_route=\/wp\/v2\/posts"}],"about":[{"href":"https:\/\/www.agriatv.hu\/index.php?rest_route=\/wp\/v2\/types\/post"}],"author":[{"embeddable":true,"href":"https:\/\/www.agriatv.hu\/index.php?rest_route=\/wp\/v2\/users\/4"}],"replies":[{"embeddable":true,"href":"https:\/\/www.agriatv.hu\/index.php?rest_route=%2Fwp%2Fv2%2Fcomments&post=17621"}],"version-history":[{"count":1,"href":"https:\/\/www.agriatv.hu\/index.php?rest_route=\/wp\/v2\/posts\/17621\/revisions"}],"predecessor-version":[{"id":17623,"href":"https:\/\/www.agriatv.hu\/index.php?rest_route=\/wp\/v2\/posts\/17621\/revisions\/17623"}],"wp:attachment":[{"href":"https:\/\/www.agriatv.hu\/index.php?rest_route=%2Fwp%2Fv2%2Fmedia&parent=17621"}],"wp:term":[{"taxonomy":"category","embeddable":true,"href":"https:\/\/www.agriatv.hu\/index.php?rest_route=%2Fwp%2Fv2%2Fcategories&post=17621"},{"taxonomy":"post_tag","embeddable":true,"href":"https:\/\/www.agriatv.hu\/index.php?rest_route=%2Fwp%2Fv2%2Ftags&post=17621"}],"curies":[{"name":"wp","href":"https:\/\/api.w.org\/{rel}","templated":true}]}}