{"id":17695,"date":"2017-06-11T22:41:28","date_gmt":"2017-06-11T22:41:28","guid":{"rendered":"http:\/\/www.agriatv.hu\/?p=17695"},"modified":"2017-06-11T22:45:35","modified_gmt":"2017-06-11T22:45:35","slug":"halalos-baleset-a-ludasi-vasuti-atjaroban","status":"publish","type":"post","link":"https:\/\/www.agriatv.hu\/?p=17695","title":{"rendered":"Hal\u00e1los baleset a ludasi vas\u00fati \u00e1tj\u00e1r\u00f3ban"},"content":{"rendered":"<p style=\"text-align: justify;\"><strong><a href=\"https:\/\/www.agriatv.hu\/wp-content\/uploads\/2017\/06\/f-5.jpg\"><img loading=\"lazy\" decoding=\"async\" class=\"alignleft wp-image-17698\" src=\"https:\/\/www.agriatv.hu\/wp-content\/uploads\/2017\/06\/f-5-300x169.jpg\" alt=\"\" width=\"222\" height=\"125\" srcset=\"https:\/\/www.agriatv.hu\/wp-content\/uploads\/2017\/06\/f-5-300x169.jpg 300w, https:\/\/www.agriatv.hu\/wp-content\/uploads\/2017\/06\/f-5-768x432.jpg 768w, https:\/\/www.agriatv.hu\/wp-content\/uploads\/2017\/06\/f-5-1024x576.jpg 1024w, https:\/\/www.agriatv.hu\/wp-content\/uploads\/2017\/06\/f-5.jpg 1920w\" sizes=\"auto, (max-width: 222px) 100vw, 222px\" \/><\/a>Egy 15 \u00e9ves fi\u00fat g\u00e1zolt hal\u00e1lra a vonat.<\/strong><\/p>\n<p style=\"text-align: justify;\">A fiatal Nagyf\u00fcged fel\u0151l k\u00f6zlekedett Ludas fel\u00e9, amikor \u00a0&#8211; \u00fagy tudjuk &#8211; ker\u00e9kp\u00e1ron \u00fclve megker\u00fclte a lez\u00e1rt soromp\u00f3t, a pirosat jelz\u0151 l\u00e1mpa ellen\u00e9re \u00e1thajtott a s\u00edneken, ahol a Budapest fel\u00e9 k\u00f6zleked\u0151 gyorsvonat elg\u00e1zolta.<\/p>\n<p style=\"text-align: justify;\">A vonat vezet\u0151je v\u00e9szf\u00e9kezett \u00e9s dud\u00e1lt, amikor megl\u00e1tta a biciklist, de meg\u00e1llni m\u00e1r es\u00e9lye sem volt. Az \u00f6sszet\u00f6rt ker\u00e9kp\u00e1rt az \u00fctk\u00f6z\u00e9s helysz\u00edn\u00e9t\u0151l mintegy negyven m\u00e9terre tal\u00e1lt\u00e1k meg. A fi\u00fa az \u00e9lettel nem \u00f6sszeegyeztethet\u0151 s\u00e9r\u00fcl\u00e9seket szenvedett.<\/p>\n<p style=\"text-align: justify;\">A baleset k\u00f6r\u00fclm\u00e9nyeit a gy\u00f6ngy\u00f6si rend\u0151rkapit\u00e1nys\u00e1g munkat\u00e1rsai vizsg\u00e1lj\u00e1k.<\/p>\n\n<div class=\"youtube-embed ye-container\" itemprop=\"video\" itemscope itemtype=\"https:\/\/schema.org\/VideoObject\">\n\t<meta itemprop=\"url\" content=\"https:\/\/www.youtube.com\/v\/xnGqQKRFuxw\" \/>\n\t<meta itemprop=\"name\" content=\"Hal\u00e1los baleset a ludasi vas\u00fati \u00e1tj\u00e1r\u00f3ban\" \/>\n\t<meta itemprop=\"description\" content=\"Hal\u00e1los baleset a ludasi vas\u00fati \u00e1tj\u00e1r\u00f3ban\" \/>\n\t<meta itemprop=\"uploadDate\" content=\"2017-06-11T22:41:28+00:00\" \/>\n\t<meta itemprop=\"thumbnailUrl\" content=\"https:\/\/i.ytimg.com\/vi\/xnGqQKRFuxw\/default.jpg\" \/>\n\t<meta itemprop=\"embedUrl\" content=\"https:\/\/www.youtube.com\/embed\/xnGqQKRFuxw\" \/>\n\t<meta itemprop=\"height\" content=\"1080\" \/>\n\t<meta itemprop=\"width\" content=\"1920\" \/>\n\t<iframe loading=\"lazy\" style=\"border: 0;\" class=\"youtube-player\" width=\"1920\" height=\"1080\" src=\"https:\/\/www.youtube.com\/embed\/xnGqQKRFuxw?modestbranding=1&fs=0&rel=0\"><\/iframe>\n<\/div>\n\n","protected":false},"excerpt":{"rendered":"<p>Egy 15 \u00e9ves fi\u00fat g\u00e1zolt hal\u00e1lra a vonat.<br \/>\nA fiatal Nagyf\u00fcged fel\u0151l k\u00f6zlekedett Ludas fel\u00e9, amikor \u00a0&#8211; \u00fagy tudjuk &#8211; ker\u00e9kp\u00e1ron \u00fclve megker\u00fclte a lez\u00e1rt soromp\u00f3t, a pirosat jelz\u0151 l\u00e1mpa ellen\u00e9re \u00e1thajtott a s\u00edneken, ahol a Budapest fel\u00e9 k\u00f6zleked\u0151 gyorsvonat elg\u00e1zolta.<br \/>\nA vonat vezet\u0151je v\u00e9szf\u00e9kezett \u00e9s dud\u00e1lt, amikor megl\u00e1tta a biciklist, de meg\u00e1llni m\u00e1r es\u00e9lye sem volt. [&#8230;]<\/p>\n","protected":false},"author":4,"featured_media":0,"comment_status":"open","ping_status":"closed","sticky":false,"template":"","format":"standard","meta":{"footnotes":""},"categories":[6,5],"tags":[41,771,234,2261,2776,1861,1037],"class_list":["post-17695","post","type-post","status-publish","format-standard","hentry","category-belfold","category-kek-hirek","tag-baleset","tag-halal","tag-kerekpar","tag-ludas","tag-piros","tag-sorompo","tag-vonat"],"_links":{"self":[{"href":"https:\/\/www.agriatv.hu\/index.php?rest_route=\/wp\/v2\/posts\/17695","targetHints":{"allow":["GET"]}}],"collection":[{"href":"https:\/\/www.agriatv.hu\/index.php?rest_route=\/wp\/v2\/posts"}],"about":[{"href":"https:\/\/www.agriatv.hu\/index.php?rest_route=\/wp\/v2\/types\/post"}],"author":[{"embeddable":true,"href":"https:\/\/www.agriatv.hu\/index.php?rest_route=\/wp\/v2\/users\/4"}],"replies":[{"embeddable":true,"href":"https:\/\/www.agriatv.hu\/index.php?rest_route=%2Fwp%2Fv2%2Fcomments&post=17695"}],"version-history":[{"count":3,"href":"https:\/\/www.agriatv.hu\/index.php?rest_route=\/wp\/v2\/posts\/17695\/revisions"}],"predecessor-version":[{"id":17699,"href":"https:\/\/www.agriatv.hu\/index.php?rest_route=\/wp\/v2\/posts\/17695\/revisions\/17699"}],"wp:attachment":[{"href":"https:\/\/www.agriatv.hu\/index.php?rest_route=%2Fwp%2Fv2%2Fmedia&parent=17695"}],"wp:term":[{"taxonomy":"category","embeddable":true,"href":"https:\/\/www.agriatv.hu\/index.php?rest_route=%2Fwp%2Fv2%2Fcategories&post=17695"},{"taxonomy":"post_tag","embeddable":true,"href":"https:\/\/www.agriatv.hu\/index.php?rest_route=%2Fwp%2Fv2%2Ftags&post=17695"}],"curies":[{"name":"wp","href":"https:\/\/api.w.org\/{rel}","templated":true}]}}