{"id":17705,"date":"2017-06-12T19:46:21","date_gmt":"2017-06-12T19:46:21","guid":{"rendered":"http:\/\/www.agriatv.hu\/?p=17705"},"modified":"2017-06-12T19:46:21","modified_gmt":"2017-06-12T19:46:21","slug":"szokokutban-husoltek-a-gyerekek","status":"publish","type":"post","link":"https:\/\/www.agriatv.hu\/?p=17705","title":{"rendered":"Sz\u00f6k\u0151k\u00fatban h\u0171s\u00f6ltek a gyerekek"},"content":{"rendered":"<p style=\"text-align: justify;\"><a href=\"https:\/\/www.agriatv.hu\/wp-content\/uploads\/2017\/06\/549305.325x183.jpg\"><img loading=\"lazy\" decoding=\"async\" class=\"alignleft  wp-image-17706\" src=\"https:\/\/www.agriatv.hu\/wp-content\/uploads\/2017\/06\/549305.325x183-300x169.jpg\" alt=\"\" width=\"209\" height=\"118\" srcset=\"https:\/\/www.agriatv.hu\/wp-content\/uploads\/2017\/06\/549305.325x183-300x169.jpg 300w, https:\/\/www.agriatv.hu\/wp-content\/uploads\/2017\/06\/549305.325x183.jpg 325w\" sizes=\"auto, (max-width: 209px) 100vw, 209px\" \/><\/a>Az eg\u00e9sz orsz\u00e1gban k\u00e1nikula volt, Budapesten 34 fokot m\u00e9rtek, ez\u00e9rt k\u00edgy\u00f3ztak a sorok a fagyiz\u00f3k el\u0151tt, de voltak, akik sz\u00f6k\u0151kutakban h\u0171s\u00f6ltek. \u00c9s sokan mentek a Balatonra is. Az extr\u00e9m melegben viszont k\u00f6nny\u0171 napsz\u00far\u00e1st vagy h\u0151gut\u00e1t kapni, r\u00e1ad\u00e1sul az UVB sug\u00e1rz\u00e1s is nagyon er\u0151s, ez\u00e9rt a meteorol\u00f3gusok azt tan\u00e1csolj\u00e1k, hogy \u00e1rny\u00e9kban, sok folyad\u00e9kkal pr\u00f3b\u00e1ljuk \u00e1tv\u00e9szelni a napokat h\u00e9tv\u00e9g\u00e9ig, akkor ugyanis m\u00e1r hidegfront j\u00f6n.<\/p>\n<p><iframe loading=\"lazy\" src=\"\/\/tenyek.hu\/neoplayer\/tv2\/embed\/237800_szokokutban-husoltek-a-gyerekek.html\" width=\"640\" height=\"360\" frameborder=\"0\" scrolling=\"no\" allowfullscreen=\"allowfullscreen\"><\/iframe><\/p>\n","protected":false},"excerpt":{"rendered":"<p>Az eg\u00e9sz orsz\u00e1gban k\u00e1nikula volt, Budapesten 34 fokot m\u00e9rtek, ez\u00e9rt k\u00edgy\u00f3ztak a sorok a fagyiz\u00f3k el\u0151tt, de voltak, akik sz\u00f6k\u0151kutakban h\u0171s\u00f6ltek. \u00c9s sokan mentek a Balatonra is. Az extr\u00e9m melegben viszont k\u00f6nny\u0171 napsz\u00far\u00e1st vagy h\u0151gut\u00e1t kapni, r\u00e1ad\u00e1sul az UVB sug\u00e1rz\u00e1s is nagyon er\u0151s, ez\u00e9rt a meteorol\u00f3gusok azt tan\u00e1csolj\u00e1k, hogy \u00e1rny\u00e9kban, sok folyad\u00e9kkal pr\u00f3b\u00e1ljuk \u00e1tv\u00e9szelni a [&#8230;]<\/p>\n","protected":false},"author":4,"featured_media":0,"comment_status":"open","ping_status":"closed","sticky":false,"template":"","format":"standard","meta":{"footnotes":""},"categories":[6,19,4],"tags":[899,1911,2778,389,2777,2779],"class_list":["post-17705","post","type-post","status-publish","format-standard","hentry","category-belfold","category-egeszseg","category-szabadido","tag-idojaras","tag-meleg","tag-nyaralas","tag-program","tag-sugarzas","tag-szabadter"],"_links":{"self":[{"href":"https:\/\/www.agriatv.hu\/index.php?rest_route=\/wp\/v2\/posts\/17705","targetHints":{"allow":["GET"]}}],"collection":[{"href":"https:\/\/www.agriatv.hu\/index.php?rest_route=\/wp\/v2\/posts"}],"about":[{"href":"https:\/\/www.agriatv.hu\/index.php?rest_route=\/wp\/v2\/types\/post"}],"author":[{"embeddable":true,"href":"https:\/\/www.agriatv.hu\/index.php?rest_route=\/wp\/v2\/users\/4"}],"replies":[{"embeddable":true,"href":"https:\/\/www.agriatv.hu\/index.php?rest_route=%2Fwp%2Fv2%2Fcomments&post=17705"}],"version-history":[{"count":1,"href":"https:\/\/www.agriatv.hu\/index.php?rest_route=\/wp\/v2\/posts\/17705\/revisions"}],"predecessor-version":[{"id":17707,"href":"https:\/\/www.agriatv.hu\/index.php?rest_route=\/wp\/v2\/posts\/17705\/revisions\/17707"}],"wp:attachment":[{"href":"https:\/\/www.agriatv.hu\/index.php?rest_route=%2Fwp%2Fv2%2Fmedia&parent=17705"}],"wp:term":[{"taxonomy":"category","embeddable":true,"href":"https:\/\/www.agriatv.hu\/index.php?rest_route=%2Fwp%2Fv2%2Fcategories&post=17705"},{"taxonomy":"post_tag","embeddable":true,"href":"https:\/\/www.agriatv.hu\/index.php?rest_route=%2Fwp%2Fv2%2Ftags&post=17705"}],"curies":[{"name":"wp","href":"https:\/\/api.w.org\/{rel}","templated":true}]}}