{"id":17711,"date":"2017-06-12T20:42:29","date_gmt":"2017-06-12T20:42:29","guid":{"rendered":"http:\/\/www.agriatv.hu\/?p=17711"},"modified":"2017-06-13T16:34:50","modified_gmt":"2017-06-13T16:34:50","slug":"motoros-vesztette-eletet-poroszlonal","status":"publish","type":"post","link":"https:\/\/www.agriatv.hu\/?p=17711","title":{"rendered":"Motoros vesztette \u00e9let\u00e9t Poroszl\u00f3n\u00e1l"},"content":{"rendered":"<p style=\"text-align: justify;\"><a href=\"https:\/\/www.agriatv.hu\/wp-content\/uploads\/2017\/06\/f-7.jpg\"><img loading=\"lazy\" decoding=\"async\" class=\"alignleft wp-image-17712\" src=\"https:\/\/www.agriatv.hu\/wp-content\/uploads\/2017\/06\/f-7-300x169.jpg\" alt=\"\" width=\"190\" height=\"107\" srcset=\"https:\/\/www.agriatv.hu\/wp-content\/uploads\/2017\/06\/f-7-300x169.jpg 300w, https:\/\/www.agriatv.hu\/wp-content\/uploads\/2017\/06\/f-7-768x432.jpg 768w, https:\/\/www.agriatv.hu\/wp-content\/uploads\/2017\/06\/f-7-1024x576.jpg 1024w, https:\/\/www.agriatv.hu\/wp-content\/uploads\/2017\/06\/f-7.jpg 1920w\" sizes=\"auto, (max-width: 190px) 100vw, 190px\" \/><\/a>A 33-as f\u0151\u00fat 32-es kilom\u00e9ter\u00e9ben j\u00fanius 12-\u00e9n 17 \u00f3ra 20 perc k\u00f6r\u00fcl egy motoros egy szem\u00e9lyg\u00e9pkocsival \u00fctk\u00f6z\u00f6tt \u00f6ssze, melynek k\u00f6vetkezt\u00e9ben\u00a0a motoros \u00e9let\u00e9t vesztette.<\/p>\n<p style=\"text-align: justify;\">Ketten \u00fcltek abban a Suzukiban, amely Tiszaf\u00fcred fel\u0151l Poroszl\u00f3 ir\u00e1ny\u00e1ba k\u00f6zlekedett. A kocsi vezet\u0151je elmondta: a tiszavir\u00e1gz\u00e1st akart\u00e1k megn\u00e9zni, ez\u00e9rt a parkol\u00f3n\u00e1l meg akartak fordulni. Amikor meg\u00e1lltak, azonnal bel\u00e9j\u00fck csap\u00f3dott a &#8211; szerint\u00fck \u00a0&#8211; nagy sebess\u00e9ggel k\u00f6zleked\u0151 motoros. Az \u00fctk\u00f6z\u00e9s k\u00f6vetkezt\u00e9ben a motoros el\u0151sz\u00f6r a vas\u00fati t\u00f6lt\u00e9snek rep\u00fclt, majd mintegy negyven m\u00e9tert rep\u00fclt a motor, \u00e9s m\u00e9g tov\u00e1bbi 10-et a vezet\u0151je.<\/p>\n<p style=\"text-align: justify;\">A s\u00e9r\u00fclth\u00f6z ment\u0151helikoptert is h\u00edvtak. Sok\u00e1ig k\u00fczd\u00f6ttek a 46 \u00e9ves tiszaf\u00fcredi f\u00e9rfi \u00e9let\u00e9\u00e9rt, azonban a helysz\u00ednen meghalt.<\/p>\n<p style=\"text-align: justify;\">A helysz\u00ednel\u00e9s idej\u00e9re az utat lez\u00e1rt\u00e1k.<\/p>\n<p style=\"text-align: justify;\">A baleset k\u00f6r\u00fclm\u00e9nyeit a rend\u0151rs\u00e9g vizsg\u00e1lja.<\/p>\n\n<div class=\"youtube-embed ye-container\" itemprop=\"video\" itemscope itemtype=\"https:\/\/schema.org\/VideoObject\">\n\t<meta itemprop=\"url\" content=\"https:\/\/www.youtube.com\/v\/bF-wLqaVogg\" \/>\n\t<meta itemprop=\"name\" content=\"Motoros vesztette \u00e9let\u00e9t Poroszl\u00f3n\u00e1l\" \/>\n\t<meta itemprop=\"description\" content=\"Motoros vesztette \u00e9let\u00e9t Poroszl\u00f3n\u00e1l\" \/>\n\t<meta itemprop=\"uploadDate\" content=\"2017-06-12T20:42:29+00:00\" \/>\n\t<meta itemprop=\"thumbnailUrl\" content=\"https:\/\/i.ytimg.com\/vi\/bF-wLqaVogg\/default.jpg\" \/>\n\t<meta itemprop=\"embedUrl\" content=\"https:\/\/www.youtube.com\/embed\/bF-wLqaVogg\" \/>\n\t<meta itemprop=\"height\" content=\"1080\" \/>\n\t<meta itemprop=\"width\" content=\"1920\" \/>\n\t<iframe loading=\"lazy\" style=\"border: 0;\" class=\"youtube-player\" width=\"1920\" height=\"1080\" src=\"https:\/\/www.youtube.com\/embed\/bF-wLqaVogg?modestbranding=1&fs=0&rel=0\"><\/iframe>\n<\/div>\n\n","protected":false},"excerpt":{"rendered":"<p>A 33-as f\u0151\u00fat 32-es kilom\u00e9ter\u00e9ben j\u00fanius 12-\u00e9n 17 \u00f3ra 20 perc k\u00f6r\u00fcl egy motoros egy szem\u00e9lyg\u00e9pkocsival \u00fctk\u00f6z\u00f6tt \u00f6ssze, melynek k\u00f6vetkezt\u00e9ben\u00a0a motoros \u00e9let\u00e9t vesztette.<br \/>\nKetten \u00fcltek abban a Suzukiban, amely Tiszaf\u00fcred fel\u0151l Poroszl\u00f3 ir\u00e1ny\u00e1ba k\u00f6zlekedett. A kocsi vezet\u0151je elmondta: a tiszavir\u00e1gz\u00e1st akart\u00e1k megn\u00e9zni, ez\u00e9rt a parkol\u00f3n\u00e1l meg akartak fordulni. Amikor meg\u00e1lltak, azonnal bel\u00e9j\u00fck csap\u00f3dott a &#8211; szerint\u00fck [&#8230;]<\/p>\n","protected":false},"author":4,"featured_media":0,"comment_status":"open","ping_status":"closed","sticky":false,"template":"","format":"standard","meta":{"footnotes":""},"categories":[1],"tags":[],"class_list":["post-17711","post","type-post","status-publish","format-standard","hentry","category-nincs-kategorizalva"],"_links":{"self":[{"href":"https:\/\/www.agriatv.hu\/index.php?rest_route=\/wp\/v2\/posts\/17711","targetHints":{"allow":["GET"]}}],"collection":[{"href":"https:\/\/www.agriatv.hu\/index.php?rest_route=\/wp\/v2\/posts"}],"about":[{"href":"https:\/\/www.agriatv.hu\/index.php?rest_route=\/wp\/v2\/types\/post"}],"author":[{"embeddable":true,"href":"https:\/\/www.agriatv.hu\/index.php?rest_route=\/wp\/v2\/users\/4"}],"replies":[{"embeddable":true,"href":"https:\/\/www.agriatv.hu\/index.php?rest_route=%2Fwp%2Fv2%2Fcomments&post=17711"}],"version-history":[{"count":3,"href":"https:\/\/www.agriatv.hu\/index.php?rest_route=\/wp\/v2\/posts\/17711\/revisions"}],"predecessor-version":[{"id":17719,"href":"https:\/\/www.agriatv.hu\/index.php?rest_route=\/wp\/v2\/posts\/17711\/revisions\/17719"}],"wp:attachment":[{"href":"https:\/\/www.agriatv.hu\/index.php?rest_route=%2Fwp%2Fv2%2Fmedia&parent=17711"}],"wp:term":[{"taxonomy":"category","embeddable":true,"href":"https:\/\/www.agriatv.hu\/index.php?rest_route=%2Fwp%2Fv2%2Fcategories&post=17711"},{"taxonomy":"post_tag","embeddable":true,"href":"https:\/\/www.agriatv.hu\/index.php?rest_route=%2Fwp%2Fv2%2Ftags&post=17711"}],"curies":[{"name":"wp","href":"https:\/\/api.w.org\/{rel}","templated":true}]}}