{"id":17714,"date":"2017-06-13T12:52:36","date_gmt":"2017-06-13T12:52:36","guid":{"rendered":"http:\/\/www.agriatv.hu\/?p=17714"},"modified":"2017-06-13T12:52:36","modified_gmt":"2017-06-13T12:52:36","slug":"a-targyalasrol-ugrott-ki-az-ablakon-epp-ott-jartunk","status":"publish","type":"post","link":"https:\/\/www.agriatv.hu\/?p=17714","title":{"rendered":"A t\u00e1rgyal\u00e1sr\u00f3l ugrott ki az ablakon &#8211; \u00e9pp ott j\u00e1rtunk"},"content":{"rendered":"<p class=\"Standard\" style=\"text-align: justify; text-justify: inter-ideograph;\"><a href=\"https:\/\/www.agriatv.hu\/wp-content\/uploads\/2017\/06\/f-8.jpg\"><img loading=\"lazy\" decoding=\"async\" class=\"alignleft wp-image-17715\" src=\"https:\/\/www.agriatv.hu\/wp-content\/uploads\/2017\/06\/f-8-300x169.jpg\" alt=\"\" width=\"188\" height=\"106\" srcset=\"https:\/\/www.agriatv.hu\/wp-content\/uploads\/2017\/06\/f-8-300x169.jpg 300w, https:\/\/www.agriatv.hu\/wp-content\/uploads\/2017\/06\/f-8-768x432.jpg 768w, https:\/\/www.agriatv.hu\/wp-content\/uploads\/2017\/06\/f-8-1024x576.jpg 1024w, https:\/\/www.agriatv.hu\/wp-content\/uploads\/2017\/06\/f-8.jpg 1920w\" sizes=\"auto, (max-width: 188px) 100vw, 188px\" \/><\/a>Az Egri T\u00f6rv\u00e9nysz\u00e9k 2017. j\u00fanius 13. napj\u00e1nak 10 \u00f3r\u00e1j\u00e1ra kit\u0171z\u00f6tt, m\u00e1sodfok\u00fa nyilv\u00e1nos \u00fcl\u00e9se k\u00f6zben az I. r. fiatalkor\u00fa v\u00e1dlott kiugrott a t\u00e1rgyal\u00f3terem ablak\u00e1b\u00f3l \u00e9s elszaladt. A v\u00e1dlottak lop\u00e1s \u00e9s gar\u00e1zdas\u00e1g v\u00e9ts\u00e9ge miatt \u00e1lltak b\u00edr\u00f3s\u00e1g el\u0151tt.<\/p>\n<p class=\"Standard\" style=\"text-align: justify; text-justify: inter-ideograph;\">A fiatalkor\u00fa v\u00e1dlott a Debreceni Jav\u00edt\u00f3int\u00e9zetben b\u00fcntet\u00e9s\u00e9t t\u00f6lti, onn\u00e9t sz\u00e1ll\u00edtott\u00e1k a mai \u00fcl\u00e9sre. A v\u00e1dlott az \u00edt\u00e9lethirdet\u00e9sre t\u00f6rt\u00e9nt besz\u00f3l\u00edt\u00e1s\u00e1t k\u00f6vet\u0151en a 2 m\u00e9ter magasan l\u00e9v\u0151 ablakon \u00e1t egy beton\u00e1rokba ugrott ki a t\u00f6rv\u00e9nysz\u00e9k bels\u0151 udvar\u00e1ra, majd elszaladt. A teremben jelen l\u00e9v\u0151 nevel\u0151tisztje a bej\u00e1raton kereszt\u00fcl indult ut\u00e1na \u00e9s az \u00fcl\u00e9sre \u00e9rkez\u0151, t\u00f6bbi jav\u00edt\u00f3int\u00e9zeti alkalmazottal keresni kezdt\u00e9k. A v\u00e1dlott nem a f\u0151bej\u00e1raton jutott ki a t\u00f6rv\u00e9nysz\u00e9k udvar\u00e1r\u00f3l, v\u00e9lhet\u0151en a ker\u00edt\u00e9sen m\u00e1szott \u00e1t.<\/p>\n<p class=\"Standard\" style=\"text-align: justify; text-justify: inter-ideograph;\">A t\u00f6rv\u00e9nysz\u00e9k bels\u0151 udvar\u00e1n a b\u00edr\u00f3s\u00e1g biztons\u00e1gi szolg\u00e1lata is seg\u00edtett a felkutat\u00e1sban, kuty\u00e1val kerest\u00e9k a sz\u00f6k\u00f6tt v\u00e1dlottat, akit a helysz\u00ednen nem tal\u00e1ltak meg.<\/p>\n<p class=\"Standard\" style=\"text-align: justify; text-justify: inter-ideograph;\">Az eset kapcs\u00e1n a b\u00edr\u00f3s\u00e1g biztons\u00e1gi szolg\u00e1lata nem mulasztott, a t\u00e1rgyal\u00f3teremben a v\u00e1dlott a nevel\u0151tiszt fel\u00fcgyelete alatt \u00e1llt.<\/p>\n<p class=\"Standard\" style=\"text-align: justify; text-justify: inter-ideograph;\">A sz\u00f6k\u00e9st k\u00f6vet\u0151 f\u00e9l \u00f3r\u00e1n bel\u00fcl a t\u00f6rv\u00e9nysz\u00e9khez k\u00f6zel, mintegy 150 m\u00e9terre a Bartakovics utc\u00e1ban elfogt\u00e1k a v\u00e1dlottat \u00e9s orvosi vizsg\u00e1latra sz\u00e1ll\u00edtott\u00e1k.<\/p>\n\n<div class=\"youtube-embed ye-container\" itemprop=\"video\" itemscope itemtype=\"https:\/\/schema.org\/VideoObject\">\n\t<meta itemprop=\"url\" content=\"https:\/\/www.youtube.com\/v\/MTQo0N1hCiY\" \/>\n\t<meta itemprop=\"name\" content=\"A t\u00e1rgyal\u00e1sr\u00f3l ugrott ki az ablakon &#8211; \u00e9pp ott j\u00e1rtunk\" \/>\n\t<meta itemprop=\"description\" content=\"A t\u00e1rgyal\u00e1sr\u00f3l ugrott ki az ablakon &#8211; \u00e9pp ott j\u00e1rtunk\" \/>\n\t<meta itemprop=\"uploadDate\" content=\"2017-06-13T12:52:36+00:00\" \/>\n\t<meta itemprop=\"thumbnailUrl\" content=\"https:\/\/i.ytimg.com\/vi\/MTQo0N1hCiY\/default.jpg\" \/>\n\t<meta itemprop=\"embedUrl\" content=\"https:\/\/www.youtube.com\/embed\/MTQo0N1hCiY\" \/>\n\t<meta itemprop=\"height\" content=\"1080\" \/>\n\t<meta itemprop=\"width\" content=\"1920\" \/>\n\t<iframe loading=\"lazy\" style=\"border: 0;\" class=\"youtube-player\" width=\"1920\" height=\"1080\" src=\"https:\/\/www.youtube.com\/embed\/MTQo0N1hCiY?modestbranding=1&fs=0&rel=0\"><\/iframe>\n<\/div>\n\n","protected":false},"excerpt":{"rendered":"<p>Az Egri T\u00f6rv\u00e9nysz\u00e9k 2017. j\u00fanius 13. napj\u00e1nak 10 \u00f3r\u00e1j\u00e1ra kit\u0171z\u00f6tt, m\u00e1sodfok\u00fa nyilv\u00e1nos \u00fcl\u00e9se k\u00f6zben az I. r. fiatalkor\u00fa v\u00e1dlott kiugrott a t\u00e1rgyal\u00f3terem ablak\u00e1b\u00f3l \u00e9s elszaladt. A v\u00e1dlottak lop\u00e1s \u00e9s gar\u00e1zdas\u00e1g v\u00e9ts\u00e9ge miatt \u00e1lltak b\u00edr\u00f3s\u00e1g el\u0151tt.<br \/>\nA fiatalkor\u00fa v\u00e1dlott a Debreceni Jav\u00edt\u00f3int\u00e9zetben b\u00fcntet\u00e9s\u00e9t t\u00f6lti, onn\u00e9t sz\u00e1ll\u00edtott\u00e1k a mai \u00fcl\u00e9sre. A v\u00e1dlott az \u00edt\u00e9lethirdet\u00e9sre t\u00f6rt\u00e9nt besz\u00f3l\u00edt\u00e1s\u00e1t k\u00f6vet\u0151en a [&#8230;]<\/p>\n","protected":false},"author":4,"featured_media":0,"comment_status":"open","ping_status":"closed","sticky":false,"template":"","format":"standard","meta":{"footnotes":""},"categories":[5],"tags":[2780,71,2296,1222,2409,2781],"class_list":["post-17714","post","type-post","status-publish","format-standard","hentry","category-kek-hirek","tag-ablak","tag-birosag","tag-itelet","tag-kereses","tag-szokes","tag-vadlott"],"_links":{"self":[{"href":"https:\/\/www.agriatv.hu\/index.php?rest_route=\/wp\/v2\/posts\/17714","targetHints":{"allow":["GET"]}}],"collection":[{"href":"https:\/\/www.agriatv.hu\/index.php?rest_route=\/wp\/v2\/posts"}],"about":[{"href":"https:\/\/www.agriatv.hu\/index.php?rest_route=\/wp\/v2\/types\/post"}],"author":[{"embeddable":true,"href":"https:\/\/www.agriatv.hu\/index.php?rest_route=\/wp\/v2\/users\/4"}],"replies":[{"embeddable":true,"href":"https:\/\/www.agriatv.hu\/index.php?rest_route=%2Fwp%2Fv2%2Fcomments&post=17714"}],"version-history":[{"count":1,"href":"https:\/\/www.agriatv.hu\/index.php?rest_route=\/wp\/v2\/posts\/17714\/revisions"}],"predecessor-version":[{"id":17716,"href":"https:\/\/www.agriatv.hu\/index.php?rest_route=\/wp\/v2\/posts\/17714\/revisions\/17716"}],"wp:attachment":[{"href":"https:\/\/www.agriatv.hu\/index.php?rest_route=%2Fwp%2Fv2%2Fmedia&parent=17714"}],"wp:term":[{"taxonomy":"category","embeddable":true,"href":"https:\/\/www.agriatv.hu\/index.php?rest_route=%2Fwp%2Fv2%2Fcategories&post=17714"},{"taxonomy":"post_tag","embeddable":true,"href":"https:\/\/www.agriatv.hu\/index.php?rest_route=%2Fwp%2Fv2%2Ftags&post=17714"}],"curies":[{"name":"wp","href":"https:\/\/api.w.org\/{rel}","templated":true}]}}