{"id":17723,"date":"2017-06-14T21:55:22","date_gmt":"2017-06-14T21:55:22","guid":{"rendered":"http:\/\/www.agriatv.hu\/?p=17723"},"modified":"2017-06-15T17:59:29","modified_gmt":"2017-06-15T17:59:29","slug":"fiatalok-gyujtottak-fel-egy-kocsit-egerben","status":"publish","type":"post","link":"https:\/\/www.agriatv.hu\/?p=17723","title":{"rendered":"Fiatalok gy\u00fajtottak fel egy kocsit Egerben"},"content":{"rendered":"<p><strong><a href=\"https:\/\/www.agriatv.hu\/wp-content\/uploads\/2017\/06\/f-9.jpg\"><img loading=\"lazy\" decoding=\"async\" class=\"alignleft wp-image-17724\" src=\"https:\/\/www.agriatv.hu\/wp-content\/uploads\/2017\/06\/f-9-300x169.jpg\" alt=\"\" width=\"199\" height=\"112\" srcset=\"https:\/\/www.agriatv.hu\/wp-content\/uploads\/2017\/06\/f-9-300x169.jpg 300w, https:\/\/www.agriatv.hu\/wp-content\/uploads\/2017\/06\/f-9-768x432.jpg 768w, https:\/\/www.agriatv.hu\/wp-content\/uploads\/2017\/06\/f-9-1024x576.jpg 1024w, https:\/\/www.agriatv.hu\/wp-content\/uploads\/2017\/06\/f-9.jpg 1920w\" sizes=\"auto, (max-width: 199px) 100vw, 199px\" \/><\/a>H\u00e1rom fiatalkor\u00fa gy\u00fajtotta fel a kocsit.<\/strong><\/p>\n<p>Szerda k\u00e9s\u0151 este riasztott\u00e1k a az egri t\u0171zolt\u00f3kat a Fogl\u00e1r utc\u00e1ba, ahol egy l\u00e1ngokban \u00e1ll\u00f3 kocsit tal\u00e1ltak.<\/p>\n<p>\u00dagy tudjuk, a h\u00e1rom fiatal pap\u00edrk\u00f6tegeket rakott a kocsi al\u00e1,amit azt\u00e1n meggy\u00fajtottak. A kocsi gyorsan l\u00e1ngra kapott, a t\u0171z elhatalmasodott az 5 emeletes h\u00e1z t\u00f6v\u00e9ben \u00e1ll\u00f3 j\u00e1rm\u0171v\u00f6n. Szerencs\u00e9re a h\u00e1z fel\u00e9 nem terjedtek tov\u00e1bb a l\u00e1ngok.<\/p>\n<p>A lak\u00f3k, mik\u00f6zben a t\u0171zolt\u00f3kat \u00e9rtes\u00edtett\u00e9k, 2 porolt\u00f3val megpr\u00f3b\u00e1lt\u00e1k a l\u00e1ngokat megf\u00e9kezni, ez azonban nem siker\u00fclt.<\/p>\n<p>A rend\u0151rs\u00e9g a gy\u00fajtogat\u00e1s helysz\u00edn\u00e9t\u0151l nem messze elfogta a h\u00e1rom fiatalkor\u00fat, \u0151ket az egri rend\u0151rkapit\u00e1nys\u00e1gra sz\u00e1ll\u00edtott\u00e1k.<\/p>\n<p>Az anyagi k\u00e1r jelent\u0151s.<\/p>\n\n<div class=\"youtube-embed ye-container\" itemprop=\"video\" itemscope itemtype=\"https:\/\/schema.org\/VideoObject\">\n\t<meta itemprop=\"url\" content=\"https:\/\/www.youtube.com\/v\/njfQBzAb26U\" \/>\n\t<meta itemprop=\"name\" content=\"Fiatalok gy\u00fajtottak fel egy kocsit Egerben\" \/>\n\t<meta itemprop=\"description\" content=\"Fiatalok gy\u00fajtottak fel egy kocsit Egerben\" \/>\n\t<meta itemprop=\"uploadDate\" content=\"2017-06-14T21:55:22+00:00\" \/>\n\t<meta itemprop=\"thumbnailUrl\" content=\"https:\/\/i.ytimg.com\/vi\/njfQBzAb26U\/default.jpg\" \/>\n\t<meta itemprop=\"embedUrl\" content=\"https:\/\/www.youtube.com\/embed\/njfQBzAb26U\" \/>\n\t<meta itemprop=\"height\" content=\"1080\" \/>\n\t<meta itemprop=\"width\" content=\"1920\" \/>\n\t<iframe loading=\"lazy\" style=\"border: 0;\" class=\"youtube-player\" width=\"1920\" height=\"1080\" src=\"https:\/\/www.youtube.com\/embed\/njfQBzAb26U?modestbranding=1&fs=0&rel=0\"><\/iframe>\n<\/div>\n\n<p>https:\/\/tenyek.hu\/auto\/237983_diakok-gyujtottak-fel-az-autot.html<\/p>\n<blockquote class=\"embedly-card\" data-card-controls=\"1\" data-card-align=\"center\" data-card-theme=\"light\" data-card-key=\"bbb82e0305934450ba516e363ef455a7\">\n<h4><a href=\"http:\/\/rtl.hu\/rtlklub\/hirek\/fiatalok-gyujtottak-fel-egy-kocsit-egerben\">RTL.hu<\/a><\/h4>\n<p>No Description<\/p>\n<\/blockquote>\n<p><script async src=\"\/\/cdn.embedly.com\/widgets\/platform.js\" charset=\"UTF-8\"><\/script><\/p>\n","protected":false},"excerpt":{"rendered":"<p>H\u00e1rom fiatalkor\u00fa gy\u00fajtotta fel a kocsit.<br \/>\nSzerda k\u00e9s\u0151 este riasztott\u00e1k a az egri t\u0171zolt\u00f3kat a Fogl\u00e1r utc\u00e1ba, ahol egy l\u00e1ngokban \u00e1ll\u00f3 kocsit tal\u00e1ltak.<br \/>\n\u00dagy tudjuk, a h\u00e1rom fiatal pap\u00edrk\u00f6tegeket rakott a kocsi al\u00e1,amit azt\u00e1n meggy\u00fajtottak. A kocsi gyorsan l\u00e1ngra kapott, a t\u0171z elhatalmasodott az 5 emeletes h\u00e1z t\u00f6v\u00e9ben \u00e1ll\u00f3 j\u00e1rm\u0171v\u00f6n. Szerencs\u00e9re a h\u00e1z fel\u00e9 nem terjedtek tov\u00e1bb [&#8230;]<\/p>\n","protected":false},"author":4,"featured_media":0,"comment_status":"open","ping_status":"closed","sticky":false,"template":"","format":"standard","meta":{"footnotes":""},"categories":[5],"tags":[1440,36,1673,2285,1214,484],"class_list":["post-17723","post","type-post","status-publish","format-standard","hentry","category-kek-hirek","tag-belvaros","tag-eger","tag-fiatalkoru","tag-gyujtogatas","tag-kocsi","tag-tuz"],"_links":{"self":[{"href":"https:\/\/www.agriatv.hu\/index.php?rest_route=\/wp\/v2\/posts\/17723","targetHints":{"allow":["GET"]}}],"collection":[{"href":"https:\/\/www.agriatv.hu\/index.php?rest_route=\/wp\/v2\/posts"}],"about":[{"href":"https:\/\/www.agriatv.hu\/index.php?rest_route=\/wp\/v2\/types\/post"}],"author":[{"embeddable":true,"href":"https:\/\/www.agriatv.hu\/index.php?rest_route=\/wp\/v2\/users\/4"}],"replies":[{"embeddable":true,"href":"https:\/\/www.agriatv.hu\/index.php?rest_route=%2Fwp%2Fv2%2Fcomments&post=17723"}],"version-history":[{"count":4,"href":"https:\/\/www.agriatv.hu\/index.php?rest_route=\/wp\/v2\/posts\/17723\/revisions"}],"predecessor-version":[{"id":17730,"href":"https:\/\/www.agriatv.hu\/index.php?rest_route=\/wp\/v2\/posts\/17723\/revisions\/17730"}],"wp:attachment":[{"href":"https:\/\/www.agriatv.hu\/index.php?rest_route=%2Fwp%2Fv2%2Fmedia&parent=17723"}],"wp:term":[{"taxonomy":"category","embeddable":true,"href":"https:\/\/www.agriatv.hu\/index.php?rest_route=%2Fwp%2Fv2%2Fcategories&post=17723"},{"taxonomy":"post_tag","embeddable":true,"href":"https:\/\/www.agriatv.hu\/index.php?rest_route=%2Fwp%2Fv2%2Ftags&post=17723"}],"curies":[{"name":"wp","href":"https:\/\/api.w.org\/{rel}","templated":true}]}}