{"id":17916,"date":"2017-07-21T17:24:32","date_gmt":"2017-07-21T17:24:32","guid":{"rendered":"http:\/\/www.agriatv.hu\/?p=17916"},"modified":"2017-07-21T17:24:32","modified_gmt":"2017-07-21T17:24:32","slug":"szomszedhaboru-az-allatok-miatt","status":"publish","type":"post","link":"https:\/\/www.agriatv.hu\/?p=17916","title":{"rendered":"Szomsz\u00e9dh\u00e1bor\u00fa az \u00e1llatok miatt"},"content":{"rendered":"<p style=\"text-align: justify;\"><a href=\"https:\/\/www.agriatv.hu\/wp-content\/uploads\/2017\/07\/554215.325x183.jpg\"><img loading=\"lazy\" decoding=\"async\" class=\"alignleft wp-image-17917\" src=\"https:\/\/www.agriatv.hu\/wp-content\/uploads\/2017\/07\/554215.325x183-300x169.jpg\" alt=\"\" width=\"192\" height=\"108\" srcset=\"https:\/\/www.agriatv.hu\/wp-content\/uploads\/2017\/07\/554215.325x183-300x169.jpg 300w, https:\/\/www.agriatv.hu\/wp-content\/uploads\/2017\/07\/554215.325x183.jpg 325w\" sizes=\"auto, (max-width: 192px) 100vw, 192px\" \/><\/a>\u00c9tlen, szomjan, embertelen k\u00f6r\u00fclm\u00e9nyek k\u00f6z\u00f6tt tartja \u00e1llatait egy id\u0151s f\u00e9rfi Egerben \u2013 legal\u00e1bbis ezt \u00e1ll\u00edtj\u00e1k a kertszomsz\u00e9dai, akiknek az \u00e9hes tehenek m\u00e9g a vetem\u00e9nyes\u00fcket is rendszeresen lelegelik. A gazda szerint azonban n\u00e1la minden rendben van.<\/p>\n<p><iframe loading=\"lazy\" src=\"\/\/tenyek.hu\/neoplayer\/tv2\/embed\/240051_szomszedhaboru-az-allatok-miatt.html\" width=\"640\" height=\"360\" frameborder=\"0\" scrolling=\"no\" allowfullscreen=\"allowfullscreen\"><\/iframe><\/p>\n","protected":false},"excerpt":{"rendered":"<p>\u00c9tlen, szomjan, embertelen k\u00f6r\u00fclm\u00e9nyek k\u00f6z\u00f6tt tartja \u00e1llatait egy id\u0151s f\u00e9rfi Egerben \u2013 legal\u00e1bbis ezt \u00e1ll\u00edtj\u00e1k a kertszomsz\u00e9dai, akiknek az \u00e9hes tehenek m\u00e9g a vetem\u00e9nyes\u00fcket is rendszeresen lelegelik. A gazda szerint azonban n\u00e1la minden rendben van.<\/p>\n","protected":false},"author":4,"featured_media":0,"comment_status":"open","ping_status":"closed","sticky":false,"template":"","format":"standard","meta":{"footnotes":""},"categories":[6],"tags":[1697,2826,36,2492,1813,832,2825,1389],"class_list":["post-17916","post","type-post","status-publish","format-standard","hentry","category-belfold","tag-allat","tag-berva","tag-eger","tag-elelem","tag-gazda","tag-kutya","tag-lanc","tag-viz"],"_links":{"self":[{"href":"https:\/\/www.agriatv.hu\/index.php?rest_route=\/wp\/v2\/posts\/17916","targetHints":{"allow":["GET"]}}],"collection":[{"href":"https:\/\/www.agriatv.hu\/index.php?rest_route=\/wp\/v2\/posts"}],"about":[{"href":"https:\/\/www.agriatv.hu\/index.php?rest_route=\/wp\/v2\/types\/post"}],"author":[{"embeddable":true,"href":"https:\/\/www.agriatv.hu\/index.php?rest_route=\/wp\/v2\/users\/4"}],"replies":[{"embeddable":true,"href":"https:\/\/www.agriatv.hu\/index.php?rest_route=%2Fwp%2Fv2%2Fcomments&post=17916"}],"version-history":[{"count":1,"href":"https:\/\/www.agriatv.hu\/index.php?rest_route=\/wp\/v2\/posts\/17916\/revisions"}],"predecessor-version":[{"id":17918,"href":"https:\/\/www.agriatv.hu\/index.php?rest_route=\/wp\/v2\/posts\/17916\/revisions\/17918"}],"wp:attachment":[{"href":"https:\/\/www.agriatv.hu\/index.php?rest_route=%2Fwp%2Fv2%2Fmedia&parent=17916"}],"wp:term":[{"taxonomy":"category","embeddable":true,"href":"https:\/\/www.agriatv.hu\/index.php?rest_route=%2Fwp%2Fv2%2Fcategories&post=17916"},{"taxonomy":"post_tag","embeddable":true,"href":"https:\/\/www.agriatv.hu\/index.php?rest_route=%2Fwp%2Fv2%2Ftags&post=17916"}],"curies":[{"name":"wp","href":"https:\/\/api.w.org\/{rel}","templated":true}]}}