{"id":17991,"date":"2017-08-09T18:50:54","date_gmt":"2017-08-09T18:50:54","guid":{"rendered":"http:\/\/www.agriatv.hu\/?p=17991"},"modified":"2017-08-09T18:50:54","modified_gmt":"2017-08-09T18:50:54","slug":"autojaban-fulladt-meg","status":"publish","type":"post","link":"https:\/\/www.agriatv.hu\/?p=17991","title":{"rendered":"Aut\u00f3j\u00e1ban fulladt meg"},"content":{"rendered":"<p style=\"text-align: justify;\"><a href=\"https:\/\/www.agriatv.hu\/wp-content\/uploads\/2017\/08\/556172.325x183.jpg\"><img loading=\"lazy\" decoding=\"async\" class=\"alignleft wp-image-17992\" src=\"https:\/\/www.agriatv.hu\/wp-content\/uploads\/2017\/08\/556172.325x183-300x169.jpg\" alt=\"\" width=\"208\" height=\"117\" srcset=\"https:\/\/www.agriatv.hu\/wp-content\/uploads\/2017\/08\/556172.325x183-300x169.jpg 300w, https:\/\/www.agriatv.hu\/wp-content\/uploads\/2017\/08\/556172.325x183.jpg 325w\" sizes=\"auto, (max-width: 208px) 100vw, 208px\" \/><\/a>Egy b\u00e1nyat\u00f3ba hajtott egy 85 \u00e9ves f\u00e9rfi Verpel\u00e9ten. A mez\u0151\u0151r h\u00fazta ki az \u00e1ldozatot az elmer\u00fclt aut\u00f3b\u00f3l. Azt mondta a T\u00e9nyeknek, hogy egyb\u0151l elkezdte \u00fajra\u00e9leszteni, de m\u00e1r nem tudta visszahozni. Hogy mi lehet a baleset oka?! Egyel\u0151re k\u00e9rd\u00e9ses&#8230;<\/p>\n<p><iframe loading=\"lazy\" src=\"\/\/tenyek.hu\/neoplayer\/tv2\/embed\/241098_autojaban-fulladt-meg.html\" width=\"640\" height=\"360\" frameborder=\"0\" scrolling=\"no\" allowfullscreen=\"allowfullscreen\"><\/iframe><\/p>\n","protected":false},"excerpt":{"rendered":"<p>Egy b\u00e1nyat\u00f3ba hajtott egy 85 \u00e9ves f\u00e9rfi Verpel\u00e9ten. A mez\u0151\u0151r h\u00fazta ki az \u00e1ldozatot az elmer\u00fclt aut\u00f3b\u00f3l. Azt mondta a T\u00e9nyeknek, hogy egyb\u0151l elkezdte \u00fajra\u00e9leszteni, de m\u00e1r nem tudta visszahozni. Hogy mi lehet a baleset oka?! Egyel\u0151re k\u00e9rd\u00e9ses&#8230;<\/p>\n","protected":false},"author":4,"featured_media":0,"comment_status":"open","ping_status":"closed","sticky":false,"template":"","format":"standard","meta":{"footnotes":""},"categories":[5],"tags":[1085,2845,771,781,1236],"class_list":["post-17991","post","type-post","status-publish","format-standard","hentry","category-kek-hirek","tag-auto","tag-banyato","tag-halal","tag-verpelet","tag-vezeto"],"_links":{"self":[{"href":"https:\/\/www.agriatv.hu\/index.php?rest_route=\/wp\/v2\/posts\/17991","targetHints":{"allow":["GET"]}}],"collection":[{"href":"https:\/\/www.agriatv.hu\/index.php?rest_route=\/wp\/v2\/posts"}],"about":[{"href":"https:\/\/www.agriatv.hu\/index.php?rest_route=\/wp\/v2\/types\/post"}],"author":[{"embeddable":true,"href":"https:\/\/www.agriatv.hu\/index.php?rest_route=\/wp\/v2\/users\/4"}],"replies":[{"embeddable":true,"href":"https:\/\/www.agriatv.hu\/index.php?rest_route=%2Fwp%2Fv2%2Fcomments&post=17991"}],"version-history":[{"count":1,"href":"https:\/\/www.agriatv.hu\/index.php?rest_route=\/wp\/v2\/posts\/17991\/revisions"}],"predecessor-version":[{"id":17993,"href":"https:\/\/www.agriatv.hu\/index.php?rest_route=\/wp\/v2\/posts\/17991\/revisions\/17993"}],"wp:attachment":[{"href":"https:\/\/www.agriatv.hu\/index.php?rest_route=%2Fwp%2Fv2%2Fmedia&parent=17991"}],"wp:term":[{"taxonomy":"category","embeddable":true,"href":"https:\/\/www.agriatv.hu\/index.php?rest_route=%2Fwp%2Fv2%2Fcategories&post=17991"},{"taxonomy":"post_tag","embeddable":true,"href":"https:\/\/www.agriatv.hu\/index.php?rest_route=%2Fwp%2Fv2%2Ftags&post=17991"}],"curies":[{"name":"wp","href":"https:\/\/api.w.org\/{rel}","templated":true}]}}