{"id":18010,"date":"2017-08-12T17:23:59","date_gmt":"2017-08-12T17:23:59","guid":{"rendered":"http:\/\/www.agriatv.hu\/?p=18010"},"modified":"2017-08-12T17:23:59","modified_gmt":"2017-08-12T17:23:59","slug":"darazsak-leptek-el-az-orszagot-rengetegen-kernek-segitseget","status":"publish","type":"post","link":"https:\/\/www.agriatv.hu\/?p=18010","title":{"rendered":"Darazsak lept\u00e9k el az orsz\u00e1got, rengetegen k\u00e9rnek seg\u00edts\u00e9get"},"content":{"rendered":"<p style=\"text-align: justify;\"><a href=\"https:\/\/www.agriatv.hu\/wp-content\/uploads\/2017\/08\/a2000.jpg\"><img loading=\"lazy\" decoding=\"async\" class=\"alignleft size-full wp-image-18011\" src=\"https:\/\/www.agriatv.hu\/wp-content\/uploads\/2017\/08\/a2000.jpg\" alt=\"\" width=\"297\" height=\"164\" \/><\/a>Rengeteg a dar\u00e1zs, az irt\u00f3k orsz\u00e1gszerte folyamatosan kapj\u00e1k a k\u00e9ts\u00e9gbeesett seg\u00e9lyk\u00e9r\u0151 h\u00edv\u00e1sokat. R\u00e1ad\u00e1sul a kertes h\u00e1zak mellett, egyre t\u00f6bbsz\u00f6r kell m\u00e1r panellak\u00e1sokban is \u00edrtani a darazsakat. Dar\u00e1zs- \u00e9s m\u00e9hraj befog\u00e1s miatt, sokan h\u00edvj\u00e1k a katasztr\u00f3fav\u00e9d\u0151ket, pedig ez nem az \u0151 dolguk, \u0151k csak v\u00e9szhelyzet eset\u00e9n tudnak seg\u00edteni.<\/p>\n<blockquote class=\"embedly-card\" data-card-controls=\"1\" data-card-align=\"center\" data-card-theme=\"light\" data-card-key=\"bbb82e0305934450ba516e363ef455a7\">\n<h4><a href=\"http:\/\/www.atv.hu\/videok\/video-20170812-darazsak-leptek-el-az-orszagot-rengetegen-kernek-segitseget\">ATV.hu<\/a><\/h4>\n<p>Az ATV az els\u0151 mag\u00e1ntelev\u00edzi\u00f3 haz\u00e1nkban. A min\u0151s\u00e9gi, sz\u00ednvonalas, magas \u00e9rt\u00e9krend\u0171 m\u0171sorok k\u00e9sz\u00edt\u00e9s\u00e9t \u00e9s sug\u00e1rz\u00e1s\u00e1t c\u00e9lul kit\u0171z\u0151 kereskedelmi csatorna.<\/p>\n<\/blockquote>\n<p><script async src=\"\/\/cdn.embedly.com\/widgets\/platform.js\" charset=\"UTF-8\"><\/script><\/p>\n","protected":false},"excerpt":{"rendered":"<p>Rengeteg a dar\u00e1zs, az irt\u00f3k orsz\u00e1gszerte folyamatosan kapj\u00e1k a k\u00e9ts\u00e9gbeesett seg\u00e9lyk\u00e9r\u0151 h\u00edv\u00e1sokat. R\u00e1ad\u00e1sul a kertes h\u00e1zak mellett, egyre t\u00f6bbsz\u00f6r kell m\u00e1r panellak\u00e1sokban is \u00edrtani a darazsakat. Dar\u00e1zs- \u00e9s m\u00e9hraj befog\u00e1s miatt, sokan h\u00edvj\u00e1k a katasztr\u00f3fav\u00e9d\u0151ket, pedig ez nem az \u0151 dolguk, \u0151k csak v\u00e9szhelyzet eset\u00e9n tudnak seg\u00edteni.<\/p>\n<p>ATV.hu<br \/>\nAz ATV az els\u0151 mag\u00e1ntelev\u00edzi\u00f3 haz\u00e1nkban. A min\u0151s\u00e9gi, sz\u00ednvonalas, [&#8230;]<\/p>\n","protected":false},"author":4,"featured_media":0,"comment_status":"open","ping_status":"closed","sticky":false,"template":"","format":"standard","meta":{"footnotes":""},"categories":[6,19],"tags":[2852,2227,1809,1728,2851],"class_list":["post-18010","post","type-post","status-publish","format-standard","hentry","category-belfold","category-egeszseg","tag-allergia","tag-csipes","tag-darazs","tag-mereg","tag-szakember"],"_links":{"self":[{"href":"https:\/\/www.agriatv.hu\/index.php?rest_route=\/wp\/v2\/posts\/18010","targetHints":{"allow":["GET"]}}],"collection":[{"href":"https:\/\/www.agriatv.hu\/index.php?rest_route=\/wp\/v2\/posts"}],"about":[{"href":"https:\/\/www.agriatv.hu\/index.php?rest_route=\/wp\/v2\/types\/post"}],"author":[{"embeddable":true,"href":"https:\/\/www.agriatv.hu\/index.php?rest_route=\/wp\/v2\/users\/4"}],"replies":[{"embeddable":true,"href":"https:\/\/www.agriatv.hu\/index.php?rest_route=%2Fwp%2Fv2%2Fcomments&post=18010"}],"version-history":[{"count":1,"href":"https:\/\/www.agriatv.hu\/index.php?rest_route=\/wp\/v2\/posts\/18010\/revisions"}],"predecessor-version":[{"id":18012,"href":"https:\/\/www.agriatv.hu\/index.php?rest_route=\/wp\/v2\/posts\/18010\/revisions\/18012"}],"wp:attachment":[{"href":"https:\/\/www.agriatv.hu\/index.php?rest_route=%2Fwp%2Fv2%2Fmedia&parent=18010"}],"wp:term":[{"taxonomy":"category","embeddable":true,"href":"https:\/\/www.agriatv.hu\/index.php?rest_route=%2Fwp%2Fv2%2Fcategories&post=18010"},{"taxonomy":"post_tag","embeddable":true,"href":"https:\/\/www.agriatv.hu\/index.php?rest_route=%2Fwp%2Fv2%2Ftags&post=18010"}],"curies":[{"name":"wp","href":"https:\/\/api.w.org\/{rel}","templated":true}]}}