{"id":18030,"date":"2017-08-15T13:32:08","date_gmt":"2017-08-15T13:32:08","guid":{"rendered":"http:\/\/www.agriatv.hu\/?p=18030"},"modified":"2017-08-15T13:32:25","modified_gmt":"2017-08-15T13:32:25","slug":"nem-tudjak-mibol-temettetik-el-gyermekuket-a-patakba-fulladt-kislany-szulei","status":"publish","type":"post","link":"https:\/\/www.agriatv.hu\/?p=18030","title":{"rendered":"Nem tudj\u00e1k, mib\u0151l temettetik el gyermek\u00fcket a patakba fulladt kisl\u00e1ny sz\u00fclei"},"content":{"rendered":"<p style=\"text-align: justify;\"><a href=\"https:\/\/www.agriatv.hu\/wp-content\/uploads\/2017\/08\/556803.325x183.jpg\"><img loading=\"lazy\" decoding=\"async\" class=\"alignleft wp-image-18031\" src=\"https:\/\/www.agriatv.hu\/wp-content\/uploads\/2017\/08\/556803.325x183-300x169.jpg\" alt=\"\" width=\"192\" height=\"108\" srcset=\"https:\/\/www.agriatv.hu\/wp-content\/uploads\/2017\/08\/556803.325x183-300x169.jpg 300w, https:\/\/www.agriatv.hu\/wp-content\/uploads\/2017\/08\/556803.325x183.jpg 325w\" sizes=\"auto, (max-width: 192px) 100vw, 192px\" \/><\/a>Egy 4 \u00e9ves kisl\u00e1ny fulladt bele a h\u00e1zuk m\u00f6g\u00f6tti patakba Kerecsenden. A trag\u00e9di\u00e1t tet\u00e9zi, hogy a sz\u00fcl\u00f6k egy \u00e9vvel ezel\u0151tt vesztett\u00e9k el nagyobbik l\u00e1nyukat, akit a vonat g\u00e1zolt el. A kisl\u00e1ny \u00e9desapja k\u00f6nnyeivel k\u00fczdve besz\u00e9lt a Mokk\u00e1ban arr\u00f3l, hogy minden este virraszt\u00e1st tartanak a kis Patr\u00edci\u00e1\u00e9rt, akire keresztanyja tal\u00e1lt r\u00e1 a patakban. Sz\u00fcl\u00f6k minden seg\u00edts\u00e9get megk\u00f6sz\u00f6nnek, hiszen egyel\u0151re nem tudj\u00e1k, hogy mib\u0151l temetik majd el gyermek\u00fcket, mivel nincsen tartal\u00e9kuk.<\/p>\n<p><iframe loading=\"lazy\" src=\"\/\/tv2.hu\/neoplayer\/tv2\/embed\/241418_nem-tudjak-mibol-temettetik-el-gyermekuket-a-patakba-fulladt-kislany-szulei.html\" width=\"640\" height=\"360\" frameborder=\"0\" scrolling=\"no\" allowfullscreen=\"allowfullscreen\"><\/iframe><\/p>\n","protected":false},"excerpt":{"rendered":"<p>Egy 4 \u00e9ves kisl\u00e1ny fulladt bele a h\u00e1zuk m\u00f6g\u00f6tti patakba Kerecsenden. A trag\u00e9di\u00e1t tet\u00e9zi, hogy a sz\u00fcl\u00f6k egy \u00e9vvel ezel\u0151tt vesztett\u00e9k el nagyobbik l\u00e1nyukat, akit a vonat g\u00e1zolt el. A kisl\u00e1ny \u00e9desapja k\u00f6nnyeivel k\u00fczdve besz\u00e9lt a Mokk\u00e1ban arr\u00f3l, hogy minden este virraszt\u00e1st tartanak a kis Patr\u00edci\u00e1\u00e9rt, akire keresztanyja tal\u00e1lt r\u00e1 a patakban. Sz\u00fcl\u00f6k minden seg\u00edts\u00e9get [&#8230;]<\/p>\n","protected":false},"author":4,"featured_media":0,"comment_status":"open","ping_status":"closed","sticky":false,"template":"","format":"standard","meta":{"footnotes":""},"categories":[6,5],"tags":[2853,771,59,1597,2854],"class_list":["post-18030","post","type-post","status-publish","format-standard","hentry","category-belfold","category-kek-hirek","tag-gyermel","tag-halal","tag-kerecsend","tag-patak","tag-temetes"],"_links":{"self":[{"href":"https:\/\/www.agriatv.hu\/index.php?rest_route=\/wp\/v2\/posts\/18030","targetHints":{"allow":["GET"]}}],"collection":[{"href":"https:\/\/www.agriatv.hu\/index.php?rest_route=\/wp\/v2\/posts"}],"about":[{"href":"https:\/\/www.agriatv.hu\/index.php?rest_route=\/wp\/v2\/types\/post"}],"author":[{"embeddable":true,"href":"https:\/\/www.agriatv.hu\/index.php?rest_route=\/wp\/v2\/users\/4"}],"replies":[{"embeddable":true,"href":"https:\/\/www.agriatv.hu\/index.php?rest_route=%2Fwp%2Fv2%2Fcomments&post=18030"}],"version-history":[{"count":1,"href":"https:\/\/www.agriatv.hu\/index.php?rest_route=\/wp\/v2\/posts\/18030\/revisions"}],"predecessor-version":[{"id":18032,"href":"https:\/\/www.agriatv.hu\/index.php?rest_route=\/wp\/v2\/posts\/18030\/revisions\/18032"}],"wp:attachment":[{"href":"https:\/\/www.agriatv.hu\/index.php?rest_route=%2Fwp%2Fv2%2Fmedia&parent=18030"}],"wp:term":[{"taxonomy":"category","embeddable":true,"href":"https:\/\/www.agriatv.hu\/index.php?rest_route=%2Fwp%2Fv2%2Fcategories&post=18030"},{"taxonomy":"post_tag","embeddable":true,"href":"https:\/\/www.agriatv.hu\/index.php?rest_route=%2Fwp%2Fv2%2Ftags&post=18030"}],"curies":[{"name":"wp","href":"https:\/\/api.w.org\/{rel}","templated":true}]}}